{"id":57218,"date":"2025-05-27T09:17:13","date_gmt":"2025-05-27T09:17:13","guid":{"rendered":"https:\/\/dekkbi.com\/?p=57218"},"modified":"2025-05-27T09:17:14","modified_gmt":"2025-05-27T09:17:14","slug":"lancement-dune-etude-diagnostique-des-besoins-en-competences-et-metiers-durables","status":"publish","type":"post","link":"https:\/\/dekkbi.com\/?p=57218","title":{"rendered":"Lancement d\u2019une \u00e9tude diagnostique des besoins en comp\u00e9tences et m\u00e9tiers durables"},"content":{"rendered":"\n<p>Diamniadio,  (APS) &#8211; Le ministre de la Formation professionnelle, de l\u2019Apprentissage et de l\u2019Insertion, Amadou Moustapha Ndieck Sarre, a lanc\u00e9, lundi, \u00e0 Diamniadio, l\u2019\u00e9tude diagnostique des besoins en \u00a0m\u00e9tiers et comp\u00e9tences durables dans les huit p\u00f4les territoires pour l\u2019employabilit\u00e9 des jeunes et des femmes \u00e0 l\u2019horizon 2035.<\/p>\n\n\n\n<p>Cette \u00e9tude, a t-il expliqu\u00e9, permettra de \u201dcartographier les emplois \u00e9mergents dans des fili\u00e8res aussi diversifi\u00e9es que l\u2019agroalimentaire, la logistique, le tourisme ou encore les \u00e9nergies renouvelables, d\u2019adapter nos offres de formation pour coller aux r\u00e9alit\u00e9s des entreprises aux exigences des fili\u00e8res prioritaires, d\u2019anticiper les mutations \u00e9cologiques afin de pr\u00e9parer nos jeunes aux m\u00e9tiers de l\u2019avenir\u201d.<\/p>\n\n\n\n<p>\u201dNotre gouvernement a fait des agropoles et des p\u00f4les territoriaux de d\u00e9veloppement des leviers essentiels pour cr\u00e9er des emplois d\u00e9cents, notamment pour les jeunes et les femmes en milieu rural, valoriser nos produits locaux gr\u00e2ce \u00e0 une transformation agro-industrielle performante, r\u00e9duire l\u2019investissement international en dynamisant chaque territoire selon ses sp\u00e9cificit\u00e9s\u201d, a t-il relev\u00e9.<\/p>\n\n\n\n<p>C\u2019est pourquoi, selon lui, il est imp\u00e9ratif de faire cette \u00e9tude port\u00e9e par l\u2019Office national de formation professionnelle (ONFP) et l\u2018Ecole sup\u00e9rieure d\u2019\u00e9conomie appliqu\u00e9e (ESEA) pour r\u00e9pondre \u00e0 la question des besoins pour chaque p\u00f4le territoire.<\/p>\n\n\n\n<p>Une strat\u00e9gie \u201dambitieuse\u201d, qui, a t-il soulign\u00e9, vise \u00e0 b\u00e2tir une \u201d\u00e9conomie comp\u00e9titive, inclusive et r\u00e9siliente en s\u2019appuyant sur nos richesses territoriales et notre capital humain\u201d.<\/p>\n\n\n\n<p>Moustapha Ndieck Sarre a salu\u00e9 \u201dla m\u00e9thodologie rigoureuse\u201d propos\u00e9e par l\u2019ONFP et l\u2019ESEA qui associent les enqu\u00eates de terrain dans les p\u00f4les, les consultations des acteurs locaux, une analyse scientifique.<\/p>\n\n\n\n<p>Cette approche participative garantira que les r\u00e9sultats, refl\u00e8tent les v\u00e9ritables besoins des territoires et des populations, a-t-il fait valoir.<\/p>\n\n\n\n<p>\u201dCette \u00e9tude n\u2019est pas qu\u2019un simple diagnostic, elle est un marqueur pour nos politiques publiques, notamment dans la modernisation des centres de formation professionnelle, l\u2019orientation des investissements publics et priv\u00e9s, la cr\u00e9ation de partenariats innovants entre le monde \u00e9ducatif et le secteur productif\u201d, a t-il soulign\u00e9.<\/p>\n\n\n\n<p>Il a invit\u00e9 tous les acteurs concern\u00e9s \u00e0 s\u2019impliquer activement dans cette d\u00e9marche.<\/p>\n\n\n\n<p>ADL\/OID\/SBS<\/p>\n","protected":false},"excerpt":{"rendered":"<p>Diamniadio, (APS) &#8211; Le ministre de la Formation professionnelle, de l\u2019Apprentissage et de l\u2019Insertion, Amadou Moustapha Ndieck Sarre, a lanc\u00e9,<\/p>\n","protected":false},"author":1,"featured_media":57219,"comment_status":"open","ping_status":"open","sticky":false,"template":"","format":"standard","meta":{"footnotes":""},"categories":[3],"tags":[],"class_list":["post-57218","post","type-post","status-publish","format-standard","has-post-thumbnail","hentry","category-event-more-news"],"_links":{"self":[{"href":"https:\/\/dekkbi.com\/index.php?rest_route=\/wp\/v2\/posts\/57218","targetHints":{"allow":["GET"]}}],"collection":[{"href":"https:\/\/dekkbi.com\/index.php?rest_route=\/wp\/v2\/posts"}],"about":[{"href":"https:\/\/dekkbi.com\/index.php?rest_route=\/wp\/v2\/types\/post"}],"author":[{"embeddable":true,"href":"https:\/\/dekkbi.com\/index.php?rest_route=\/wp\/v2\/users\/1"}],"replies":[{"embeddable":true,"href":"https:\/\/dekkbi.com\/index.php?rest_route=%2Fwp%2Fv2%2Fcomments&post=57218"}],"version-history":[{"count":1,"href":"https:\/\/dekkbi.com\/index.php?rest_route=\/wp\/v2\/posts\/57218\/revisions"}],"predecessor-version":[{"id":57220,"href":"https:\/\/dekkbi.com\/index.php?rest_route=\/wp\/v2\/posts\/57218\/revisions\/57220"}],"wp:featuredmedia":[{"embeddable":true,"href":"https:\/\/dekkbi.com\/index.php?rest_route=\/wp\/v2\/media\/57219"}],"wp:attachment":[{"href":"https:\/\/dekkbi.com\/index.php?rest_route=%2Fwp%2Fv2%2Fmedia&parent=57218"}],"wp:term":[{"taxonomy":"category","embeddable":true,"href":"https:\/\/dekkbi.com\/index.php?rest_route=%2Fwp%2Fv2%2Fcategories&post=57218"},{"taxonomy":"post_tag","embeddable":true,"href":"https:\/\/dekkbi.com\/index.php?rest_route=%2Fwp%2Fv2%2Ftags&post=57218"}],"curies":[{"name":"wp","href":"https:\/\/api.w.org\/{rel}","templated":true}]}}