{"id":57215,"date":"2025-05-27T09:13:54","date_gmt":"2025-05-27T09:13:54","guid":{"rendered":"https:\/\/dekkbi.com\/?p=57215"},"modified":"2025-05-27T09:13:55","modified_gmt":"2025-05-27T09:13:55","slug":"reforme-educative-orientee-vers-les-series-scientifiques-le-senegal-peaufine-sa-strategie","status":"publish","type":"post","link":"https:\/\/dekkbi.com\/?p=57215","title":{"rendered":"R\u00e9forme \u00e9ducative orient\u00e9e vers les s\u00e9ries scientifiques : le S\u00e9n\u00e9gal peaufine sa strat\u00e9gie"},"content":{"rendered":"\n<p><strong>Face \u00e0 la pr\u00e9dominance des s\u00e9ries litt\u00e9raires au S\u00e9n\u00e9gal, les autorit\u00e9s comptent renverser la tendance en renfor\u00e7ant le capital humain par une r\u00e9forme \u00e9ducative orient\u00e9e vers les fili\u00e8res Sciences, Technologies, Ing\u00e9nierie et Math\u00e9matiques. Pr\u00e9sidant hier, lundi 26 mai, l\u2019atelier national de partage marquant le lancement du Baccalaur\u00e9at 2025, le ministre de l\u2019Enseignement sup\u00e9rieur, de la Recherche et de l\u2019Innovation, Dr Abdourahmane Diouf, a fait savoir que plusieurs mesures doivent \u00eatre engag\u00e9es dans ce cadre.<\/strong><\/p>\n\n\n\n<p>Au S\u00e9n\u00e9gal, les \u00e9l\u00e8ves tournent de plus en plus le dos aux s\u00e9ries scientifiques. Le ministre de l\u2019Enseignement sup\u00e9rieur, de la Recherche et de l\u2019Innovation, Dr Abdourahmane Diouf l\u2019a rappel\u00e9 hier, lundi 26 mai, lors de l\u2019atelier national de partage marquant le lancement du Baccalaur\u00e9at 2025 qui enregistre 166400 candidats. \u00ab&nbsp;La r\u00e9partition par s\u00e9rie montre une pr\u00e9dominance marqu\u00e9e des s\u00e9ries litt\u00e9raires avec 137 046 candidats, contre 26 630 candidats scientifiques. Cette situation refl\u00e8te une croissance de 6 714 candidats dans les s\u00e9ries litt\u00e9raires par rapport \u00e0 2024, contre seulement 125 pour les s\u00e9ries scientifiques. Malgr\u00e9 les ambitions nationales de d\u00e9veloppement, notamment \u00e0 travers le renforcement du capital humain, le poids des profils orient\u00e9s vers les Sciences et Techniques demeure encore insuffisant&nbsp;\u00bb, a d\u00e9clar\u00e9 Dr Abdourahmane Diouf. Selon lui, \u00ab&nbsp;en 2023, les s\u00e9ries scientifiques et techniques repr\u00e9sentaient 16,39 % des effectifs, en 2024, ce chiffre est pass\u00e9 \u00e0 16,62 %, en 2025, il retombe l\u00e9g\u00e8rement \u00e0 16 %&nbsp;\u00bb. Ce qui lui fait dire que \u00ab&nbsp;ces chiffres confirment une attractivit\u00e9 limit\u00e9e des fili\u00e8res STIM (Sciences, Technologies, Ing\u00e9nierie et Math\u00e9matiques), n\u00e9cessitant une action strat\u00e9gique renforc\u00e9e pour inverser cette tendance&nbsp;\u00bb.<\/p>\n\n\n\n<p>En effet, dans son discours, le ministre de l\u2019Enseignement sup\u00e9rieur, de la Recherche et de l\u2019Innovation a soulign\u00e9 que \u00ab&nbsp;le renforcement du capital humain par une r\u00e9forme \u00e9ducative orient\u00e9e vers les STIM est plus qu\u2019une n\u00e9cessit\u00e9 pour un S\u00e9n\u00e9gal Souverain, Juste et Prosp\u00e8re, ancr\u00e9 dans des valeurs fortes&nbsp;\u00bb. Et c\u2019est dans cette dynamique que l\u2019Agenda national de Transformation de l\u2019Enseignement sup\u00e9rieur, de la Recherche et de l\u2019Innovation (ANTESRI) sera bient\u00f4t lanc\u00e9. \u00ab&nbsp;Il se veut inclusif car il impliquera les acteurs du monde universitaire et au-del\u00e0, permettra un alignement et une articulation des priorit\u00e9s de l\u2019Enseignement Sup\u00e9rieur, de la Recherche et de d\u2019Innovation aux 8 P\u00f4les \u00e9conomiques de la nouvelle vision S\u00e9n\u00e9gal 2050&nbsp;\u00bb, a dit Dr Abdourahmane Diouf.<\/p>\n\n\n\n<p>Ainsi, pour op\u00e9rationnaliser cette ambition, le ministre a annonc\u00e9 plusieurs mesures dont la \u00abmise en place d\u2019un syst\u00e8me int\u00e9gr\u00e9 et de qualit\u00e9 d\u2019\u00e9ducation et de formation professionnelle et technique, adapt\u00e9 aux r\u00e9alit\u00e9s nationales et aux besoins du march\u00e9 de l\u2019emploi&nbsp;\u00bb ; \u00ab&nbsp;la r\u00e9orientation progressive des apprenants de l\u2019enseignement g\u00e9n\u00e9ral vers la formation professionnelle et technique, afin d\u2019assurer une meilleure insertion professionnelle et une ad\u00e9quation formation-emploi&nbsp;\u00bb ; la \u00ab&nbsp;r\u00e9forme en profondeur des curricula, avec une articulation renforc\u00e9e entre les diff\u00e9rents cycles d\u2019enseignement et une orientation plus marqu\u00e9e vers les comp\u00e9tences pratiques et technologiques&nbsp;\u00bb. Le ministre a \u00e9galement parl\u00e9 de la \u00ab&nbsp;r\u00e9vision du cadre r\u00e9glementaire, en conditionnant notamment les appuis publics (notamment au secteur priv\u00e9) \u00e0 une adh\u00e9sion effective \u00e0 la politique nationale de priorit\u00e9 aux fili\u00e8res STEM&nbsp;\u00bb ; de la \u00ab&nbsp;rationalisation de l\u2019offre de formation, en lien avec les profils requis pour acc\u00e9der \u00e0 l\u2019enseignement sup\u00e9rieur ou \u00e0 la formation professionnelle post-baccalaur\u00e9at, afin de r\u00e9duire les redondances et d\u2019optimiser l\u2019allocation des ressources&nbsp;\u00bb ; de la \u00ab&nbsp;r\u00e9vision des conditions et modalit\u00e9s d\u2019organisation du Baccalaur\u00e9at conform\u00e9ment aux normes de qualit\u00e9 internationales et en tenant compte de la dynamique communautaire en cours au sein l\u2019espace UEMOA\u00bb et de la \u00abr\u00e9forme du statut juridique de l\u2019Office du Baccalaur\u00e9at en le dotant d\u2019une autonomie administrative et financi\u00e8re&nbsp;\u00bb.<\/p>\n\n\n\n<p><strong>MARIAME DJIGO<\/strong> &#8211; SUDQUOTIDIEN<\/p>\n","protected":false},"excerpt":{"rendered":"<p>Face \u00e0 la pr\u00e9dominance des s\u00e9ries litt\u00e9raires au S\u00e9n\u00e9gal, les autorit\u00e9s comptent renverser la tendance en renfor\u00e7ant le capital humain<\/p>\n","protected":false},"author":1,"featured_media":57216,"comment_status":"open","ping_status":"open","sticky":false,"template":"","format":"standard","meta":{"footnotes":""},"categories":[21],"tags":[],"class_list":["post-57215","post","type-post","status-publish","format-standard","has-post-thumbnail","hentry","category-societe"],"_links":{"self":[{"href":"https:\/\/dekkbi.com\/index.php?rest_route=\/wp\/v2\/posts\/57215","targetHints":{"allow":["GET"]}}],"collection":[{"href":"https:\/\/dekkbi.com\/index.php?rest_route=\/wp\/v2\/posts"}],"about":[{"href":"https:\/\/dekkbi.com\/index.php?rest_route=\/wp\/v2\/types\/post"}],"author":[{"embeddable":true,"href":"https:\/\/dekkbi.com\/index.php?rest_route=\/wp\/v2\/users\/1"}],"replies":[{"embeddable":true,"href":"https:\/\/dekkbi.com\/index.php?rest_route=%2Fwp%2Fv2%2Fcomments&post=57215"}],"version-history":[{"count":1,"href":"https:\/\/dekkbi.com\/index.php?rest_route=\/wp\/v2\/posts\/57215\/revisions"}],"predecessor-version":[{"id":57217,"href":"https:\/\/dekkbi.com\/index.php?rest_route=\/wp\/v2\/posts\/57215\/revisions\/57217"}],"wp:featuredmedia":[{"embeddable":true,"href":"https:\/\/dekkbi.com\/index.php?rest_route=\/wp\/v2\/media\/57216"}],"wp:attachment":[{"href":"https:\/\/dekkbi.com\/index.php?rest_route=%2Fwp%2Fv2%2Fmedia&parent=57215"}],"wp:term":[{"taxonomy":"category","embeddable":true,"href":"https:\/\/dekkbi.com\/index.php?rest_route=%2Fwp%2Fv2%2Fcategories&post=57215"},{"taxonomy":"post_tag","embeddable":true,"href":"https:\/\/dekkbi.com\/index.php?rest_route=%2Fwp%2Fv2%2Ftags&post=57215"}],"curies":[{"name":"wp","href":"https:\/\/api.w.org\/{rel}","templated":true}]}}