{"id":57211,"date":"2025-05-27T09:10:50","date_gmt":"2025-05-27T09:10:50","guid":{"rendered":"https:\/\/dekkbi.com\/?p=57211"},"modified":"2025-05-27T09:10:51","modified_gmt":"2025-05-27T09:10:51","slug":"le-president-faye-redit-son-attachement-aux-liens-historiques-avec-bissau","status":"publish","type":"post","link":"https:\/\/dekkbi.com\/?p=57211","title":{"rendered":"Le pr\u00e9sident Faye redit son attachement aux liens historiques avec Bissau"},"content":{"rendered":"\n<p>Dakar, (APS) \u2013 Le chef de l\u2019Etat s\u00e9n\u00e9galais, Bassirou Diomaye Faye, a r\u00e9affirm\u00e9, lundi, son attachement aux relations historiques d\u2019amiti\u00e9 et de fraternit\u00e9 liant son pays \u00e0 la Guin\u00e9e Bissau.<\/p>\n\n\n\n<p>\u201dJe r\u00e9affirme mon attachement aux relations historiques d\u2019amiti\u00e9 et de fraternit\u00e9 qui unissent le S\u00e9n\u00e9gal et la Guin\u00e9e Bissau\u201d, a-t-il indiqu\u00e9 dans un message partag\u00e9 sur le r\u00e9seau social X.<\/p>\n\n\n\n<p>Le pr\u00e9sident Faye, d\u00e9cor\u00e9 de la m\u00e9daille Amilcar Cabral, la plus haute distinction de la Guin\u00e9e Bissau, peu apr\u00e8s son arriv\u00e9e pour une visite d\u2019Etat de deux jours, a en m\u00eame temps exprim\u00e9 \u00e0 son homologue bissau-guin\u00e9en sa \u2018\u2019profonde gratitude\u2019\u2019.<\/p>\n\n\n\n<p>Le pr\u00e9sident de la R\u00e9publique, Bassirou Diomaye Faye, a eu droit \u00e0 un accueil populaire \u00e0 son arriv\u00e9e, lundi, pour une visite d\u2019Etat in\u00e9dite de deux jours en Guin\u00e9e-Bissau.<\/p>\n\n\n\n<p>A travers une vid\u00e9o et des photos publi\u00e9es sur le compte X de la pr\u00e9sidence s\u00e9n\u00e9galaise, on voit le pr\u00e9sident s\u00e9n\u00e9galais acclam\u00e9 par de nombreuses personnes mass\u00e9es le long de l\u2019avenue menant de l\u2019a\u00e9roport au palais pr\u00e9sidentiel.<\/p>\n\n\n\n<p>&nbsp;Il a, \u00e0 son arriv\u00e9e, re\u00e7u les honneurs militaires et un accueil chaleureux et populaire.<\/p>\n\n\n\n<p>Cette visite d\u2019Etat est destin\u00e9e \u00e0 renforcer la coop\u00e9ration et le bon voisinage entre les deux pays.<\/p>\n\n\n\n<p>Jeudi, \u00e0 l\u2019issue de la r\u00e9union hebdomadaire du gouvernement, le chef de l\u2019Etat bissau-guin\u00e9en a qualifi\u00e9 d\u2019\u201dhistorique\u201d le d\u00e9placement du pr\u00e9sident Faye \u00e0 Bissau en assurant qu\u2019aucun pr\u00e9sident de la R\u00e9publique du S\u00e9n\u00e9gal n\u2019avait jusque-l\u00e0 effectu\u00e9 une visite d\u2019Etat \u00e0 Bissau.<\/p>\n\n\n\n<p>AKS\/OID<\/p>\n","protected":false},"excerpt":{"rendered":"<p>Dakar, (APS) \u2013 Le chef de l\u2019Etat s\u00e9n\u00e9galais, Bassirou Diomaye Faye, a r\u00e9affirm\u00e9, lundi, son attachement aux relations historiques d\u2019amiti\u00e9<\/p>\n","protected":false},"author":1,"featured_media":57212,"comment_status":"open","ping_status":"open","sticky":false,"template":"","format":"standard","meta":{"footnotes":""},"categories":[6],"tags":[],"class_list":["post-57211","post","type-post","status-publish","format-standard","has-post-thumbnail","hentry","category-politics"],"_links":{"self":[{"href":"https:\/\/dekkbi.com\/index.php?rest_route=\/wp\/v2\/posts\/57211","targetHints":{"allow":["GET"]}}],"collection":[{"href":"https:\/\/dekkbi.com\/index.php?rest_route=\/wp\/v2\/posts"}],"about":[{"href":"https:\/\/dekkbi.com\/index.php?rest_route=\/wp\/v2\/types\/post"}],"author":[{"embeddable":true,"href":"https:\/\/dekkbi.com\/index.php?rest_route=\/wp\/v2\/users\/1"}],"replies":[{"embeddable":true,"href":"https:\/\/dekkbi.com\/index.php?rest_route=%2Fwp%2Fv2%2Fcomments&post=57211"}],"version-history":[{"count":1,"href":"https:\/\/dekkbi.com\/index.php?rest_route=\/wp\/v2\/posts\/57211\/revisions"}],"predecessor-version":[{"id":57213,"href":"https:\/\/dekkbi.com\/index.php?rest_route=\/wp\/v2\/posts\/57211\/revisions\/57213"}],"wp:featuredmedia":[{"embeddable":true,"href":"https:\/\/dekkbi.com\/index.php?rest_route=\/wp\/v2\/media\/57212"}],"wp:attachment":[{"href":"https:\/\/dekkbi.com\/index.php?rest_route=%2Fwp%2Fv2%2Fmedia&parent=57211"}],"wp:term":[{"taxonomy":"category","embeddable":true,"href":"https:\/\/dekkbi.com\/index.php?rest_route=%2Fwp%2Fv2%2Fcategories&post=57211"},{"taxonomy":"post_tag","embeddable":true,"href":"https:\/\/dekkbi.com\/index.php?rest_route=%2Fwp%2Fv2%2Ftags&post=57211"}],"curies":[{"name":"wp","href":"https:\/\/api.w.org\/{rel}","templated":true}]}}