{"id":57205,"date":"2025-05-26T16:01:57","date_gmt":"2025-05-26T16:01:57","guid":{"rendered":"https:\/\/dekkbi.com\/?p=57205"},"modified":"2025-05-26T16:02:20","modified_gmt":"2025-05-26T16:02:20","slug":"est-de-la-rdc-dix-millions-de-personnes-souffrent-dinsecurite-alimentaire-aigue-alerte-le-pam","status":"publish","type":"post","link":"https:\/\/dekkbi.com\/?p=57205","title":{"rendered":"Est de la RDC: ins\u00e9curit\u00e9 alimentaire aigue, alerte le PAM"},"content":{"rendered":"\n<p>(RFI) &#8211; En R\u00e9publique d\u00e9mocratique du Congo (RDC), pr\u00e8s \u00ab\u00a0<em>de 28 millions de personnes sont maintenant confront\u00e9es \u00e0 la faim aigu\u00eb<\/em>\u00a0\u00bb, alerte le Programme alimentaire mondial (PAM) qui souligne que, dans l\u2019est de la RDC, \u00ab\u00a0<em>plus de 10 millions de personnes dans les provinces de l&rsquo;Ituri, du Nord-Kivu, du Sud-Kivu et du Tanganyika sont confront\u00e9es \u00e0 une ins\u00e9curit\u00e9 alimentaire aigu\u00eb\u00a0<\/em>\u00bb. D\u00e9tails.<\/p>\n\n\n\n<p>Le Programme alimentaire mondial (PAM) appelle la communaut\u00e9 internationale \u00e0 se mobiliser pour la R\u00e9publique d\u00e9mocratique du Congo (<strong>RDC<\/strong>). Le pays fait face \u00e0 une crise alimentaire sans pr\u00e9c\u00e9dent : pr\u00e8s de 28 millions de personnes y sont en ins\u00e9curit\u00e9 alimentaire aig\u00fce, un chiffre jamais atteint auparavant et qui continue de monter en fl\u00e8che. Rien que ces trois derniers mois,\u00a0 2,5 millions de personnes suppl\u00e9mentaires ont bascul\u00e9 dans la faim, alerte le directeur r\u00e9gional du PAM, \u00c9ric Perdison.<\/p>\n\n\n\n<p>En particulier dans l&rsquo;est du pays, dans les provinces touch\u00e9es par le conflit. Les chiffres y sont alarmants : 10 millions de personnes sont en effet en ins\u00e9curit\u00e9 alimentaire aigu\u00eb, rien que dans les quatre provinces de l&rsquo;est de la RDC \u2013 Nord-Kivu, Sud-Kivu, Ituri et Tanganyika \u2013 et plus de 90% des m\u00e9nages du Nord-Kivu et du Sud-Kivu ne mangent plus \u00e0 leur faim et sont oblig\u00e9s de r\u00e9duire la taille et le nombre de leurs repas, et de se priver des aliments les plus nutritifs.<\/p>\n\n\n\n<h2 class=\"wp-block-heading\">Le PAM a rapidement besoin de 433 millions de dollars US<\/h2>\n\n\n\n<p>Car le conflit a entra\u00een\u00e9 depuis trois mois des d\u00e9placements massifs. Mais il perturbe aussi profond\u00e9ment l&rsquo;agriculture locale. Dans le Nord-Kivu, l&rsquo;un des greniers de la RDC, des milliers d&rsquo;agriculteurs n&rsquo;ont pas pu semer, d&rsquo;autres ont vu leurs r\u00e9coltes d\u00e9truites ou pill\u00e9es. Sans oublier l&rsquo;ins\u00e9curit\u00e9 qui perturbe les routes commerciales, complique le ravitaillement des march\u00e9s, et fait flamber les prix.<\/p>\n\n\n\n<p>En visite \u00e0 Goma la semaine derni\u00e8re, Eric Perdison a d\u00e9crit une v\u00e9ritable course contre la montre pour son organisation : elle a besoin de plus de 400 millions de dollars US pour poursuivre ses op\u00e9rations d&rsquo;urgence jusqu&rsquo;en octobre prochain. Faute de quoi, la moiti\u00e9 des b\u00e9n\u00e9ficiaires actuels pourraient \u00eatre laiss\u00e9s pour compte, affirme le PAM, et des millions de personnes se retrouver sans assistance vitale.<\/p>\n","protected":false},"excerpt":{"rendered":"<p>(RFI) &#8211; En R\u00e9publique d\u00e9mocratique du Congo (RDC), pr\u00e8s \u00ab\u00a0de 28 millions de personnes sont maintenant confront\u00e9es \u00e0 la faim<\/p>\n","protected":false},"author":1,"featured_media":57206,"comment_status":"open","ping_status":"open","sticky":false,"template":"","format":"standard","meta":{"footnotes":""},"categories":[3],"tags":[],"class_list":["post-57205","post","type-post","status-publish","format-standard","has-post-thumbnail","hentry","category-event-more-news"],"_links":{"self":[{"href":"https:\/\/dekkbi.com\/index.php?rest_route=\/wp\/v2\/posts\/57205","targetHints":{"allow":["GET"]}}],"collection":[{"href":"https:\/\/dekkbi.com\/index.php?rest_route=\/wp\/v2\/posts"}],"about":[{"href":"https:\/\/dekkbi.com\/index.php?rest_route=\/wp\/v2\/types\/post"}],"author":[{"embeddable":true,"href":"https:\/\/dekkbi.com\/index.php?rest_route=\/wp\/v2\/users\/1"}],"replies":[{"embeddable":true,"href":"https:\/\/dekkbi.com\/index.php?rest_route=%2Fwp%2Fv2%2Fcomments&post=57205"}],"version-history":[{"count":2,"href":"https:\/\/dekkbi.com\/index.php?rest_route=\/wp\/v2\/posts\/57205\/revisions"}],"predecessor-version":[{"id":57208,"href":"https:\/\/dekkbi.com\/index.php?rest_route=\/wp\/v2\/posts\/57205\/revisions\/57208"}],"wp:featuredmedia":[{"embeddable":true,"href":"https:\/\/dekkbi.com\/index.php?rest_route=\/wp\/v2\/media\/57206"}],"wp:attachment":[{"href":"https:\/\/dekkbi.com\/index.php?rest_route=%2Fwp%2Fv2%2Fmedia&parent=57205"}],"wp:term":[{"taxonomy":"category","embeddable":true,"href":"https:\/\/dekkbi.com\/index.php?rest_route=%2Fwp%2Fv2%2Fcategories&post=57205"},{"taxonomy":"post_tag","embeddable":true,"href":"https:\/\/dekkbi.com\/index.php?rest_route=%2Fwp%2Fv2%2Ftags&post=57205"}],"curies":[{"name":"wp","href":"https:\/\/api.w.org\/{rel}","templated":true}]}}