{"id":57144,"date":"2025-05-26T09:15:38","date_gmt":"2025-05-26T09:15:38","guid":{"rendered":"https:\/\/dekkbi.com\/?p=57144"},"modified":"2025-05-26T09:15:39","modified_gmt":"2025-05-26T09:15:39","slug":"thies-canal-de-nguinth-trois-ans-dattente-une-population-a-bout-face-aux-inondations","status":"publish","type":"post","link":"https:\/\/dekkbi.com\/?p=57144","title":{"rendered":"Thi\u00e8s \u2013 Canal de Nguinth: Trois ans d\u2019attente, une population \u00e0 bout face aux inondations"},"content":{"rendered":"\n<h3 class=\"wp-block-heading\">\u00c0 Thi\u00e8s, les habitants du quartier de Nguinth tirent la sonnette d\u2019alarme face \u00e0 une situation devenue insoutenable. Le canal de drainage cens\u00e9 soulager la zone pendant l\u2019hivernage est aujourd\u2019hui au c\u0153ur d\u2019un profond malaise, en raison de l\u2019interminable retard accus\u00e9 par les travaux d\u2019am\u00e9nagement.<\/h3>\n\n\n\n<p>Lanc\u00e9s il y a trois ans avec un financement int\u00e9gral de la Banque africaine de d\u00e9veloppement (BAD), ces travaux avaient initialement une dur\u00e9e pr\u00e9visionnelle de huit mois. Mais \u00e0 ce jour, le projet reste inachev\u00e9, exposant les riverains \u00e0 des inondations r\u00e9currentes, avec \u00e0 la cl\u00e9 des d\u00e9g\u00e2ts mat\u00e9riels importants, et m\u00eame des pertes en vies humaines.<\/p>\n\n\n\n<p>Selon les habitants, ce retard est imputable \u00e0 un manque de volont\u00e9 manifeste pour finaliser les travaux, malgr\u00e9 les alertes r\u00e9p\u00e9t\u00e9es. Deux ministres \u2014 Cheikh Tidiane Di\u00e8ye, en charge de l\u2019Environnement et de la Transition \u00e9cologique, et Balla Moussa Fofana, ministre de l\u2019Hydraulique et de l\u2019Assainissement \u2014 ont \u00e9t\u00e9 saisis du dossier, mais aucune action concr\u00e8te n\u2019a encore \u00e9t\u00e9 engag\u00e9e, d\u00e9plorent-ils.<\/p>\n\n\n\n<p>\u00ab Chaque hivernage est une angoisse. Le canal d\u00e9borde, les maisons sont inond\u00e9es, et nous avons d\u00e9j\u00e0 perdu des vies. Ce n\u2019est plus tenable \u00bb, alerte un membre du collectif local, qui interpelle directement les autorit\u00e9s, en particulier le ministre Cheikh Tidiane Di\u00e8ye, pour une intervention urgente.<\/p>\n\n\n\n<p>La population de Nguinth, mobilis\u00e9e, r\u00e9clame une solution durable et rapide afin d\u2019\u00e9viter que l\u2019hivernage 2025 ne soit \u00e0 nouveau synonyme de drame.<\/p>\n\n\n\n<p>SOURCE LERAL<\/p>\n","protected":false},"excerpt":{"rendered":"<p>\u00c0 Thi\u00e8s, les habitants du quartier de Nguinth tirent la sonnette d\u2019alarme face \u00e0 une situation devenue insoutenable. Le canal<\/p>\n","protected":false},"author":1,"featured_media":57145,"comment_status":"open","ping_status":"open","sticky":false,"template":"","format":"standard","meta":{"footnotes":""},"categories":[26],"tags":[],"class_list":["post-57144","post","type-post","status-publish","format-standard","has-post-thumbnail","hentry","category-fait-divers"],"_links":{"self":[{"href":"https:\/\/dekkbi.com\/index.php?rest_route=\/wp\/v2\/posts\/57144","targetHints":{"allow":["GET"]}}],"collection":[{"href":"https:\/\/dekkbi.com\/index.php?rest_route=\/wp\/v2\/posts"}],"about":[{"href":"https:\/\/dekkbi.com\/index.php?rest_route=\/wp\/v2\/types\/post"}],"author":[{"embeddable":true,"href":"https:\/\/dekkbi.com\/index.php?rest_route=\/wp\/v2\/users\/1"}],"replies":[{"embeddable":true,"href":"https:\/\/dekkbi.com\/index.php?rest_route=%2Fwp%2Fv2%2Fcomments&post=57144"}],"version-history":[{"count":1,"href":"https:\/\/dekkbi.com\/index.php?rest_route=\/wp\/v2\/posts\/57144\/revisions"}],"predecessor-version":[{"id":57146,"href":"https:\/\/dekkbi.com\/index.php?rest_route=\/wp\/v2\/posts\/57144\/revisions\/57146"}],"wp:featuredmedia":[{"embeddable":true,"href":"https:\/\/dekkbi.com\/index.php?rest_route=\/wp\/v2\/media\/57145"}],"wp:attachment":[{"href":"https:\/\/dekkbi.com\/index.php?rest_route=%2Fwp%2Fv2%2Fmedia&parent=57144"}],"wp:term":[{"taxonomy":"category","embeddable":true,"href":"https:\/\/dekkbi.com\/index.php?rest_route=%2Fwp%2Fv2%2Fcategories&post=57144"},{"taxonomy":"post_tag","embeddable":true,"href":"https:\/\/dekkbi.com\/index.php?rest_route=%2Fwp%2Fv2%2Ftags&post=57144"}],"curies":[{"name":"wp","href":"https:\/\/api.w.org\/{rel}","templated":true}]}}