{"id":57107,"date":"2025-05-23T11:04:09","date_gmt":"2025-05-23T11:04:09","guid":{"rendered":"https:\/\/dekkbi.com\/?p=57107"},"modified":"2025-05-23T12:20:57","modified_gmt":"2025-05-23T12:20:57","slug":"litalie-et-huit-autres-pays-de-lue-appellent-a-repenser-la-convention-europeenne-des-droits-de-lhomme","status":"publish","type":"post","link":"https:\/\/dekkbi.com\/?p=57107","title":{"rendered":"Appel \u00e0 repenser la Convention europ\u00e9enne des droits de l&rsquo;homme"},"content":{"rendered":"\n<p>L&rsquo;Italie et huit autres \u00c9tats europ\u00e9ens, dont le Danemark et la Pologne, ont publi\u00e9, jeudi 22 mai, une lettre ouverte appelant \u00e0 repenser la mani\u00e8re dont la Convention europ\u00e9enne des droits de l&rsquo;homme est interpr\u00e9t\u00e9e, en particulier sur les migrations.&nbsp;<\/p>\n\n\n\n<p><strong>Par : RFI avec AFP<\/strong><\/p>\n\n\n\n<p>\u00ab&nbsp;<em>Nous voulons utiliser notre mandat d\u00e9mocratique pour lancer une nouvelle discussion ouverte sur l&rsquo;interpr\u00e9tation de la Convention europ\u00e9enne des droits de l&rsquo;homme. Nous devons r\u00e9tablir un juste \u00e9quilibre. Et nos pays vont travailler ensemble faire aboutir cette ambition<\/em>&nbsp;\u00bb, indique le texte, publi\u00e9 par les services de la Premi\u00e8re ministre italienne Giorgia Meloni.<\/p>\n\n\n\n<p>Ce document a \u00e9t\u00e9 diffus\u00e9 \u00e0 la suite d&rsquo;une rencontre \u00e0 Rome entre\u00a0<strong>Giorgia Meloni<\/strong>\u00a0et la Premi\u00e8re ministre danoise Mette Frederiksen, toutes deux ayant des positions tr\u00e8s fermes sur l&rsquo;immigration. Il a \u00e9t\u00e9 \u00e9galement sign\u00e9 par les dirigeants de l&rsquo;Autriche, la Belgique, l&rsquo;Estonie, la Lettonie, la Lituanie, la Pologne et la R\u00e9publique tch\u00e8que.<\/p>\n\n\n\n<h2 class=\"wp-block-heading\">\u00ab&nbsp;<em>Entamer une discussion<\/em>&nbsp;\u00bb<\/h2>\n\n\n\n<p>\u00ab&nbsp;<em>Nous appartenons \u00e0 diff\u00e9rentes familles politiques et sommes issus de diff\u00e9rentes traditions politiques&nbsp;\u00bb,&nbsp;<\/em>ont \u00e9crit les signataires.&nbsp;<em>Mais il est&nbsp;\u00ab&nbsp;n\u00e9cessaire d&rsquo;entamer une discussion sur la mani\u00e8re dont les conventions internationales r\u00e9pondent aux d\u00e9fis auxquels nous faisons face aujourd&rsquo;hui&nbsp;\u00bb,&nbsp;<\/em>ont-ils ajout\u00e9.<em>&nbsp;\u00ab&nbsp;Nous croyons aussi n\u00e9cessaire de nous pencher sur la mani\u00e8re dont la Cour europ\u00e9enne des droits de l&rsquo;homme a \u00e9tabli son interpr\u00e9tation de la Convention europ\u00e9enne des droits de l&rsquo;homme&nbsp;\u00bb.<\/em><\/p>\n\n\n\n<p>Il s&rsquo;agit notamment de voir&nbsp;<em>\u00ab&nbsp;si la Cour, dans certains cas, a \u00e9tendu la port\u00e9e de la convention trop loin compar\u00e9 aux intentions originelles fondant cette convention, faussant ainsi l&rsquo;\u00e9quilibre entre les int\u00e9r\u00eats \u00e0 prot\u00e9ger&nbsp;\u00bb. \u00ab&nbsp;Nous croyons que l&rsquo;\u00e9volution de l&rsquo;interpr\u00e9tation de la Cour a, dans certains cas, limit\u00e9 notre capacit\u00e9 \u00e0 prendre des d\u00e9cisions politiques dans nos propres d\u00e9mocraties&nbsp;\u00bb<\/em>, ont ajout\u00e9 les signataires.<\/p>\n\n\n\n<h2 class=\"wp-block-heading\">Obstacles l\u00e9gaux<\/h2>\n\n\n\n<p>Le gouvernement de droite radicale de Girogia Meloni a promis de lutter contre l&rsquo;immigration ill\u00e9gale, mais son projet majeur visant \u00e0 mettre en place des centres de r\u00e9tention en Albanie s&rsquo;est heurt\u00e9 \u00e0 une s\u00e9rie d&rsquo;obstacles l\u00e9gaux. Des juges italiens ont refus\u00e9 de valider la r\u00e9tention en Albanie de migrants interpell\u00e9s en mer&nbsp;par les autorit\u00e9s italiennes, renvoyant la question de la l\u00e9galit\u00e9 de cette mesure \u00e0 la Cour europ\u00e9enne de justice. Celle-ci ne s&rsquo;est pas encore prononc\u00e9e.<\/p>\n","protected":false},"excerpt":{"rendered":"<p>L&rsquo;Italie et huit autres \u00c9tats europ\u00e9ens, dont le Danemark et la Pologne, ont publi\u00e9, jeudi 22 mai, une lettre ouverte<\/p>\n","protected":false},"author":1,"featured_media":57108,"comment_status":"open","ping_status":"open","sticky":false,"template":"","format":"standard","meta":{"footnotes":""},"categories":[51],"tags":[],"class_list":["post-57107","post","type-post","status-publish","format-standard","has-post-thumbnail","hentry","category-general"],"_links":{"self":[{"href":"https:\/\/dekkbi.com\/index.php?rest_route=\/wp\/v2\/posts\/57107","targetHints":{"allow":["GET"]}}],"collection":[{"href":"https:\/\/dekkbi.com\/index.php?rest_route=\/wp\/v2\/posts"}],"about":[{"href":"https:\/\/dekkbi.com\/index.php?rest_route=\/wp\/v2\/types\/post"}],"author":[{"embeddable":true,"href":"https:\/\/dekkbi.com\/index.php?rest_route=\/wp\/v2\/users\/1"}],"replies":[{"embeddable":true,"href":"https:\/\/dekkbi.com\/index.php?rest_route=%2Fwp%2Fv2%2Fcomments&post=57107"}],"version-history":[{"count":2,"href":"https:\/\/dekkbi.com\/index.php?rest_route=\/wp\/v2\/posts\/57107\/revisions"}],"predecessor-version":[{"id":57125,"href":"https:\/\/dekkbi.com\/index.php?rest_route=\/wp\/v2\/posts\/57107\/revisions\/57125"}],"wp:featuredmedia":[{"embeddable":true,"href":"https:\/\/dekkbi.com\/index.php?rest_route=\/wp\/v2\/media\/57108"}],"wp:attachment":[{"href":"https:\/\/dekkbi.com\/index.php?rest_route=%2Fwp%2Fv2%2Fmedia&parent=57107"}],"wp:term":[{"taxonomy":"category","embeddable":true,"href":"https:\/\/dekkbi.com\/index.php?rest_route=%2Fwp%2Fv2%2Fcategories&post=57107"},{"taxonomy":"post_tag","embeddable":true,"href":"https:\/\/dekkbi.com\/index.php?rest_route=%2Fwp%2Fv2%2Ftags&post=57107"}],"curies":[{"name":"wp","href":"https:\/\/api.w.org\/{rel}","templated":true}]}}