{"id":57082,"date":"2025-05-23T09:45:30","date_gmt":"2025-05-23T09:45:30","guid":{"rendered":"https:\/\/dekkbi.com\/?p=57082"},"modified":"2025-05-23T10:30:14","modified_gmt":"2025-05-23T10:30:14","slug":"reug-reug-blesse-a-lentrainement-a-dubai-incertitude-autour-de-son-combat-contre-boy-niang","status":"publish","type":"post","link":"https:\/\/dekkbi.com\/?p=57082","title":{"rendered":"Reug Reug bless\u00e9 \u00e0 l\u2019entra\u00eenement \u00e0 Duba\u00ef"},"content":{"rendered":"\n<p>incertitude autour de son combat contre Boy Niang &#8211;  Alors qu\u2019il pr\u00e9pare activement son combat pr\u00e9vu le 29 juin contre Boy Niang de Pikine, Reug Reug, lutteur originaire de Thiaroye, s\u2019est bless\u00e9 lors d\u2019un entra\u00eenement \u00e0 Duba\u00ef. Son \u00e9tat de sant\u00e9 suscite l\u2019inqui\u00e9tude \u00e0 quelques semaines du choc tr\u00e8s attendu.<\/p>\n\n\n\n<p>Le combat entre Reug Reug et Boy Niang, pr\u00e9vu le 29 juin prochain et organis\u00e9 par Gaston Production,risque de susciter encore des d\u00e9bats. En pleine pr\u00e9paration \u00e0 Duba\u00ef, Reug Reug a \u00e9t\u00e9 victime d\u2019une blessure lors d\u2019une s\u00e9ance d\u2019entra\u00eenement.<\/p>\n\n\n\n<p>Selon nos sources proches, il a \u00e9t\u00e9 transport\u00e9 dans un \u00e9tablissement hospitalier pour y recevoir des soins. Pour le moment, la nature exacte de sa blessure n\u2019a pas \u00e9t\u00e9 r\u00e9v\u00e9l\u00e9e, mais elle intervient \u00e0 un moment crucial de sa pr\u00e9paration.<\/p>\n\n\n\n<p>Les fans de lutte s\u00e9n\u00e9galaise attendent avec impatience ce duel explosif entre deux figures embl\u00e9matiques de la discipline. Cette blessure pourrait toutefois rebattre les cartes, selon l&rsquo;\u00e9volution de l\u2019\u00e9tat de sant\u00e9 de Reug Reug.<\/p>\n\n\n\n<p>En attendant plus de d\u00e9tails, souhaitons-lui un prompt r\u00e9tablissement.<\/p>\n","protected":false},"excerpt":{"rendered":"<p>incertitude autour de son combat contre Boy Niang &#8211; Alors qu\u2019il pr\u00e9pare activement son combat pr\u00e9vu le 29 juin contre<\/p>\n","protected":false},"author":1,"featured_media":51755,"comment_status":"open","ping_status":"open","sticky":false,"template":"","format":"standard","meta":{"footnotes":""},"categories":[26],"tags":[],"class_list":["post-57082","post","type-post","status-publish","format-standard","has-post-thumbnail","hentry","category-fait-divers"],"_links":{"self":[{"href":"https:\/\/dekkbi.com\/index.php?rest_route=\/wp\/v2\/posts\/57082","targetHints":{"allow":["GET"]}}],"collection":[{"href":"https:\/\/dekkbi.com\/index.php?rest_route=\/wp\/v2\/posts"}],"about":[{"href":"https:\/\/dekkbi.com\/index.php?rest_route=\/wp\/v2\/types\/post"}],"author":[{"embeddable":true,"href":"https:\/\/dekkbi.com\/index.php?rest_route=\/wp\/v2\/users\/1"}],"replies":[{"embeddable":true,"href":"https:\/\/dekkbi.com\/index.php?rest_route=%2Fwp%2Fv2%2Fcomments&post=57082"}],"version-history":[{"count":2,"href":"https:\/\/dekkbi.com\/index.php?rest_route=\/wp\/v2\/posts\/57082\/revisions"}],"predecessor-version":[{"id":57099,"href":"https:\/\/dekkbi.com\/index.php?rest_route=\/wp\/v2\/posts\/57082\/revisions\/57099"}],"wp:featuredmedia":[{"embeddable":true,"href":"https:\/\/dekkbi.com\/index.php?rest_route=\/wp\/v2\/media\/51755"}],"wp:attachment":[{"href":"https:\/\/dekkbi.com\/index.php?rest_route=%2Fwp%2Fv2%2Fmedia&parent=57082"}],"wp:term":[{"taxonomy":"category","embeddable":true,"href":"https:\/\/dekkbi.com\/index.php?rest_route=%2Fwp%2Fv2%2Fcategories&post=57082"},{"taxonomy":"post_tag","embeddable":true,"href":"https:\/\/dekkbi.com\/index.php?rest_route=%2Fwp%2Fv2%2Ftags&post=57082"}],"curies":[{"name":"wp","href":"https:\/\/api.w.org\/{rel}","templated":true}]}}