{"id":57076,"date":"2025-05-23T09:30:57","date_gmt":"2025-05-23T09:30:57","guid":{"rendered":"https:\/\/dekkbi.com\/?p=57076"},"modified":"2025-05-23T09:30:58","modified_gmt":"2025-05-23T09:30:58","slug":"mbour-promotion-du-dialogue-social-le-hcds-vulgarise-le-pacte-de-stabilite-sociale","status":"publish","type":"post","link":"https:\/\/dekkbi.com\/?p=57076","title":{"rendered":"Mbour \u2013 Promotion du dialogue social : Le Hcds\u00a0vulgarise le Pacte de stabilit\u00e9 sociale"},"content":{"rendered":"\n<p>Le Haut-conseil du dialogue social (Hcds) a ouvert, hier \u00e0 la Somone, une rencontre avec les parties prenantes dans le cadre d\u2019une rencontre strat\u00e9gique sur la vulgarisation du Pacte national de stabilit\u00e9 sociale pour une croissance inclusive et durable, sign\u00e9 le 1er mai 2025 sous l\u2019impulsion du pr\u00e9sident de la R\u00e9publique, Bassirou Diomaye Faye, et de son Premier ministre. D\u2019ailleurs, l\u2019objectif pour le Hcds, c\u2019est de sensibiliser, expliquer et faire appliquer les engagements tripartites conclus entre gouvernement, employeurs et travailleurs.<\/p>\n\n\n\n<p>Lors de l\u2019ouverture de cette rencontre, le pr\u00e9sident du Hcds, qui pr\u00e9sidait la c\u00e9r\u00e9monie d\u2019ouverture, a rappel\u00e9 les contours de ce Pacte de stabilit\u00e9 sociale.\u00a0\u00abCe pacte est un document fondamental qui retrace tout le panorama des relations professionnelles. Aucun secteur n\u2019a \u00e9t\u00e9 laiss\u00e9 de c\u00f4t\u00e9. Dans un contexte o\u00f9 la paix sociale reste un pilier pour le d\u00e9veloppement,\u202fle r\u00f4le du conseil est de veiller constamment au respect strict de tous les engagements souscrits.\u00a0Nous allons veiller constamment au respect strict de tous les engagements qui sont souscrits dans le Pacte national de stabilit\u00e9 sociale pour une croissance inclusive et durable. Je crois que c\u2019est cette posture-l\u00e0 d\u2019ailleurs qui est un gage de mise en \u0153uvre correcte des politiques publiques par le gouvernement\u00bb,\u00a0\u00a0a rappel\u00e9 Mamadou Lamine Diant\u00e9, pr\u00e9sident du Hcds.<\/p>\n\n\n\n<p>D\u2019ailleurs, face \u00e0 un contexte social tendu o\u00f9 certains syndicats menacent de reprendre les mouvements de gr\u00e8ve, le pr\u00e9sident du Hcds se veut rassurant. \u00abL\u2019occasion nous est donn\u00e9e de discuter, en tant qu\u2019institution, des pr\u00e9occupations soulev\u00e9es. Nous ferons les recommandations ad\u00e9quates. Le dialogue social doit demeurer notre boussole\u00bb, a-t-il insist\u00e9.<\/p>\n\n\n\n<p>Le pacte, sign\u00e9 par 24 centrales syndicales, ambitionne une transformation profonde des relations de travail et l\u2019apaisement durable du climat social. Ainsi, Pape Birame Diallo, vice-pr\u00e9sident du Groupe des travailleurs au sein du Hcds, souligne l\u2019importance de cette dynamique. \u00abLe pacte a \u00e9t\u00e9 impuls\u00e9 par le pr\u00e9sident de la R\u00e9publique, sign\u00e9 sous la supervision du Premier ministre. Nous avons re\u00e7u des engagements et nous les respectons. Il faut qu\u2019on continue dans le dialogue pour \u00e9viter des licenciements dans le secteur public.\u00bb<\/p>\n\n\n\n<p>D\u2019ailleurs, les questions de licenciement, notamment dans des secteurs sensibles comme la sant\u00e9, l\u2019\u00e9ducation, la Justice, La Poste ou encore le Rail, demeurent au c\u0153ur des pr\u00e9occupations. C\u2019est pourquoi Mamadou Lamine Diant\u00e9 a pr\u00e9conis\u00e9 l\u2019implication de tous pour r\u00e9gler d\u00e9finitivement ces contentieux. Il a soulign\u00e9 aussi la n\u00e9cessit\u00e9 de faire le suivi de la mise en \u0153uvre des accords sectoriels, car cela est une priorit\u00e9.<\/p>\n\n\n\n<p>C\u00f4t\u00e9 employeurs, la tonalit\u00e9 est \u00e0 la coop\u00e9ration, mais aussi \u00e0 l\u2019alerte. Abdel Kader Ndiaye, vice-pr\u00e9sident du Groupe Employeurs et porte-parole du jour, souligne la gravit\u00e9 de la situation \u00e9conomique.\u00a0\u00abLa dette int\u00e9rieure est devenue intenable. La r\u00e9silience du secteur priv\u00e9 a atteint ses limites. Il faut d\u00e9clencher un v\u00e9ritable programme de relance.\u00bb Selon lui, les licenciements ne sont pas des choix, mais des cons\u00e9quences de la conjoncture. \u00abQuand une entreprise va mal, un cercle vicieux s\u2019installe. Il faut des solutions urgentes\u00bb, ajoute-t-il.<\/p>\n\n\n\n<p>Malgr\u00e9 ces d\u00e9fis, les parties s\u2019accordent sur l\u2019importance du dialogue social comme socle d\u2019un d\u00e9veloppement harmonieux. \u00abNous avons un pr\u00e9sident du Hcds dynamique, \u00e0 l\u2019\u00e9coute, qui donne une nouvelle impulsion. Il faut que les autorit\u00e9s gouvernementales soient aussi plus r\u00e9actives aux pr\u00e9occupations des acteurs\u00bb, mart\u00e8le Kader Ndiaye.<\/p>\n\n\n\n<p>Ainsi, les participants s\u2019engagent \u00e0 \u0153uvrer pour sa vulgarisation effective dans tous les secteurs, y compris ceux qui n\u2019ont pas encore pleinement adh\u00e9r\u00e9. Il a \u00e9galement \u00abinvit\u00e9 \u00e0 \u00a0faire en sorte que nul n\u2019ignore l\u2019existence du pacte\u00bb,\u202f conclut Mamadou Lamine Diant\u00e9.<\/p>\n\n\n\n<p><strong>Par Alioune Badara CISS \u2013 abciss@lequotidien.sn<\/strong><\/p>\n","protected":false},"excerpt":{"rendered":"<p>Le Haut-conseil du dialogue social (Hcds) a ouvert, hier \u00e0 la Somone, une rencontre avec les parties prenantes dans le<\/p>\n","protected":false},"author":1,"featured_media":57077,"comment_status":"open","ping_status":"open","sticky":false,"template":"","format":"standard","meta":{"footnotes":""},"categories":[21],"tags":[],"class_list":["post-57076","post","type-post","status-publish","format-standard","has-post-thumbnail","hentry","category-societe"],"_links":{"self":[{"href":"https:\/\/dekkbi.com\/index.php?rest_route=\/wp\/v2\/posts\/57076","targetHints":{"allow":["GET"]}}],"collection":[{"href":"https:\/\/dekkbi.com\/index.php?rest_route=\/wp\/v2\/posts"}],"about":[{"href":"https:\/\/dekkbi.com\/index.php?rest_route=\/wp\/v2\/types\/post"}],"author":[{"embeddable":true,"href":"https:\/\/dekkbi.com\/index.php?rest_route=\/wp\/v2\/users\/1"}],"replies":[{"embeddable":true,"href":"https:\/\/dekkbi.com\/index.php?rest_route=%2Fwp%2Fv2%2Fcomments&post=57076"}],"version-history":[{"count":1,"href":"https:\/\/dekkbi.com\/index.php?rest_route=\/wp\/v2\/posts\/57076\/revisions"}],"predecessor-version":[{"id":57078,"href":"https:\/\/dekkbi.com\/index.php?rest_route=\/wp\/v2\/posts\/57076\/revisions\/57078"}],"wp:featuredmedia":[{"embeddable":true,"href":"https:\/\/dekkbi.com\/index.php?rest_route=\/wp\/v2\/media\/57077"}],"wp:attachment":[{"href":"https:\/\/dekkbi.com\/index.php?rest_route=%2Fwp%2Fv2%2Fmedia&parent=57076"}],"wp:term":[{"taxonomy":"category","embeddable":true,"href":"https:\/\/dekkbi.com\/index.php?rest_route=%2Fwp%2Fv2%2Fcategories&post=57076"},{"taxonomy":"post_tag","embeddable":true,"href":"https:\/\/dekkbi.com\/index.php?rest_route=%2Fwp%2Fv2%2Ftags&post=57076"}],"curies":[{"name":"wp","href":"https:\/\/api.w.org\/{rel}","templated":true}]}}