{"id":57073,"date":"2025-05-23T09:27:20","date_gmt":"2025-05-23T09:27:20","guid":{"rendered":"https:\/\/dekkbi.com\/?p=57073"},"modified":"2025-05-23T09:27:21","modified_gmt":"2025-05-23T09:27:21","slug":"redeploiement-adieu-limmeuble-de-la-zone-b-des-services-du-ministere-des-sports-demenagent-au-stade-senghor","status":"publish","type":"post","link":"https:\/\/dekkbi.com\/?p=57073","title":{"rendered":"Red\u00e9ploiement \u2013 Adieu l\u2019immeuble de la Zone B : Des services du minist\u00e8re des Sports d\u00e9m\u00e9nagent au Stade Senghor"},"content":{"rendered":"\n<p><strong>Les f\u00e9d\u00e9rations sportives qui \u00e9taient log\u00e9s au Stade L\u00e9opold S\u00e9dar Senghor avant sa r\u00e9habilitation vont devoir attendre avant de retrouver leurs locaux. Apparemment, la priorit\u00e9 revient \u00e0 certains services ou directions du minist\u00e8re des Sports qui vont quitter l\u2019immeuble de la Zone B, compte tenu de son \u00abniveau de v\u00e9tust\u00e9 et de d\u00e9labrement\u00bb. <\/strong><\/p>\n\n\n\n<p>&nbsp;Le Stade L\u00e9opold S\u00e9dar Senghor a retrouv\u00e9 ce qui faisait de cette infrastructure un joyau. Suite \u00e0 une r\u00e9habilitation qui a dur\u00e9 plus de deux ans, le complexe des Parcelles Assainies, livr\u00e9 le 11 avril dernier, fait la fiert\u00e9 des sportifs s\u00e9n\u00e9galais pour avoir retrouv\u00e9 une nouvelle gueule. A l\u2019image de ses gradins, relook\u00e9s avec de nouveaux si\u00e8ges, des vestiaires aux normes internationales, l\u2019installation d\u2019ascenseurs, la r\u00e9paration du tableau magn\u00e9tique avec \u00e9cran incorpor\u00e9, entre autres nouveaut\u00e9s.<\/p>\n\n\n\n<p>Du coup, les sportifs sont press\u00e9s de prendre possession de leur bien, de leur bijou. Et sur ce chapitre, les premiers servis, en attendant l\u2019inauguration officielle, sont les dirigeants de la F\u00e9d\u00e9ration s\u00e9n\u00e9galaise d\u2019athl\u00e9tisme, avec l\u2019organisation, ce samedi, du Meeting international de Dakar.<\/p>\n\n\n\n<p>En attendant, l\u2019autre attention est port\u00e9e sur les locaux flambant neufs du stade qui attendent ses occupants, en particulier certaines f\u00e9d\u00e9rations sportives qui y avaient leur si\u00e8ge.<\/p>\n\n\n\n<p><strong>V\u00e9tuste et d\u00e9labr\u00e9, l\u2019immeuble de la Zone B vid\u00e9 de ses occupants<\/strong><\/p>\n\n\n\n<p>Mais apparemment, la priorit\u00e9, pour le moment, est r\u00e9serv\u00e9e au minist\u00e8re en charge des Sports. En effet, Le Quotidien a appris que certains services dudit d\u00e9partement vont quitter l\u2019immeuble de la Zone B pour migrer au Stade Senghor o\u00f9 ils vont occuper les lieux. Une info confirm\u00e9e par une note de service, en date du 15 mai 2025, sign\u00e9e par Madame la ministre, que nous avons parcourue. Le document de pr\u00e9ciser que les services concern\u00e9s sont\u00a0: la Direction des infrastructures, la Direction g\u00e9n\u00e9rale des sports plus la Daps et la Dshn (ex-Dhc) qui sont sous sa tutelle. Ces directions rejoignent l\u2019Office national de gestion des infrastructures sportives (Onis) qui a \u00e9t\u00e9 le premier \u00e0 \u00e9lire domicile dans les locaux du stade.<\/p>\n\n\n\n<p>Les raisons de ce \u00abred\u00e9ploiement\u00bb s\u2019expliquent, selon la patronne du Sport s\u00e9n\u00e9galais, par \u00able niveau de v\u00e9tust\u00e9 et de d\u00e9labrement du b\u00e2timent abritant les services du Sport\u00bb. D\u2019o\u00f9 l\u2019urgence \u00e0 entreprendre \u00abdes actions imm\u00e9diates pour \u00e9vacuer les bureaux\u00bb, peut-on lire.<\/p>\n\n\n\n<p>D\u2019ailleurs, faut rappeler que Madame la ministre, son Cabinet, le Dage ont \u00e9t\u00e9 les premiers \u00e0 quitter l\u2019immeuble pour la Cit\u00e9 Keur Gorgui&nbsp;; dans les locaux du D\u00e9partement de la jeunesse, dirig\u00e9 avant par l\u2019ancien ministre Pape Malick Ndour. Le Secr\u00e9tariat g\u00e9n\u00e9ral devant aussi migrer \u00e0 Keur Gorgui.<\/p>\n\n\n\n<p>En clair&nbsp;: adieu l\u2019immeuble de la Zone B, vid\u00e9 de tous ses occupants et qui, pour la petite histoire, a \u00e9t\u00e9 inaugur\u00e9 par l\u2019ancien ministre des Sports, sous Abdoulaye Wade, le Dr Bacar Dia, successeur de feu Issa Mbaye Samb.<\/p>\n\n\n\n<p>Pr\u00e9cision importante\u00a0: l\u2019Etat \u00e9tait sous location \u00e0 l\u2019immeuble de la Zone B. D\u2019o\u00f9 une mesure aussi de rationalisation des d\u00e9penses, ch\u00e8re au nouveau r\u00e9gime.<\/p>\n\n\n\n<p><strong>Par Hyacinthe DIANDY \u2013<\/strong> <strong>hdiandy@lequotidien.sn<\/strong><\/p>\n","protected":false},"excerpt":{"rendered":"<p>Les f\u00e9d\u00e9rations sportives qui \u00e9taient log\u00e9s au Stade L\u00e9opold S\u00e9dar Senghor avant sa r\u00e9habilitation vont devoir attendre avant de retrouver<\/p>\n","protected":false},"author":1,"featured_media":57074,"comment_status":"open","ping_status":"open","sticky":false,"template":"","format":"standard","meta":{"footnotes":""},"categories":[9],"tags":[],"class_list":["post-57073","post","type-post","status-publish","format-standard","has-post-thumbnail","hentry","category-sports"],"_links":{"self":[{"href":"https:\/\/dekkbi.com\/index.php?rest_route=\/wp\/v2\/posts\/57073","targetHints":{"allow":["GET"]}}],"collection":[{"href":"https:\/\/dekkbi.com\/index.php?rest_route=\/wp\/v2\/posts"}],"about":[{"href":"https:\/\/dekkbi.com\/index.php?rest_route=\/wp\/v2\/types\/post"}],"author":[{"embeddable":true,"href":"https:\/\/dekkbi.com\/index.php?rest_route=\/wp\/v2\/users\/1"}],"replies":[{"embeddable":true,"href":"https:\/\/dekkbi.com\/index.php?rest_route=%2Fwp%2Fv2%2Fcomments&post=57073"}],"version-history":[{"count":1,"href":"https:\/\/dekkbi.com\/index.php?rest_route=\/wp\/v2\/posts\/57073\/revisions"}],"predecessor-version":[{"id":57075,"href":"https:\/\/dekkbi.com\/index.php?rest_route=\/wp\/v2\/posts\/57073\/revisions\/57075"}],"wp:featuredmedia":[{"embeddable":true,"href":"https:\/\/dekkbi.com\/index.php?rest_route=\/wp\/v2\/media\/57074"}],"wp:attachment":[{"href":"https:\/\/dekkbi.com\/index.php?rest_route=%2Fwp%2Fv2%2Fmedia&parent=57073"}],"wp:term":[{"taxonomy":"category","embeddable":true,"href":"https:\/\/dekkbi.com\/index.php?rest_route=%2Fwp%2Fv2%2Fcategories&post=57073"},{"taxonomy":"post_tag","embeddable":true,"href":"https:\/\/dekkbi.com\/index.php?rest_route=%2Fwp%2Fv2%2Ftags&post=57073"}],"curies":[{"name":"wp","href":"https:\/\/api.w.org\/{rel}","templated":true}]}}