{"id":57062,"date":"2025-05-23T09:16:38","date_gmt":"2025-05-23T09:16:38","guid":{"rendered":"https:\/\/dekkbi.com\/?p=57062"},"modified":"2025-05-23T09:16:38","modified_gmt":"2025-05-23T09:16:38","slug":"une-convention-de-partenariat-entre-la-der-fj-et-lun-chk-pour-renforcer-les-competences-numeriques-chez-les-jeunes-et-les-femmes","status":"publish","type":"post","link":"https:\/\/dekkbi.com\/?p=57062","title":{"rendered":"Une convention de partenariat entre la DER\/FJ et l\u2019UN-CHK pour renforcer les comp\u00e9tences num\u00e9riques chez les jeunes et les femmes"},"content":{"rendered":"\n<p>Dakar,  (APS) \u2013 La D\u00e9l\u00e9gation g\u00e9n\u00e9rale \u00e0 l\u2019entrepreneuriat rapide des femmes et des jeunes (DER\/FJ) et l\u2019Universit\u00e9 num\u00e9rique Cheikh Hamidou Kane (UN-CHK), \u00e0 travers son programme FORCE-N, ont proc\u00e9d\u00e9, jeudi, \u00e0 Dakar, \u00e0 la signature d\u2019une convention de partenariat visant \u00e0 renforcer les comp\u00e9tences num\u00e9riques et \u00e0 accompagner les jeunes et les femmes porteurs de projets, a constat\u00e9 l\u2019APS.<\/p>\n\n\n\n<p>FORCE-N est un programme de formation pour le renforcement des comp\u00e9tences, pour l\u2019emploi et l\u2019entrepreneuriat dans le num\u00e9rique, financ\u00e9 par la Fondation Mastercard.<\/p>\n\n\n\n<p>\u201cCe partenariat n\u2019est pas un simple acte administratif. Il est l\u2019expression d\u2019une ambition partag\u00e9e, celle de b\u00e2tir un S\u00e9n\u00e9gal plus inclusif, plus r\u00e9silient et r\u00e9solument tourn\u00e9 vers l\u2019innovation, le savoir et l\u2019audace entrepreneuriale\u201d, a expliqu\u00e9 Aissatou Mbodji, la d\u00e9l\u00e9gu\u00e9e g\u00e9n\u00e9rale \u00e0 l\u2019entreprenariat rapide.<\/p>\n\n\n\n<p>\u201cA travers ce partenariat, nous choisissons d\u2019unir nos expertises, de conjuguer nos ressources, et surtout, de mettre notre \u00e9nergie collective au service d\u2019une jeunesse en qu\u00eate de rep\u00e8res, de comp\u00e9tences et d\u2019opportunit\u00e9s\u201d, a-t-elle expliqu\u00e9.<\/p>\n\n\n\n<p>Selon elle, l\u2019autonomisation \u00e9conomique des femmes et des jeunes passe par \u201cune d\u00e9marche int\u00e9gr\u00e9e, une d\u00e9marche qui relie la formation \u00e0 l\u2019action, le savoir \u00e0 l\u2019emploi et la cr\u00e9ativit\u00e9 \u00e0 l\u2019impact\u201d.<\/p>\n\n\n\n<p>\u00c0 travers cette convention de renforcement de comp\u00e9tences technologiques pour les jeunes, la DER\/FJ et l\u2019UN-CHK s\u2019engagent \u00e0 \u201dpromouvoir les formations certifiantes de FORCE-N au sein des antennes d\u00e9partementales de la DER\/FJ\u201d et \u00e0 \u201dorganiser des bootcamps, des actions de sensibilisation et des cycles de formation autour de l\u2019entreprenariat et des comp\u00e9tences num\u00e9riques\u201d.<\/p>\n\n\n\n<p>Il s\u2019agira aussi de mettre en place un dispositif d\u2019accompagnement complet pour 350 porteurs de projets, allant de la formation \u00e0 la mise \u00e0 l\u2019\u00e9chelle via des financements en passant par l\u2019amor\u00e7age, et de renforcer le plateau technique de formation avec l\u2019\u00e9quipement de trois antennes d\u00e9partementales de la DER\/FJ, indique-t-on.<\/p>\n\n\n\n<p>Ce partenariat va favoriser les synergies entre les startups accompagn\u00e9es par la DER\/FJ, tout en interconnectant les plateformes p\u00e9dagogiques des deux institutions, renseignent les initiateurs.<\/p>\n\n\n\n<p>Le recteur de l\u2019universit\u00e9 num\u00e9rique Cheikh Hamidou Kane, professeur Samuel Ouya, a not\u00e9 que c\u2019est \u201dun v\u00e9ritable cadre de co-construction\u201d qui est mis en place \u00e0 travers cette convention. \u201dIl associe la formation, l\u2019accompagnement, l\u2019inclusion territoriale, l\u2019acc\u00e8s au financement, mais surtout il place la jeunesse au centre de l\u2019action publique\u201d, a-t-il dit.<\/p>\n\n\n\n<p>Il esp\u00e8re que cette collaboration va inspirer d\u2019autres institutions \u00e0 unir leurs forces pour multiplier les opportunit\u00e9s offertes \u00e0 la jeunesse.<\/p>\n\n\n\n<p>\u201dJe suis convaincu que c\u2019est \u00e0 travers ces synergies que nous construisons ensemble un S\u00e9n\u00e9gal souverain o\u00f9 chaque jeune, chaque femme pourra transformer son potentiel en r\u00e9alisation concr\u00e8te\u201d, estime Samuel Ouya.<\/p>\n","protected":false},"excerpt":{"rendered":"<p>Dakar, (APS) \u2013 La D\u00e9l\u00e9gation g\u00e9n\u00e9rale \u00e0 l\u2019entrepreneuriat rapide des femmes et des jeunes (DER\/FJ) et l\u2019Universit\u00e9 num\u00e9rique Cheikh Hamidou<\/p>\n","protected":false},"author":1,"featured_media":57063,"comment_status":"open","ping_status":"open","sticky":false,"template":"","format":"standard","meta":{"footnotes":""},"categories":[3],"tags":[],"class_list":["post-57062","post","type-post","status-publish","format-standard","has-post-thumbnail","hentry","category-event-more-news"],"_links":{"self":[{"href":"https:\/\/dekkbi.com\/index.php?rest_route=\/wp\/v2\/posts\/57062","targetHints":{"allow":["GET"]}}],"collection":[{"href":"https:\/\/dekkbi.com\/index.php?rest_route=\/wp\/v2\/posts"}],"about":[{"href":"https:\/\/dekkbi.com\/index.php?rest_route=\/wp\/v2\/types\/post"}],"author":[{"embeddable":true,"href":"https:\/\/dekkbi.com\/index.php?rest_route=\/wp\/v2\/users\/1"}],"replies":[{"embeddable":true,"href":"https:\/\/dekkbi.com\/index.php?rest_route=%2Fwp%2Fv2%2Fcomments&post=57062"}],"version-history":[{"count":1,"href":"https:\/\/dekkbi.com\/index.php?rest_route=\/wp\/v2\/posts\/57062\/revisions"}],"predecessor-version":[{"id":57064,"href":"https:\/\/dekkbi.com\/index.php?rest_route=\/wp\/v2\/posts\/57062\/revisions\/57064"}],"wp:featuredmedia":[{"embeddable":true,"href":"https:\/\/dekkbi.com\/index.php?rest_route=\/wp\/v2\/media\/57063"}],"wp:attachment":[{"href":"https:\/\/dekkbi.com\/index.php?rest_route=%2Fwp%2Fv2%2Fmedia&parent=57062"}],"wp:term":[{"taxonomy":"category","embeddable":true,"href":"https:\/\/dekkbi.com\/index.php?rest_route=%2Fwp%2Fv2%2Fcategories&post=57062"},{"taxonomy":"post_tag","embeddable":true,"href":"https:\/\/dekkbi.com\/index.php?rest_route=%2Fwp%2Fv2%2Ftags&post=57062"}],"curies":[{"name":"wp","href":"https:\/\/api.w.org\/{rel}","templated":true}]}}