{"id":57036,"date":"2025-05-22T12:19:41","date_gmt":"2025-05-22T12:19:41","guid":{"rendered":"https:\/\/dekkbi.com\/?p=57036"},"modified":"2025-05-22T12:19:42","modified_gmt":"2025-05-22T12:19:42","slug":"guinee-le-forum-sur-la-presse-conclut-a-des-avancees-mais-reste-silencieux-sur-les-medias-fermes","status":"publish","type":"post","link":"https:\/\/dekkbi.com\/?p=57036","title":{"rendered":"Guin\u00e9e: le Forum sur la presse conclut \u00e0 des avanc\u00e9es, mais reste silencieux sur les m\u00e9dias ferm\u00e9s"},"content":{"rendered":"\n<p>\u00c0 Conakry, le Forum sur l\u2019avenir de la presse s\u2019est achev\u00e9 mercredi 21 mai apr\u00e8s trois jours de d\u00e9bats entre journalistes, patrons de presse et repr\u00e9sentants de l\u2019\u00c9tat. Deux principales annonces en sont ressorties : la cr\u00e9ation d\u2019un \u00ab organe d\u2019auto-r\u00e9gulation \u00bb des m\u00e9dias et l\u2019\u00e9laboration d\u2019une convention collective, r\u00e9clam\u00e9e de longue date par les syndicats. En revanche, les atteintes les plus flagrantes \u00e0 la libert\u00e9 de la presse en Guin\u00e9e n\u2019ont b\u00e9n\u00e9fici\u00e9 que d\u2019une place secondaire dans les d\u00e9bats.<\/p>\n\n\n\n<p><em>Avec \u00a0<strong>Tangi Bihan<\/strong><\/em> <em>correspondant  RFI \u00e0 Conakry<\/em>,<\/p>\n\n\n\n<p>Ces deux propositions feront l\u2019objet de nouvelles discussions d\u00e8s la semaine prochaine, avant d\u2019\u00eatre soumises \u00e0 la Haute Autorit\u00e9 de la Communication (HAC). Le cas du\u00a0<strong>journaliste disparu depuis six mois<\/strong>\u00a0a aussi \u00e9t\u00e9 \u00e9voqu\u00e9 dans les recommandations formul\u00e9es \u00e0 la conclusion du Forum, pr\u00e9sent\u00e9es par Matar Sall, juriste s\u00e9n\u00e9galais invit\u00e9 aux d\u00e9bats : \u00ab\u00a0<em>Les participants invitent l\u2019\u00c9tat \u00e0 prendre toutes mesures n\u00e9cessaires afin de poursuivre les enqu\u00eates pour retrouver le journaliste Habib Marouane Camara.<\/em>\u00a0\u00bb<\/p>\n\n\n\n<p>Le pr\u00e9sident de la Haute Autorit\u00e9 de la Communication (HAC), Boubacar Yacine Diallo, a lui aussi encourag\u00e9 la justice \u00e0 poursuivre les enqu\u00eates. Il a d\u00e9clar\u00e9 esp\u00e9rer que le journaliste pourra bient\u00f4t rejoindre sa famille.<\/p>\n\n\n\n<h2 class=\"wp-block-heading\">\u00ab&nbsp;<em>Nul ne peut intervenir<\/em>&nbsp;\u00bb<\/h2>\n\n\n\n<p>En revanche, la\u00a0<strong>question des m\u00e9dias ferm\u00e9s<\/strong>\u00a0\u2013 notamment FIM, Djoma et Espace \u2013 que les associations de presse souhaitaient voir rouvrir, n\u2019a pas su se faire une place dans les recommandations. \u00c0 ce sujet, le pr\u00e9sident de la HAC botte en touche et renvoie vers la justice :<\/p>\n\n\n\n<blockquote class=\"wp-block-quote is-layout-flow wp-block-quote-is-layout-flow\">\n<p>\u00ab La HAC ne s\u2019est jamais prononc\u00e9e sur ce sujet. La raison en est simple. Les patrons des m\u00e9dias ferm\u00e9s ont saisi la Cour supr\u00eame. C\u2019est entre eux et l\u2019agent judiciaire de l\u2019\u00c9tat. Nul ne peut intervenir tant que la Cour n\u2019a pas rendu son arr\u00eat. \u00bb<\/p>\n<\/blockquote>\n\n\n\n<p>Les patrons de ces m\u00e9dias avaient saisi la Cour supr\u00eame il y a un an, peu apr\u00e8s la fermeture de leurs m\u00e9dias. Mais depuis, aucune avanc\u00e9e notable n\u2019a \u00e9t\u00e9 signal\u00e9e dans la proc\u00e9dure.<\/p>\n","protected":false},"excerpt":{"rendered":"<p>\u00c0 Conakry, le Forum sur l\u2019avenir de la presse s\u2019est achev\u00e9 mercredi 21 mai apr\u00e8s trois jours de d\u00e9bats entre<\/p>\n","protected":false},"author":1,"featured_media":57037,"comment_status":"open","ping_status":"open","sticky":false,"template":"","format":"standard","meta":{"footnotes":""},"categories":[51],"tags":[],"class_list":["post-57036","post","type-post","status-publish","format-standard","has-post-thumbnail","hentry","category-general"],"_links":{"self":[{"href":"https:\/\/dekkbi.com\/index.php?rest_route=\/wp\/v2\/posts\/57036","targetHints":{"allow":["GET"]}}],"collection":[{"href":"https:\/\/dekkbi.com\/index.php?rest_route=\/wp\/v2\/posts"}],"about":[{"href":"https:\/\/dekkbi.com\/index.php?rest_route=\/wp\/v2\/types\/post"}],"author":[{"embeddable":true,"href":"https:\/\/dekkbi.com\/index.php?rest_route=\/wp\/v2\/users\/1"}],"replies":[{"embeddable":true,"href":"https:\/\/dekkbi.com\/index.php?rest_route=%2Fwp%2Fv2%2Fcomments&post=57036"}],"version-history":[{"count":1,"href":"https:\/\/dekkbi.com\/index.php?rest_route=\/wp\/v2\/posts\/57036\/revisions"}],"predecessor-version":[{"id":57038,"href":"https:\/\/dekkbi.com\/index.php?rest_route=\/wp\/v2\/posts\/57036\/revisions\/57038"}],"wp:featuredmedia":[{"embeddable":true,"href":"https:\/\/dekkbi.com\/index.php?rest_route=\/wp\/v2\/media\/57037"}],"wp:attachment":[{"href":"https:\/\/dekkbi.com\/index.php?rest_route=%2Fwp%2Fv2%2Fmedia&parent=57036"}],"wp:term":[{"taxonomy":"category","embeddable":true,"href":"https:\/\/dekkbi.com\/index.php?rest_route=%2Fwp%2Fv2%2Fcategories&post=57036"},{"taxonomy":"post_tag","embeddable":true,"href":"https:\/\/dekkbi.com\/index.php?rest_route=%2Fwp%2Fv2%2Ftags&post=57036"}],"curies":[{"name":"wp","href":"https:\/\/api.w.org\/{rel}","templated":true}]}}