{"id":57026,"date":"2025-05-22T11:52:36","date_gmt":"2025-05-22T11:52:36","guid":{"rendered":"https:\/\/dekkbi.com\/?p=57026"},"modified":"2025-05-22T11:52:36","modified_gmt":"2025-05-22T11:52:36","slug":"dialogue-national-monseigneur-andre-gueye-favorable-a-lappel-du-chef-de-letat","status":"publish","type":"post","link":"https:\/\/dekkbi.com\/?p=57026","title":{"rendered":"Dialogue national : Monseigneur Andr\u00e9 Gueye favorable \u00e0 l\u2019appel du chef de l\u2019\u00c9tat"},"content":{"rendered":"\n<p><a href=\"https:\/\/lesoleil.sn\/wp-content\/uploads\/2025\/05\/WhatsApp-Image-2025-05-21-at-16.45.22-1-1024x768-1.jpeg\"><\/a>L\u2019\u00c9glise catholique s\u00e9n\u00e9galaise r\u00e9affirme son engagement en faveur de la coh\u00e9sion nationale. Monseigneur Andr\u00e9 Gueye, archev\u00eaque de Dakar, a confirm\u00e9 sa participation \u00e0 la c\u00e9r\u00e9monie d\u2019ouverture du dialogue national sur le syst\u00e8me politique convoqu\u00e9, le 28 mai prochain, par le pr\u00e9sident de la R\u00e9publique, Bassirou Diomaye Diakhar Faye.<\/p>\n\n\n\n<p>Il a re\u00e7u, \u00e0 cet effet, le Dr. Cheikh Gueye, facilitateur du dialogue, porteur de l\u2019invitation pr\u00e9sidentielle.<\/p>\n\n\n\n<p>Lors de leur entretien, rapporte le site de la RTS, Monseigneur Gueye a salu\u00e9 cette initiative, qu\u2019il consid\u00e8re comme un moment fort pour favoriser l\u2019\u00e9mergence de consensus autour des grandes questions politiques du pays, en vue de renforcer la stabilit\u00e9 et la d\u00e9mocratie, notamment \u00e0 l\u2019approche des prochaines \u00e9ch\u00e9ances \u00e9lectorales.<\/p>\n\n\n\n<p>Il a \u00e9galement rappel\u00e9 le r\u00f4le central que joue l\u2019\u00c9glise catholique dans la promotion de la paix, du dialogue et de la coh\u00e9sion nationale.<\/p>\n\n\n\n<p>Le Dr. Cheikh Gueye, pour sa part, a invit\u00e9 l\u2019archev\u00eaque \u00e0 d\u00e9signer des repr\u00e9sentants de l\u2019\u00c9glise pour participer activement aux commissions qui seront mises en place apr\u00e8s la c\u00e9r\u00e9monie d\u2019ouverture.<\/p>\n\n\n\n<p>Une invitation que l\u2019archev\u00eaque a accueillie avec satisfaction, soulignant que la participation de l\u2019\u00c9glise ira au-del\u00e0 de sa personne, impliquant les \u00e9v\u00eaques, les la\u00efcs et autres acteurs engag\u00e9s dans la vie nationale.<\/p>\n\n\n\n<p>Le Dr Gueye a enfin f\u00e9licit\u00e9 Monseigneur Andr\u00e9 Gueye pour sa nomination \u00e0 la t\u00eate de l\u2019\u00c9glise catholique s\u00e9n\u00e9galaise, lui souhaitant longue vie et pleine r\u00e9ussite dans sa mission spirituelle et sociale.<\/p>\n","protected":false},"excerpt":{"rendered":"<p>L\u2019\u00c9glise catholique s\u00e9n\u00e9galaise r\u00e9affirme son engagement en faveur de la coh\u00e9sion nationale. Monseigneur Andr\u00e9 Gueye, archev\u00eaque de Dakar, a confirm\u00e9<\/p>\n","protected":false},"author":1,"featured_media":57027,"comment_status":"open","ping_status":"open","sticky":false,"template":"","format":"standard","meta":{"footnotes":""},"categories":[6],"tags":[],"class_list":["post-57026","post","type-post","status-publish","format-standard","has-post-thumbnail","hentry","category-politics"],"_links":{"self":[{"href":"https:\/\/dekkbi.com\/index.php?rest_route=\/wp\/v2\/posts\/57026","targetHints":{"allow":["GET"]}}],"collection":[{"href":"https:\/\/dekkbi.com\/index.php?rest_route=\/wp\/v2\/posts"}],"about":[{"href":"https:\/\/dekkbi.com\/index.php?rest_route=\/wp\/v2\/types\/post"}],"author":[{"embeddable":true,"href":"https:\/\/dekkbi.com\/index.php?rest_route=\/wp\/v2\/users\/1"}],"replies":[{"embeddable":true,"href":"https:\/\/dekkbi.com\/index.php?rest_route=%2Fwp%2Fv2%2Fcomments&post=57026"}],"version-history":[{"count":1,"href":"https:\/\/dekkbi.com\/index.php?rest_route=\/wp\/v2\/posts\/57026\/revisions"}],"predecessor-version":[{"id":57028,"href":"https:\/\/dekkbi.com\/index.php?rest_route=\/wp\/v2\/posts\/57026\/revisions\/57028"}],"wp:featuredmedia":[{"embeddable":true,"href":"https:\/\/dekkbi.com\/index.php?rest_route=\/wp\/v2\/media\/57027"}],"wp:attachment":[{"href":"https:\/\/dekkbi.com\/index.php?rest_route=%2Fwp%2Fv2%2Fmedia&parent=57026"}],"wp:term":[{"taxonomy":"category","embeddable":true,"href":"https:\/\/dekkbi.com\/index.php?rest_route=%2Fwp%2Fv2%2Fcategories&post=57026"},{"taxonomy":"post_tag","embeddable":true,"href":"https:\/\/dekkbi.com\/index.php?rest_route=%2Fwp%2Fv2%2Ftags&post=57026"}],"curies":[{"name":"wp","href":"https:\/\/api.w.org\/{rel}","templated":true}]}}