{"id":56997,"date":"2025-05-22T10:15:43","date_gmt":"2025-05-22T10:15:43","guid":{"rendered":"https:\/\/dekkbi.com\/?p=56997"},"modified":"2025-05-22T10:15:44","modified_gmt":"2025-05-22T10:15:44","slug":"louga-des-entrepreneurs-outilles-pour-un-acces-plus-facile-au-financement","status":"publish","type":"post","link":"https:\/\/dekkbi.com\/?p=56997","title":{"rendered":"Louga : des entrepreneurs outill\u00e9s pour un acc\u00e8s plus facile au financement"},"content":{"rendered":"\n<p>Louga, (APS) \u2013 Trente entrepreneurs de la r\u00e9gion de Louga (nord-ouest) ont b\u00e9n\u00e9fici\u00e9 d\u2019une s\u00e9rie de formations visant \u00e0 am\u00e9liorer leurs comp\u00e9tences et \u00e0 faciliter leur acc\u00e8s au financement, gr\u00e2ce \u00e0 un programme mis en \u0153uvre par la Chambre de commerce de ladite r\u00e9gion, a-t-on appris mercredi de son secr\u00e9taire g\u00e9n\u00e9ral, Cheikh S\u00e8ne.<\/p>\n\n\n\n<p>Cette initiative a \u00e9t\u00e9 d\u00e9roul\u00e9e en partenariat avec la GIZ, l\u2019agence de coop\u00e9ration internationale allemande pour le d\u00e9veloppement, a pr\u00e9cis\u00e9 M. S\u00e8ne \u00e0 des journalistes.<\/p>\n\n\n\n<p>\u201cAujourd\u2019hui, nous venons de cl\u00f4turer des sessions de formation dans le cadre d\u2019un programme de facilitation \u00e0 l\u2019acc\u00e8s au financement au profit de trente PME, gr\u00e2ce au partenariat avec la GIZ\u201d, \u201cpartenaire privil\u00e9gi\u00e9 de la Chambre de commerce depuis trois ans dans le cadre du programme \u2018R\u00e9ussir au S\u00e9n\u00e9gal&rsquo;\u201d, a-t-il d\u00e9clar\u00e9.<\/p>\n\n\n\n<p>Cheikh S\u00e8ne s\u2019exprimait en marge de la c\u00e9r\u00e9monie de cl\u00f4ture desdites sessions de formation destin\u00e9es aux entrepreneurs de la r\u00e9gion de Louga.<\/p>\n\n\n\n<p>Il a soulign\u00e9 que ce programme a notamment permis la mise en place d\u2019une plateforme technique d\u00e9di\u00e9e \u00e0 l\u2019accompagnement des unit\u00e9s \u00e9conomiques \u0153uvrant dans la transformation agroalimentaire.<\/p>\n\n\n\n<p>\u00c0 la fin de cet accompagnement, a-t-il poursuivi, une enqu\u00eate a \u00e9t\u00e9 men\u00e9e sur les difficult\u00e9s d\u2019acc\u00e8s au financement.<\/p>\n\n\n\n<p>\u201cNous avons voulu conna\u00eetre les causes de ces difficult\u00e9s et nous avons d\u00e9cel\u00e9 un certain nombre de probl\u00e8mes li\u00e9s au caract\u00e8re informel des entreprises et \u00e0 l\u2019absence d\u2019une bonne gestion\u201d, a relev\u00e9 le secr\u00e9taire g\u00e9n\u00e9ral de la Chambre de commerce de Louga. Selon lui, certains entrepreneurs \u201cne disposent pas de business plans viables, ni de la capacit\u00e9 de les d\u00e9fendre devant les institutions de financement\u201d.<\/p>\n\n\n\n<p>\u201cC\u2019est pourquoi, dans le cadre de cette activit\u00e9, nous avons travaill\u00e9 \u00e0 cr\u00e9er un climat de confiance entre les entrepreneurs et les institutions de financement\u201d, a-t-il ajout\u00e9.<\/p>\n\n\n\n<p>D\u2019apr\u00e8s Cheikh S\u00e8ne, les entrepreneurs ayant b\u00e9n\u00e9fici\u00e9 de ces sessions de formation ont \u00e9t\u00e9 s\u00e9lectionn\u00e9s selon des crit\u00e8res d\u00e9finis conjointement par la GIZ et la Chambre de commerce de Louga.<\/p>\n\n\n\n<p>\u201cNous avons d\u00e9roul\u00e9 un certain nombre de formations li\u00e9es \u00e0 l\u2019\u00e9laboration de business plans, \u00e0 la gestion du cr\u00e9dit, au marketing digital et aux techniques de vente. Ce sont des pr\u00e9requis qui leur permettent d\u2019acc\u00e9der plus rapidement aux financements\u201d, a-t-il indiqu\u00e9.<\/p>\n\n\n\n<p>Pour Guissaly Ndiaye, conseiller technique \u00e0 la GIZ, \u201cle programme R\u00e9ussir au S\u00e9n\u00e9gal est un des programmes phares de la coop\u00e9ration allemande qui, depuis plusieurs ann\u00e9es, articule son intervention autour de trois p\u00f4les, \u00e0 savoir l\u2019insertion professionnelle des jeunes, le soutien \u00e0 l\u2019entrepreneuriat et la cr\u00e9ation de plateformes techniques\u201d.<\/p>\n\n\n\n<p>Il a salu\u00e9 la dynamique de partenariat avec la Chambre de commerce de Louga, dans laquelle s\u2019inscrit cette s\u00e9rie de sessions de formation dont ces entrepreneurs ont b\u00e9n\u00e9fici\u00e9.<\/p>\n\n\n\n<p>Le premier vice-pr\u00e9sident du conseil d\u00e9partemental de Louga, Badara Samb, a salu\u00e9 cette initiative, \u201csurtout que la cible jeune est tr\u00e8s importante dans la cr\u00e9ation d\u2019emplois\u201d.<\/p>\n\n\n\n<p>\u201cAujourd\u2019hui, ces jeunes form\u00e9s ne vont plus improviser, ils vont cr\u00e9er des entreprises qui participeront au d\u00e9veloppement du d\u00e9partement\u201d, a-t-il soutenu.<\/p>\n\n\n\n<p>Il a appel\u00e9 \u00e0 \u201caccompagner ces jeunes avec les institutions financi\u00e8res locales afin qu\u2019ils puissent trouver des financements et voler de leurs propres ailes\u201d.<\/p>\n\n\n\n<p>DS\/BK\/ASG<\/p>\n","protected":false},"excerpt":{"rendered":"<p>Louga, (APS) \u2013 Trente entrepreneurs de la r\u00e9gion de Louga (nord-ouest) ont b\u00e9n\u00e9fici\u00e9 d\u2019une s\u00e9rie de formations visant \u00e0 am\u00e9liorer<\/p>\n","protected":false},"author":1,"featured_media":56998,"comment_status":"open","ping_status":"open","sticky":false,"template":"","format":"standard","meta":{"footnotes":""},"categories":[3],"tags":[],"class_list":["post-56997","post","type-post","status-publish","format-standard","has-post-thumbnail","hentry","category-event-more-news"],"_links":{"self":[{"href":"https:\/\/dekkbi.com\/index.php?rest_route=\/wp\/v2\/posts\/56997","targetHints":{"allow":["GET"]}}],"collection":[{"href":"https:\/\/dekkbi.com\/index.php?rest_route=\/wp\/v2\/posts"}],"about":[{"href":"https:\/\/dekkbi.com\/index.php?rest_route=\/wp\/v2\/types\/post"}],"author":[{"embeddable":true,"href":"https:\/\/dekkbi.com\/index.php?rest_route=\/wp\/v2\/users\/1"}],"replies":[{"embeddable":true,"href":"https:\/\/dekkbi.com\/index.php?rest_route=%2Fwp%2Fv2%2Fcomments&post=56997"}],"version-history":[{"count":1,"href":"https:\/\/dekkbi.com\/index.php?rest_route=\/wp\/v2\/posts\/56997\/revisions"}],"predecessor-version":[{"id":56999,"href":"https:\/\/dekkbi.com\/index.php?rest_route=\/wp\/v2\/posts\/56997\/revisions\/56999"}],"wp:featuredmedia":[{"embeddable":true,"href":"https:\/\/dekkbi.com\/index.php?rest_route=\/wp\/v2\/media\/56998"}],"wp:attachment":[{"href":"https:\/\/dekkbi.com\/index.php?rest_route=%2Fwp%2Fv2%2Fmedia&parent=56997"}],"wp:term":[{"taxonomy":"category","embeddable":true,"href":"https:\/\/dekkbi.com\/index.php?rest_route=%2Fwp%2Fv2%2Fcategories&post=56997"},{"taxonomy":"post_tag","embeddable":true,"href":"https:\/\/dekkbi.com\/index.php?rest_route=%2Fwp%2Fv2%2Ftags&post=56997"}],"curies":[{"name":"wp","href":"https:\/\/api.w.org\/{rel}","templated":true}]}}