{"id":56971,"date":"2025-05-22T08:55:02","date_gmt":"2025-05-22T08:55:02","guid":{"rendered":"https:\/\/dekkbi.com\/?p=56971"},"modified":"2025-05-22T08:55:28","modified_gmt":"2025-05-22T08:55:28","slug":"tabaski-2025-le-premier-ministre-sonko-souhaite-une-fete-dans-la-dignite-et-la-solidarite","status":"publish","type":"post","link":"https:\/\/dekkbi.com\/?p=56971","title":{"rendered":"Tabaski 2025 : le Premier ministre Sonko souhaite une f\u00eate dans la dignit\u00e9 et la solidarit\u00e9"},"content":{"rendered":"\n<p><a href=\"https:\/\/lesoleil.sn\/wp-content\/uploads\/2025\/05\/Vol-de-betails.jpg\"><\/a><em><strong>\u00c0 l\u2019approche de la Tabaski, le Premier ministre Ousmane Sonko rappelle l\u2019importance d\u2019assurer un acc\u00e8s \u00e9quitable aux ressources, notamment pour les populations vuln\u00e9rables, afin que tous puissent c\u00e9l\u00e9brer cette f\u00eate dans la dignit\u00e9. Il intervenait en marge du Conseil des ministres de ce mercredi.<\/strong><\/em><\/p>\n\n\n\n<p>Dans sa communication, le Premier ministre Ousmane Sonko a soulign\u00e9 que la Tabaski \u00e9tait un moment de grande importance religieuse et sociale au S\u00e9n\u00e9gal. Conscient des enjeux li\u00e9s \u00e0 l\u2019approvisionnement en moutons et \u00e0 la bonne tenue des march\u00e9s, il a d\u00e9taill\u00e9 les mesures gouvernementales destin\u00e9es \u00e0 faciliter la disponibilit\u00e9 des animaux et la fluidit\u00e9 des \u00e9changes.<\/p>\n\n\n\n<p>Au-del\u00e0 des aspects logistiques, le chef du gouvernement a mis l\u2019accent sur la solidarit\u00e9 nationale. Il suit avec une attention particuli\u00e8re le d\u00e9ploiement des instruments publics d\u2019assistance destin\u00e9s aux groupes vuln\u00e9rables, afin qu\u2019ils puissent eux aussi f\u00eater la Tabaski dans la dignit\u00e9.<\/p>\n\n\n\n<p>Le Premier ministre a ainsi appel\u00e9 les ministres concern\u00e9s \u00e0 veiller au respect des mesures arr\u00eat\u00e9es jusqu\u2019au terme fix\u00e9, insistant sur la n\u00e9cessit\u00e9 d\u2019une application rigoureuse sur tout le territoire national. L\u2019objectif affich\u00e9 est que cette f\u00eate religieuse majeure, symbole de partage et de fraternit\u00e9, ne soit pas source d\u2019exclusion mais bien un moment o\u00f9 toutes les couches de la soci\u00e9t\u00e9 puissent se retrouver dans la paix et la dignit\u00e9.<\/p>\n\n\n\n<p><strong>Cheikh Tidiane NDIAYE<\/strong><br>LESOLEIL<\/p>\n","protected":false},"excerpt":{"rendered":"<p>\u00c0 l\u2019approche de la Tabaski, le Premier ministre Ousmane Sonko rappelle l\u2019importance d\u2019assurer un acc\u00e8s \u00e9quitable aux ressources, notamment pour<\/p>\n","protected":false},"author":1,"featured_media":36341,"comment_status":"open","ping_status":"open","sticky":false,"template":"","format":"standard","meta":{"footnotes":""},"categories":[6],"tags":[],"class_list":["post-56971","post","type-post","status-publish","format-standard","has-post-thumbnail","hentry","category-politics"],"_links":{"self":[{"href":"https:\/\/dekkbi.com\/index.php?rest_route=\/wp\/v2\/posts\/56971","targetHints":{"allow":["GET"]}}],"collection":[{"href":"https:\/\/dekkbi.com\/index.php?rest_route=\/wp\/v2\/posts"}],"about":[{"href":"https:\/\/dekkbi.com\/index.php?rest_route=\/wp\/v2\/types\/post"}],"author":[{"embeddable":true,"href":"https:\/\/dekkbi.com\/index.php?rest_route=\/wp\/v2\/users\/1"}],"replies":[{"embeddable":true,"href":"https:\/\/dekkbi.com\/index.php?rest_route=%2Fwp%2Fv2%2Fcomments&post=56971"}],"version-history":[{"count":1,"href":"https:\/\/dekkbi.com\/index.php?rest_route=\/wp\/v2\/posts\/56971\/revisions"}],"predecessor-version":[{"id":56972,"href":"https:\/\/dekkbi.com\/index.php?rest_route=\/wp\/v2\/posts\/56971\/revisions\/56972"}],"wp:featuredmedia":[{"embeddable":true,"href":"https:\/\/dekkbi.com\/index.php?rest_route=\/wp\/v2\/media\/36341"}],"wp:attachment":[{"href":"https:\/\/dekkbi.com\/index.php?rest_route=%2Fwp%2Fv2%2Fmedia&parent=56971"}],"wp:term":[{"taxonomy":"category","embeddable":true,"href":"https:\/\/dekkbi.com\/index.php?rest_route=%2Fwp%2Fv2%2Fcategories&post=56971"},{"taxonomy":"post_tag","embeddable":true,"href":"https:\/\/dekkbi.com\/index.php?rest_route=%2Fwp%2Fv2%2Ftags&post=56971"}],"curies":[{"name":"wp","href":"https:\/\/api.w.org\/{rel}","templated":true}]}}