{"id":56953,"date":"2025-05-21T16:57:24","date_gmt":"2025-05-21T16:57:24","guid":{"rendered":"https:\/\/dekkbi.com\/?p=56953"},"modified":"2025-05-21T16:57:24","modified_gmt":"2025-05-21T16:57:24","slug":"equipe-de-france-lheure-de-cherki-a-sonne-hecatombe-en-defense","status":"publish","type":"post","link":"https:\/\/dekkbi.com\/?p=56953","title":{"rendered":"Equipe de France: l&rsquo;heure de Cherki a sonn\u00e9, h\u00e9catombe en d\u00e9fense"},"content":{"rendered":"\n<p>Par Keyvan NARAGHI &#8211; \u00a9 2025 AFP &#8211; Auteur de la saison la plus aboutie de sa jeune carri\u00e8re, le prodige lyonnais Rayan Cherki a \u00e9t\u00e9 promu mercredi en \u00e9quipe de France par Didier Deschamps qui s\u00e9curise ainsi l&rsquo;avenir international de l&rsquo;attaquant, les Bleus faisant par ailleurs face \u00e0 une h\u00e9catombe en d\u00e9fense avant le choc contre l&rsquo;Espagne en Ligue des nations.<\/p>\n\n\n\n<p>Le nom de Cherki, 21 ans, revenait r\u00e9guli\u00e8rement ces derniers mois \u00e0 chaque annonce de liste des Bleus mais le joueur de l&rsquo;OL restait toujours \u00e0 la disposition des Espoirs. Le s\u00e9lectionneur a finalement d\u00e9cid\u00e9 de mettre fin au suspense en l&rsquo;enr\u00f4lant pour le \u00ab\u00a0Final Four\u00a0\u00bb de la Ligue des nations qui d\u00e9butera par une demi-finale contre les champions d&rsquo;Europe, le 5 juin \u00e0 Stuttgart.<\/p>\n\n\n\n<p>Apr\u00e8s un exercice qui l&rsquo;a vu prendre une nouvelle dimension et \u00eatre sacr\u00e9 meilleur passeur de Ligue 1, le dribbleur va donc d\u00e9couvrir les A, faisant ainsi taire les sp\u00e9culations sur son choix de s\u00e9lection alors qu&rsquo;il \u00e9tait susceptible d&rsquo;int\u00e9grer aussi bien l&rsquo;\u00e9quipe nationale alg\u00e9rienne qu&rsquo;italienne en raison de ses origines familiales.<\/p>\n\n\n\n<p>La France a fini par emporter le morceau mais Deschamps a ni\u00e9 avoir voulu forcer le destin international de Cherki, se r\u00e9fugiant derri\u00e8re des crit\u00e8res uniquement sportifs.<\/p>\n\n\n\n<p>\u00ab\u00a0Je n&rsquo;ai jamais bloqu\u00e9 un joueur ni l&#8217;emp\u00each\u00e9 de choisir. Quand je les prends, c&rsquo;est pour nos besoins mais pas pour les emp\u00eacher de faire autre chose. \u00c0 aucun moment je n&rsquo;ai jou\u00e9 avec \u00e7a depuis que je suis s\u00e9lectionneur\u00a0\u00bb, s&rsquo;est-il d\u00e9fendu.<\/p>\n\n\n\n<p>\u00ab\u00a0Rayan aurait pu \u00eatre l\u00e0 aussi au mois de mars, par rapport \u00e0 ce qu&rsquo;il r\u00e9alise avec son club o\u00f9 il a \u00e9t\u00e9 beaucoup plus d\u00e9cisif, que ce soit \u00e0 travers ses buts et ses passes\u00a0\u00bb, a-t-il ajout\u00e9.<\/p>\n\n\n\n<p>Sa promotion chez les A le privera cependant de l&rsquo;Euro Espoirs (11 juin &#8211; 28 juin en Slovaquie) avec les Bleuets dont il \u00e9tait jusque-l\u00e0 un des piliers, a pr\u00e9cis\u00e9 Deschamps.<\/p>\n\n\n\n<h2 class=\"wp-block-heading\">La d\u00e9fense sur le flanc<\/h2>\n\n\n\n<p>Le s\u00e9lectionneur ayant opt\u00e9 pour une liste \u00e9largie de 25 joueurs, aucun attaquant ne fait les frais de l&rsquo;arriv\u00e9e de Cherki, qui accompagnera les \u00e9l\u00e9ments offensifs habituels (Kylian Mbapp\u00e9, Bradley Barcola, Ousmane Demb\u00e9l\u00e9, D\u00e9sir\u00e9 Dou\u00e9, Randal Kolo Muani, Michael Olise, Marcus Thuram).<\/p>\n\n\n\n<p>Le reste du groupe de Deschamps est surtout marqu\u00e9 par des absences de taille en d\u00e9fense. Avec les indisponibilit\u00e9s de Dayot Upamecano (genou), de William Saliba (ischio-jambier) et de Jules Kound\u00e9 (cuisse), c&rsquo;est la quasi totalit\u00e9 de l&rsquo;arri\u00e8re-garde titulaire des Bleus qui se retrouve sur le flanc.Pas vraiment rassurant avant de d\u00e9fier l&rsquo;attaque flamboyante de la Roja, emmen\u00e9e par le prodige Lamine Yamal.<\/p>\n\n\n\n<p>Sans ses piliers d\u00e9fensifs, le s\u00e9lectionneur a d\u00fb brasser large en rappelant notamment des anciens tels que Lucas Hernandez (29 ans), absent depuis un an, et Cl\u00e9ment Lenglet (29), dont la derni\u00e8re sortie en bleu remonte \u00e0 novembre 2021. Une situation qui profite \u00e9galement aux jeunes Malo Gusto (22 ans), Lo\u00efc Bad\u00e9 (25 ans) et Pierre Kalulu (24 ans).<\/p>\n\n\n\n<p>Au milieu, Deschamps ne pourra pas non plus compter sur Eduardo Camavinga, bless\u00e9 (ischio-jambier). Mais Deschamps n&rsquo;a convoqu\u00e9 aucun nouveau joueur pour le remplacer.<\/p>\n\n\n\n<p>Au-del\u00e0 de cette cascade de forfaits, Deschamps doit aussi composer avec les contraintes du calendrier et les cons\u00e9quences d&rsquo;une saison \u00e0 rallonge. Le s\u00e9lectionneur a programm\u00e9 le d\u00e9but du rassemblement au 30 mai mais la fen\u00eatre des matches internationaux ne d\u00e9bute que le 2 juin et les clubs n&rsquo;ont aucune obligation de lib\u00e9rer leurs joueurs plus t\u00f4t, selon le r\u00e8glement de la F\u00e9d\u00e9ration internationale (Fifa).<\/p>\n\n\n\n<p>\u00ab\u00a0Si certains clubs d\u00e9cident de lib\u00e9rer leurs joueurs le 2, qui est la date officielle, je ne peux rien y faire. Les calendriers ont toujours \u00e9t\u00e9 charg\u00e9s, les fen\u00eatres internationales sont de plus en plus courtes. Je m&rsquo;adapte, mais les joueurs sont tr\u00e8s sollicit\u00e9s\u00a0\u00bb, a-t-il lanc\u00e9.<\/p>\n\n\n\n<p>La question ne se pose pas pour les sept joueurs concern\u00e9s par la finale de la Ligue des champions entre le PSG et l&rsquo;Inter Milan (Ousmane Demb\u00e9l\u00e9, Bradley Barcola, Warren Za\u00efre-Emery, D\u00e9sir\u00e9 Dou\u00e9, Lucas Hernandez, Marcus Thuram, Benjamin Pavard), le 31 mai \u00e0 Munich. Ceux-l\u00e0 ne sont pas attendus au Centre national du football \u00e0 Clairefontaine avant le 2 juin, soit trois jours \u00e0 peine avant la demi-finale de Ligue des nations face \u00e0 l&rsquo;Espagne.<\/p>\n\n\n\n<p>kn\/jde<\/p>\n","protected":false},"excerpt":{"rendered":"<p>Par Keyvan NARAGHI &#8211; \u00a9 2025 AFP &#8211; Auteur de la saison la plus aboutie de sa jeune carri\u00e8re, le<\/p>\n","protected":false},"author":1,"featured_media":56954,"comment_status":"open","ping_status":"open","sticky":false,"template":"","format":"standard","meta":{"footnotes":""},"categories":[9],"tags":[],"class_list":["post-56953","post","type-post","status-publish","format-standard","has-post-thumbnail","hentry","category-sports"],"_links":{"self":[{"href":"https:\/\/dekkbi.com\/index.php?rest_route=\/wp\/v2\/posts\/56953","targetHints":{"allow":["GET"]}}],"collection":[{"href":"https:\/\/dekkbi.com\/index.php?rest_route=\/wp\/v2\/posts"}],"about":[{"href":"https:\/\/dekkbi.com\/index.php?rest_route=\/wp\/v2\/types\/post"}],"author":[{"embeddable":true,"href":"https:\/\/dekkbi.com\/index.php?rest_route=\/wp\/v2\/users\/1"}],"replies":[{"embeddable":true,"href":"https:\/\/dekkbi.com\/index.php?rest_route=%2Fwp%2Fv2%2Fcomments&post=56953"}],"version-history":[{"count":1,"href":"https:\/\/dekkbi.com\/index.php?rest_route=\/wp\/v2\/posts\/56953\/revisions"}],"predecessor-version":[{"id":56955,"href":"https:\/\/dekkbi.com\/index.php?rest_route=\/wp\/v2\/posts\/56953\/revisions\/56955"}],"wp:featuredmedia":[{"embeddable":true,"href":"https:\/\/dekkbi.com\/index.php?rest_route=\/wp\/v2\/media\/56954"}],"wp:attachment":[{"href":"https:\/\/dekkbi.com\/index.php?rest_route=%2Fwp%2Fv2%2Fmedia&parent=56953"}],"wp:term":[{"taxonomy":"category","embeddable":true,"href":"https:\/\/dekkbi.com\/index.php?rest_route=%2Fwp%2Fv2%2Fcategories&post=56953"},{"taxonomy":"post_tag","embeddable":true,"href":"https:\/\/dekkbi.com\/index.php?rest_route=%2Fwp%2Fv2%2Ftags&post=56953"}],"curies":[{"name":"wp","href":"https:\/\/api.w.org\/{rel}","templated":true}]}}