{"id":56929,"date":"2025-05-21T14:28:14","date_gmt":"2025-05-21T14:28:14","guid":{"rendered":"https:\/\/dekkbi.com\/?p=56929"},"modified":"2025-05-21T14:28:15","modified_gmt":"2025-05-21T14:28:15","slug":"thies-maintien-de-la-paix-en-guinee-bissau-le-drapeau-national-remis-au-4e-detachement-senegalais","status":"publish","type":"post","link":"https:\/\/dekkbi.com\/?p=56929","title":{"rendered":"Thi\u00e8s \u2013 Maintien de la paix en Guin\u00e9e-Bissau : Le drapeau national remis au 4e d\u00e9tachement s\u00e9n\u00e9galais"},"content":{"rendered":"\n<p><strong>Le 4\u00e8me d\u00e9tachement des Jambars, constitu\u00e9 de 153 militaires, va \u00eatre envoy\u00e9 de l\u2019autre c\u00f4t\u00e9 de la fronti\u00e8re, dans le cadre de la Mission d\u2019appui \u00e0 la stabilisation de la R\u00e9publique de Guin\u00e9e-Bissau (Detsen 4\/Masgb).\u00a0<\/strong><\/p>\n\n\n\n<p>&nbsp;Au nom de Monsieur le G\u00e9n\u00e9ral de corps d\u2019Arm\u00e9e, Chef d\u2019\u00e9tat-major g\u00e9n\u00e9ral des Arm\u00e9es, le G\u00e9n\u00e9ral de brigade Simon Ndour, Chef d\u2019\u00e9tat-major de l\u2019Arm\u00e9e de terre (Cemat), a pr\u00e9sid\u00e9, ce mardi 20 mai 2025, au Centre d\u2019entra\u00eenement tactique Capitaine Mbaye Diagne (Cet-Cmd) de Thi\u00e8s, la c\u00e9r\u00e9monie de remise du drapeau national au 4e d\u00e9tachement s\u00e9n\u00e9galais de la Mission d\u2019appui \u00e0 la stabilisation de la R\u00e9publique de Guin\u00e9e-Bissau (Detsen 4\/Masgb), \u00e0 la veille de son engagement sur le th\u00e9\u00e2tre. \u00abCette troisi\u00e8me rel\u00e8ve du d\u00e9tachement s\u00e9n\u00e9galais traduit une fois de plus la confiance renouvel\u00e9e des autorit\u00e9s de la Cedeao et de la R\u00e9publique de Guin\u00e9e-Bissau en notre pays, qui assume cette posture \u00e0 la fois prestigieuse et d\u00e9licate depuis trois ans\u00bb, note le G\u00e9n\u00e9ral de brigade Simon Ndour. En effet, dit-il, \u00abdepuis notre engagement sur le th\u00e9\u00e2tre bissau-guin\u00e9en, aucune action hostile notable n\u2019a \u00e9t\u00e9 enregistr\u00e9e et les populations coop\u00e8rent pleinement avec nos contingents. De plus, les relations avec les autorit\u00e9s civiles et les Forces de s\u00e9curit\u00e9 locales sont bonnes ; ce qui a grandement facilit\u00e9 l\u2019acceptation de notre d\u00e9tachement\u00bb.<\/p>\n\n\n\n<p>Contextualisant le th\u00e9\u00e2tre d\u2019engagement de ce d\u00e9tachement fort de cent-cinquante-trois (153) militaires dont trois (3) personnels f\u00e9minins, le Cemat souligne&nbsp;: \u00abLa R\u00e9publique s\u0153ur de Guin\u00e9e-Bissau est fragilis\u00e9e depuis plusieurs d\u00e9cennies par des \u00e9pisodes d\u2019instabilit\u00e9 li\u00e9s \u00e0 des tentatives de coup de force pr\u00e9judiciables \u00e0 la bonne marche des institutions \u00e9tatiques. En effet, suite \u00e0 la tentative avort\u00e9e de prise du pouvoir du 1er f\u00e9vrier 2022, qui a \u00e9t\u00e9 suivie par une vague d\u2019arrestations des pr\u00e9sum\u00e9s instigateurs, un sentiment de m\u00e9fiance s\u2019est install\u00e9 au sein des Forces de d\u00e9fense et de s\u00e9curit\u00e9, fragilisant ainsi la s\u00e9curit\u00e9 nationale de la Guin\u00e9e Bissau.\u00bb<\/p>\n\n\n\n<p>C\u2019est dans ce cadre, rappelle l\u2019officier sup\u00e9rieur, que la Communaut\u00e9 \u00e9conomique des Etats de l\u2019Afrique de l\u2019Ouest (Cedeao) a pris la d\u00e9cision de mettre en \u0153uvre la Mission d\u2019appui \u00e0 la stabilisation de la Guin\u00e9e-Bissau (Masgb), lors de la Session extraordinaire du Conseil de m\u00e9diation et de s\u00e9curit\u00e9 qui s\u2019est tenue le 10 mars 2022 \u00e0 Accra (Ghana). \u00abNotre premier contingent \u00e9tait d\u00e9ploy\u00e9 officiellement le 18 mai 2022. Par ailleurs, les enseignements tir\u00e9s des engagements ant\u00e9rieurs et en cours mettent en exergue l\u2019urgence de soutenir les Forces de d\u00e9fense et de s\u00e9curit\u00e9 de la Guin\u00e9e-Bissau pour assurer le succ\u00e8s dans leur mission de protection du pr\u00e9sident de la R\u00e9publique, des autorit\u00e9s civiles et de la population\u00bb, souligne-t-il.<\/p>\n\n\n\n<p>Dans ce contexte, informe le G\u00e9n\u00e9ral de brigade Simon Ndour, le r\u00f4le du Detsen 4\/Masgb sera de contribuer aux patrouilles conjointes, \u00e0 l\u2019int\u00e9rieur comme \u00e0 l\u2019ext\u00e9rieur de la ville de Bissau, dans le but de s\u00e9curiser les populations civiles. Parall\u00e8lement \u00e0 ces missions dynamiques, le d\u00e9tachement devra participer \u00e0 la protection du Palais du gouvernement de la R\u00e9publique de Guin\u00e9e-Bissau et de plusieurs points sensibles importants dans la stabilisation de ce pays. De plus, les \u00e9ch\u00e9ances \u00e9lectorales pr\u00e9vues en cette fin d\u2019ann\u00e9e 2025 constituent un enjeu majeur dans la stabilisation de ce pays fr\u00e8re.<\/p>\n\n\n\n<p>Il rappelle aux officiers, sous-officiers et militaires du rang du Detsen 4\/Masgb que \u00abcette panoplie de missions n\u00e9cessite de votre part, un engagement sans faille et une rigueur in\u00e9branlable empreinte d\u2019une souplesse dans vos interactions avec les autorit\u00e9s et la population locales\u00bb. Dans ce cadre, de rappeler surtout au Lieutenant-colonel L\u00e9opold Thierry Tendeng, Commandant le Detsen 4\/Masgb, qu\u2019\u00aben recevant le drapeau national, vous faites le serment de signer un pacte avec la Nation. Vous, ainsi que les hommes et femmes plac\u00e9s sous vos ordres, faites non seulement le serment de repr\u00e9senter dignement le S\u00e9n\u00e9gal, mais surtout de vous conformer aux r\u00e8gles de conduite et d\u2019engagement de la Cedeao\u00bb.<\/p>\n\n\n\n<p>Aussi de poursuivre&nbsp;: \u00abC\u2019est l\u00e0 tout le but vis\u00e9 par votre regroupement au Centre d\u2019entra\u00eenement tactique Capitaine Mbaye Diagne et votre s\u00e9jour au Centre d\u2019entra\u00eenement tactique Capitaine Abdoulaye Ngom de Toubacouta. Durant ces trois derniers mois, vous avez effectu\u00e9 une mise en condition op\u00e9rationnelle adapt\u00e9e \u00e0 l\u2019environnement de votre zone de d\u00e9ploiement, afin que vous soyez en mesure, d\u2019embl\u00e9e, d\u2019ex\u00e9cuter votre mission qui n\u00e9cessite un haut niveau de disponibilit\u00e9, de flexibilit\u00e9 et de r\u00e9activit\u00e9.\u00bb<\/p>\n\n\n\n<p>Toujours selon lui, \u00abs\u2019appuyant sur les Retex de nos contingents, un entra\u00eenement exigeant vous a \u00e9t\u00e9 dispens\u00e9 aux plans tactique et technique pour que vous ma\u00eetrisiez les proc\u00e9dures op\u00e9rationnelles et les modes d\u2019action idoines pour faire face \u00e0 toutes les menaces. Quant au cycle des conf\u00e9rences, il visait \u00e0 vous familiariser avec le milieu physique et humain, et surtout avec certaines probl\u00e9matiques majeures du maintien de la paix actuel, particuli\u00e8rement les droits de l\u2019Homme, les abus et l\u2019exploitation sexuels, sujets sur lesquels le Commandement ne tol\u00e9rera aucun manquement, car il y va de la r\u00e9putation de notre pays\u00bb.<\/p>\n\n\n\n<p>Le Cemat demeure convaincu qu\u2019en mettant en \u0153uvre avec professionnalisme, les savoir-faire tactiques et techniques acquis au cours de la pr\u00e9paration pr\u00e9-d\u00e9ploiement, les officiers, sous-officiers et militaires du rang du Detsen 4\/Masgb \u00e9galeront et surpasseront les excellents r\u00e9sultats op\u00e9rationnels enregistr\u00e9s par leurs devanciers, et qui valent au S\u00e9n\u00e9gal des sollicitations constantes de la Communaut\u00e9 internationale.<\/p>\n\n\n\n<p><strong>Par Cheikh CAMARA \u2013<\/strong> <strong>cheikh.camara@lequotidien.sn<\/strong><\/p>\n","protected":false},"excerpt":{"rendered":"<p>Le 4\u00e8me d\u00e9tachement des Jambars, constitu\u00e9 de 153 militaires, va \u00eatre envoy\u00e9 de l\u2019autre c\u00f4t\u00e9 de la fronti\u00e8re, dans le<\/p>\n","protected":false},"author":1,"featured_media":56930,"comment_status":"open","ping_status":"open","sticky":false,"template":"","format":"standard","meta":{"footnotes":""},"categories":[21],"tags":[],"class_list":["post-56929","post","type-post","status-publish","format-standard","has-post-thumbnail","hentry","category-societe"],"_links":{"self":[{"href":"https:\/\/dekkbi.com\/index.php?rest_route=\/wp\/v2\/posts\/56929","targetHints":{"allow":["GET"]}}],"collection":[{"href":"https:\/\/dekkbi.com\/index.php?rest_route=\/wp\/v2\/posts"}],"about":[{"href":"https:\/\/dekkbi.com\/index.php?rest_route=\/wp\/v2\/types\/post"}],"author":[{"embeddable":true,"href":"https:\/\/dekkbi.com\/index.php?rest_route=\/wp\/v2\/users\/1"}],"replies":[{"embeddable":true,"href":"https:\/\/dekkbi.com\/index.php?rest_route=%2Fwp%2Fv2%2Fcomments&post=56929"}],"version-history":[{"count":1,"href":"https:\/\/dekkbi.com\/index.php?rest_route=\/wp\/v2\/posts\/56929\/revisions"}],"predecessor-version":[{"id":56931,"href":"https:\/\/dekkbi.com\/index.php?rest_route=\/wp\/v2\/posts\/56929\/revisions\/56931"}],"wp:featuredmedia":[{"embeddable":true,"href":"https:\/\/dekkbi.com\/index.php?rest_route=\/wp\/v2\/media\/56930"}],"wp:attachment":[{"href":"https:\/\/dekkbi.com\/index.php?rest_route=%2Fwp%2Fv2%2Fmedia&parent=56929"}],"wp:term":[{"taxonomy":"category","embeddable":true,"href":"https:\/\/dekkbi.com\/index.php?rest_route=%2Fwp%2Fv2%2Fcategories&post=56929"},{"taxonomy":"post_tag","embeddable":true,"href":"https:\/\/dekkbi.com\/index.php?rest_route=%2Fwp%2Fv2%2Ftags&post=56929"}],"curies":[{"name":"wp","href":"https:\/\/api.w.org\/{rel}","templated":true}]}}