{"id":56897,"date":"2025-05-21T11:34:41","date_gmt":"2025-05-21T11:34:41","guid":{"rendered":"https:\/\/dekkbi.com\/?p=56897"},"modified":"2025-05-21T11:34:41","modified_gmt":"2025-05-21T11:34:41","slug":"avoirs-criminels-35-milliards-recouvres-entre-2023-et-2025","status":"publish","type":"post","link":"https:\/\/dekkbi.com\/?p=56897","title":{"rendered":"Avoirs criminels: 35 milliards recouvr\u00e9s entre 2023 et 2025"},"content":{"rendered":"\n<p><a href=\"https:\/\/lesoleil.sn\/wp-content\/uploads\/2025\/05\/WhatsApp-Image-2025-05-20-at-13.26.43.jpeg\"><\/a><strong>Depuis sa fonctionnalit\u00e9 en mars 2022, l\u2019Office national de recouvrement des avoirs criminels (Onrac) a recouvr\u00e9 pr\u00e8s de 35 milliards de FCFA. Son directeur g\u00e9n\u00e9ral, Mor Ndiaye, l\u2019a r\u00e9v\u00e9l\u00e9 lors de l\u2019atelier sur le recouvrement et la gestion des avoirs au S\u00e9n\u00e9gal.<\/strong><\/p>\n\n\n\n<p>L\u2019ONG Action humaine pour le d\u00e9veloppement int\u00e9gr\u00e9 au S\u00e9n\u00e9gal (AHDIS) a, avec le soutien du Groupe intergouvernemental d\u2019action contre le blanchiment d\u2019argent en Afrique de l\u2019Ouest (GIABA), organis\u00e9 ce mardi 20 mai 2025 un atelier national de sensibilisation et de plaidoyer des organisations de la soci\u00e9t\u00e9 civile (OSC) sur le recouvrement et la gestion des avoirs au S\u00e9n\u00e9gal.<\/p>\n\n\n\n<p>Lors de la c\u00e9r\u00e9monie d\u2019ouverture, le directeur g\u00e9n\u00e9ral de l\u2019Onrac a salu\u00e9 les r\u00e9sultats obtenus par l\u2019institution depuis qu\u2019elle est devenue op\u00e9rationnelle. \u00ab L\u2019Onrac a \u00e9t\u00e9 cr\u00e9\u00e9e le 23 juillet 2021, et elle est devenue op\u00e9rationnelle d\u00e9j\u00e0 en mars 2022. En moins d\u2019un an de fonctionnement, l\u2019Onrac avait d\u00e9j\u00e0 un milliard de francs CFA d\u2019avoirs recouvr\u00e9s. En 2025, les avoirs qui ont \u00e9t\u00e9 recouvr\u00e9s peuvent \u00eatre estim\u00e9s \u00e0 peu pr\u00e8s \u00e0 plus de 35 milliards \u00bb, a inform\u00e9 Mor Ndiaye, en pr\u00e9cisant qu\u2019il ne s\u2019agit pas de biens mal acquis, mais d\u2019avoirs criminels.<\/p>\n\n\n\n<p>Aussi, le magistrat a salu\u00e9 le travail \u00ab inestimable \u00bb du S\u00e9n\u00e9gal en mati\u00e8re de lutte contre le blanchiment de capitaux. \u00ab Le S\u00e9n\u00e9gal a fait un bond en avant dans son dispositif juridique concernant la criminalit\u00e9 financi\u00e8re, mais le travail doit continuer. C\u2019est comme un ch\u00e2teau de cartes qui s\u2019\u00e9croule si on ne fait pas le recouvrement des avoirs \u00bb, a soutenu M. Ndiaye.<\/p>\n\n\n\n<p>C\u2019est pourquoi il se r\u00e9jouit de l\u2019implication des organisations de la soci\u00e9t\u00e9 dans la campagne de communication et de sensibilisation sur le recouvrement et la gestion des avoirs au S\u00e9n\u00e9gal. Pour Alioune Niokhor Diouf, repr\u00e9sentant de la Centif, \u00ab cette dynamique de sensibilisation vient \u00e0 son heure \u00bb. \u00ab \u00c9tant au service des populations, il est important que celles-ci soient inform\u00e9es de ce que nous faisons \u00bb, dit-il.<\/p>\n\n\n\n<p>Soulignant \u00ab la n\u00e9cessit\u00e9 de mieux communiquer avec les populations sur la criminalit\u00e9 financi\u00e8re \u00bb, Saliou Diop, repr\u00e9sentant de l\u2019Ofnac, a promis que sa structure va accompagner la campagne pour que \u00ab l\u2019argent du contribuable soit mieux g\u00e9r\u00e9 \u00bb.<\/p>\n\n\n\n<p>Le pr\u00e9sident de l\u2019AHDIS, Amacodou Diouf, est revenu sur le sens du plaidoyer, qui sera \u00e9tendu dans d\u2019autres localit\u00e9s du pays. \u00ab Nous sommes convaincus que les organisations de la soci\u00e9t\u00e9 civile peuvent faire quelque chose dans le cadre du recouvrement, au-del\u00e0 de la sensibilisation, \u00e0 travers la participation dans le cadre de la formulation de certaines politiques, de certaines strat\u00e9gies en la mati\u00e8re \u00bb, explique M. Diouf. Apr\u00e8s Dakar, poursuit-il, \u00ab certainement, nous irons dans les autres r\u00e9gions du S\u00e9n\u00e9gal o\u00f9 nous pourrons discuter avec les communaut\u00e9s \u00e0 la base, les d\u00e9cideurs locaux et les autres organisations de la soci\u00e9t\u00e9 civile autour de la probl\u00e9matique du recouvrement \u00bb.<\/p>\n\n\n\n<p>Fatou SY<\/p>\n\n\n\n<p>LESOLEIL<\/p>\n","protected":false},"excerpt":{"rendered":"<p>Depuis sa fonctionnalit\u00e9 en mars 2022, l\u2019Office national de recouvrement des avoirs criminels (Onrac) a recouvr\u00e9 pr\u00e8s de 35 milliards<\/p>\n","protected":false},"author":1,"featured_media":56898,"comment_status":"open","ping_status":"open","sticky":false,"template":"","format":"standard","meta":{"footnotes":""},"categories":[3],"tags":[],"class_list":["post-56897","post","type-post","status-publish","format-standard","has-post-thumbnail","hentry","category-event-more-news"],"_links":{"self":[{"href":"https:\/\/dekkbi.com\/index.php?rest_route=\/wp\/v2\/posts\/56897","targetHints":{"allow":["GET"]}}],"collection":[{"href":"https:\/\/dekkbi.com\/index.php?rest_route=\/wp\/v2\/posts"}],"about":[{"href":"https:\/\/dekkbi.com\/index.php?rest_route=\/wp\/v2\/types\/post"}],"author":[{"embeddable":true,"href":"https:\/\/dekkbi.com\/index.php?rest_route=\/wp\/v2\/users\/1"}],"replies":[{"embeddable":true,"href":"https:\/\/dekkbi.com\/index.php?rest_route=%2Fwp%2Fv2%2Fcomments&post=56897"}],"version-history":[{"count":1,"href":"https:\/\/dekkbi.com\/index.php?rest_route=\/wp\/v2\/posts\/56897\/revisions"}],"predecessor-version":[{"id":56899,"href":"https:\/\/dekkbi.com\/index.php?rest_route=\/wp\/v2\/posts\/56897\/revisions\/56899"}],"wp:featuredmedia":[{"embeddable":true,"href":"https:\/\/dekkbi.com\/index.php?rest_route=\/wp\/v2\/media\/56898"}],"wp:attachment":[{"href":"https:\/\/dekkbi.com\/index.php?rest_route=%2Fwp%2Fv2%2Fmedia&parent=56897"}],"wp:term":[{"taxonomy":"category","embeddable":true,"href":"https:\/\/dekkbi.com\/index.php?rest_route=%2Fwp%2Fv2%2Fcategories&post=56897"},{"taxonomy":"post_tag","embeddable":true,"href":"https:\/\/dekkbi.com\/index.php?rest_route=%2Fwp%2Fv2%2Ftags&post=56897"}],"curies":[{"name":"wp","href":"https:\/\/api.w.org\/{rel}","templated":true}]}}