{"id":56891,"date":"2025-05-21T10:59:26","date_gmt":"2025-05-21T10:59:26","guid":{"rendered":"https:\/\/dekkbi.com\/?p=56891"},"modified":"2025-05-21T10:59:27","modified_gmt":"2025-05-21T10:59:27","slug":"senegal-suspension-temporaire-des-ventes-doignons-et-de-pommes-de-terre-issues-de-lagrobusiness","status":"publish","type":"post","link":"https:\/\/dekkbi.com\/?p=56891","title":{"rendered":"S\u00e9n\u00e9gal : suspension temporaire des ventes d\u2019oignons et de pommes de terre issues de l\u2019agrobusiness"},"content":{"rendered":"\n<p><a href=\"https:\/\/lesoleil.sn\/wp-content\/uploads\/2025\/05\/oignon-stock.jpg\"><\/a>Face \u00e0 une \u00ab\u00a0saturation du march\u00e9\u00a0\u00bb local de l\u2019oignon, l\u2019\u00c9tat s\u00e9n\u00e9galais a d\u00e9cid\u00e9 de suspendre temporairement la commercialisation de certaines productions pour soutenir les petits producteurs. Par une lettre circulaire dat\u00e9e du 20 mai 2025, l\u2019Agence de R\u00e9gulation des March\u00e9s (ARM), sous tutelle du minist\u00e8re de l\u2019Industrie et du Commerce, a annonc\u00e9 l\u2019interdiction des ventes d\u2019oignons et de pommes de terre provenant de l\u2019agrobusiness entre le 22 mai et le 15 juin 2025.<\/p>\n\n\n\n<p>Cette mesure, selon le directeur g\u00e9n\u00e9ral de l\u2019ARM, Babacar Semb\u00e8ne, vise \u00e0 \u00ab corriger le d\u00e9s\u00e9quilibre entre l\u2019offre et la demande sur le march\u00e9 local \u00bb. En effet, une surproduction a provoqu\u00e9 une chute notable des prix \u00e0 la production, accompagn\u00e9e de pertes post-r\u00e9coltes importantes.<\/p>\n\n\n\n<p>Dans la circulaire, il est pr\u00e9cis\u00e9 que \u00ab cette situation traduit l\u2019importance des stocks disponibles et en souffrance au niveau des petits producteurs \u00bb. Faute de moyens de conservation adapt\u00e9s, ces derniers peinent \u00e0 \u00e9couler leurs produits dans des conditions rentables.<\/p>\n\n\n\n<p>La mesure concerne plusieurs grandes structures op\u00e9rant dans le secteur de l\u2019agriculture industrielle, dont Swami Agri, SCL, Van Oers, Africa Farmer Food ou encore Sedagri.<\/p>\n\n\n\n<p>L\u2019ARM exhorte tous les acteurs impliqu\u00e9s \u00e0 respecter scrupuleusement cette d\u00e9cision, qui s\u2019inscrit dans une volont\u00e9 de solidarit\u00e9 \u00e9conomique et de valorisation de la production locale.<\/p>\n\n\n\n<p><strong>C.G. DIOP<\/strong><\/p>\n\n\n\n<p>LESOLEIL<\/p>\n","protected":false},"excerpt":{"rendered":"<p>Face \u00e0 une \u00ab\u00a0saturation du march\u00e9\u00a0\u00bb local de l\u2019oignon, l\u2019\u00c9tat s\u00e9n\u00e9galais a d\u00e9cid\u00e9 de suspendre temporairement la commercialisation de certaines<\/p>\n","protected":false},"author":1,"featured_media":56892,"comment_status":"open","ping_status":"open","sticky":false,"template":"","format":"standard","meta":{"footnotes":""},"categories":[3],"tags":[],"class_list":["post-56891","post","type-post","status-publish","format-standard","has-post-thumbnail","hentry","category-event-more-news"],"_links":{"self":[{"href":"https:\/\/dekkbi.com\/index.php?rest_route=\/wp\/v2\/posts\/56891","targetHints":{"allow":["GET"]}}],"collection":[{"href":"https:\/\/dekkbi.com\/index.php?rest_route=\/wp\/v2\/posts"}],"about":[{"href":"https:\/\/dekkbi.com\/index.php?rest_route=\/wp\/v2\/types\/post"}],"author":[{"embeddable":true,"href":"https:\/\/dekkbi.com\/index.php?rest_route=\/wp\/v2\/users\/1"}],"replies":[{"embeddable":true,"href":"https:\/\/dekkbi.com\/index.php?rest_route=%2Fwp%2Fv2%2Fcomments&post=56891"}],"version-history":[{"count":1,"href":"https:\/\/dekkbi.com\/index.php?rest_route=\/wp\/v2\/posts\/56891\/revisions"}],"predecessor-version":[{"id":56893,"href":"https:\/\/dekkbi.com\/index.php?rest_route=\/wp\/v2\/posts\/56891\/revisions\/56893"}],"wp:featuredmedia":[{"embeddable":true,"href":"https:\/\/dekkbi.com\/index.php?rest_route=\/wp\/v2\/media\/56892"}],"wp:attachment":[{"href":"https:\/\/dekkbi.com\/index.php?rest_route=%2Fwp%2Fv2%2Fmedia&parent=56891"}],"wp:term":[{"taxonomy":"category","embeddable":true,"href":"https:\/\/dekkbi.com\/index.php?rest_route=%2Fwp%2Fv2%2Fcategories&post=56891"},{"taxonomy":"post_tag","embeddable":true,"href":"https:\/\/dekkbi.com\/index.php?rest_route=%2Fwp%2Fv2%2Ftags&post=56891"}],"curies":[{"name":"wp","href":"https:\/\/api.w.org\/{rel}","templated":true}]}}