{"id":56860,"date":"2025-05-20T10:31:16","date_gmt":"2025-05-20T10:31:16","guid":{"rendered":"https:\/\/dekkbi.com\/?p=56860"},"modified":"2025-05-20T10:31:42","modified_gmt":"2025-05-20T10:31:42","slug":"nomination-lancienne-ministre-nene-fatoumata-tall-rejoint-lunion-africaine","status":"publish","type":"post","link":"https:\/\/dekkbi.com\/?p=56860","title":{"rendered":"Nomination: L\u2019ancienne ministre N\u00e9n\u00e9 Fatoumata Tall rejoint l\u2019Union Africaine"},"content":{"rendered":"\n<p>L\u2019Union africaine a proc\u00e9d\u00e9 \u00e0 l\u2019int\u00e9gration de N\u00e9n\u00e9 Fatoumata Tall au sein du r\u00e9seau Femmes africaines pour la pr\u00e9vention des conflits et la m\u00e9diation (FemWise-Africa).<\/p>\n\n\n\n<p>Cette entit\u00e9 sp\u00e9cialis\u00e9e vise \u00e0 renforcer l\u2019implication des femmes dans les processus de paix sur le continent africain. La d\u00e9signation de Mme Tall intervient dans un contexte o\u00f9 la repr\u00e9sentation f\u00e9minine dans les m\u00e9canismes de r\u00e9solution de conflits reste un enjeu majeur pour l\u2019organisation panafricaine. Dans une d\u00e9claration faite \u00e0 l\u2019occasion de son int\u00e9gration,\u00a0N\u00e9n\u00e9 Fatoumata Tall\u00a0a exprim\u00e9 sa gratitude envers l\u2019Union africaine pour la confiance accord\u00e9e. Elle a \u00e9galement remerci\u00e9 l\u2019ancien pr\u00e9sident Macky Sall, soulignant que les responsabilit\u00e9s qu\u2019elle a exerc\u00e9es sous son mandat ont contribu\u00e9 \u00e0 la trajectoire qui l\u2019a men\u00e9e \u00e0 ce poste au sein de FemWise-Africa. Mme Tall a par ailleurs \u00e9voqu\u00e9 son attachement au dialogue et \u00e0 la stabilit\u00e9, qu\u2019elle consid\u00e8re comme des axes majeurs de son engagement.<\/p>\n\n\n\n<p>FemWise-Africa constitue un m\u00e9canisme de soutien aux efforts de m\u00e9diation conduits par l\u2019Union africaine et ses partenaires. Sa mission principale est de promouvoir la participation active des femmes dans la pr\u00e9vention et la r\u00e9solution des conflits. L\u2019arriv\u00e9e de N\u00e9n\u00e9 Fatoumata Tall au sein du r\u00e9seau vient \u00e9largir la repr\u00e9sentation ouest-africaine dans cette structure, \u00e0 un moment o\u00f9 les tensions politiques et s\u00e9curitaires persistent dans plusieurs r\u00e9gions du continent.<\/p>\n\n\n\n<p>SOURCE SENENEWS<\/p>\n","protected":false},"excerpt":{"rendered":"<p>L\u2019Union africaine a proc\u00e9d\u00e9 \u00e0 l\u2019int\u00e9gration de N\u00e9n\u00e9 Fatoumata Tall au sein du r\u00e9seau Femmes africaines pour la pr\u00e9vention des<\/p>\n","protected":false},"author":1,"featured_media":56862,"comment_status":"open","ping_status":"open","sticky":false,"template":"","format":"standard","meta":{"footnotes":""},"categories":[6],"tags":[],"class_list":["post-56860","post","type-post","status-publish","format-standard","has-post-thumbnail","hentry","category-politics"],"_links":{"self":[{"href":"https:\/\/dekkbi.com\/index.php?rest_route=\/wp\/v2\/posts\/56860","targetHints":{"allow":["GET"]}}],"collection":[{"href":"https:\/\/dekkbi.com\/index.php?rest_route=\/wp\/v2\/posts"}],"about":[{"href":"https:\/\/dekkbi.com\/index.php?rest_route=\/wp\/v2\/types\/post"}],"author":[{"embeddable":true,"href":"https:\/\/dekkbi.com\/index.php?rest_route=\/wp\/v2\/users\/1"}],"replies":[{"embeddable":true,"href":"https:\/\/dekkbi.com\/index.php?rest_route=%2Fwp%2Fv2%2Fcomments&post=56860"}],"version-history":[{"count":1,"href":"https:\/\/dekkbi.com\/index.php?rest_route=\/wp\/v2\/posts\/56860\/revisions"}],"predecessor-version":[{"id":56863,"href":"https:\/\/dekkbi.com\/index.php?rest_route=\/wp\/v2\/posts\/56860\/revisions\/56863"}],"wp:featuredmedia":[{"embeddable":true,"href":"https:\/\/dekkbi.com\/index.php?rest_route=\/wp\/v2\/media\/56862"}],"wp:attachment":[{"href":"https:\/\/dekkbi.com\/index.php?rest_route=%2Fwp%2Fv2%2Fmedia&parent=56860"}],"wp:term":[{"taxonomy":"category","embeddable":true,"href":"https:\/\/dekkbi.com\/index.php?rest_route=%2Fwp%2Fv2%2Fcategories&post=56860"},{"taxonomy":"post_tag","embeddable":true,"href":"https:\/\/dekkbi.com\/index.php?rest_route=%2Fwp%2Fv2%2Ftags&post=56860"}],"curies":[{"name":"wp","href":"https:\/\/api.w.org\/{rel}","templated":true}]}}