{"id":56851,"date":"2025-05-20T10:13:33","date_gmt":"2025-05-20T10:13:33","guid":{"rendered":"https:\/\/dekkbi.com\/?p=56851"},"modified":"2025-05-20T10:13:34","modified_gmt":"2025-05-20T10:13:34","slug":"diplomatie-le-president-assimi-goita-a-recu-le-ministre-senegalais-des-forces-armees-porteur-dun-message-du-president-diomaye-faye","status":"publish","type":"post","link":"https:\/\/dekkbi.com\/?p=56851","title":{"rendered":"Diplomatie: Le Pr\u00e9sident Assimi Go\u00efta a re\u00e7u le ministre s\u00e9n\u00e9galais des Forces arm\u00e9es, porteur d\u2019un message du Pr\u00e9sident Diomaye Faye"},"content":{"rendered":"\n<h3 class=\"wp-block-heading\">Le Pr\u00e9sident de la Transition du Mali, Son Excellence le G\u00e9n\u00e9ral d\u2019Arm\u00e9e Assimi Go\u00efta, a accord\u00e9 une audience ce lundi 19 mai 2025 au ministre s\u00e9n\u00e9galais des Forces arm\u00e9es, le G\u00e9n\u00e9ral Birame Diop. Ce dernier \u00e9tait porteur d\u2019un message de son homologue s\u00e9n\u00e9galais, le Pr\u00e9sident Bassirou Diomaye Faye.<\/h3>\n\n\n\n<p>Au cours de cette rencontre, le G\u00e9n\u00e9ral Diop a transmis les salutations fraternelles du chef de l\u2019\u00c9tat s\u00e9n\u00e9galais et a r\u00e9affirm\u00e9 les liens historiques d\u2019amiti\u00e9 et de coop\u00e9ration entre Dakar et Bamako. Il a soulign\u00e9 l\u2019importance de renforcer ces relations dans un contexte sous-r\u00e9gional marqu\u00e9 par de nombreux d\u00e9fis s\u00e9curitaires.<\/p>\n\n\n\n<p>S&rsquo;exprimant \u00e0 l\u2019issue de l\u2019audience, le ministre s\u00e9n\u00e9galais a insist\u00e9 sur la volont\u00e9 de son pays de promouvoir un partenariat constructif avec le Mali. \u00ab Le message que je porte est un message de main tendue, face aux d\u00e9fis extr\u00eamement aigus auxquels fait face notre continent, qui demande une grande solidarit\u00e9 \u00bb, a-t-il d\u00e9clar\u00e9 \u00e0 la presse.<\/p>\n\n\n\n<p>Le Pr\u00e9sident Assimi Go\u00efta, pour sa part, a salu\u00e9 cette initiative et a r\u00e9it\u00e9r\u00e9 son engagement \u00e0 approfondir les relations d\u2019amiti\u00e9 et de fraternit\u00e9 entre les deux nations. Il a charg\u00e9 le ministre Diop de transmettre \u00e0 son tour ses salutations fraternelles au Pr\u00e9sident Diomaye Faye.<\/p>\n\n\n\n<p>Cette visite s\u2019inscrit dans le cadre d\u2019un renforcement des \u00e9changes diplomatiques entre les deux pays, \u00e0 un moment o\u00f9 la stabilit\u00e9 et la coop\u00e9ration r\u00e9gionale s\u2019imposent comme des priorit\u00e9s partag\u00e9es.<\/p>\n","protected":false},"excerpt":{"rendered":"<p>Le Pr\u00e9sident de la Transition du Mali, Son Excellence le G\u00e9n\u00e9ral d\u2019Arm\u00e9e Assimi Go\u00efta, a accord\u00e9 une audience ce lundi<\/p>\n","protected":false},"author":1,"featured_media":56852,"comment_status":"open","ping_status":"open","sticky":false,"template":"","format":"standard","meta":{"footnotes":""},"categories":[6],"tags":[],"class_list":["post-56851","post","type-post","status-publish","format-standard","has-post-thumbnail","hentry","category-politics"],"_links":{"self":[{"href":"https:\/\/dekkbi.com\/index.php?rest_route=\/wp\/v2\/posts\/56851","targetHints":{"allow":["GET"]}}],"collection":[{"href":"https:\/\/dekkbi.com\/index.php?rest_route=\/wp\/v2\/posts"}],"about":[{"href":"https:\/\/dekkbi.com\/index.php?rest_route=\/wp\/v2\/types\/post"}],"author":[{"embeddable":true,"href":"https:\/\/dekkbi.com\/index.php?rest_route=\/wp\/v2\/users\/1"}],"replies":[{"embeddable":true,"href":"https:\/\/dekkbi.com\/index.php?rest_route=%2Fwp%2Fv2%2Fcomments&post=56851"}],"version-history":[{"count":1,"href":"https:\/\/dekkbi.com\/index.php?rest_route=\/wp\/v2\/posts\/56851\/revisions"}],"predecessor-version":[{"id":56853,"href":"https:\/\/dekkbi.com\/index.php?rest_route=\/wp\/v2\/posts\/56851\/revisions\/56853"}],"wp:featuredmedia":[{"embeddable":true,"href":"https:\/\/dekkbi.com\/index.php?rest_route=\/wp\/v2\/media\/56852"}],"wp:attachment":[{"href":"https:\/\/dekkbi.com\/index.php?rest_route=%2Fwp%2Fv2%2Fmedia&parent=56851"}],"wp:term":[{"taxonomy":"category","embeddable":true,"href":"https:\/\/dekkbi.com\/index.php?rest_route=%2Fwp%2Fv2%2Fcategories&post=56851"},{"taxonomy":"post_tag","embeddable":true,"href":"https:\/\/dekkbi.com\/index.php?rest_route=%2Fwp%2Fv2%2Ftags&post=56851"}],"curies":[{"name":"wp","href":"https:\/\/api.w.org\/{rel}","templated":true}]}}