{"id":56848,"date":"2025-05-20T10:05:43","date_gmt":"2025-05-20T10:05:43","guid":{"rendered":"https:\/\/dekkbi.com\/?p=56848"},"modified":"2025-05-20T10:08:46","modified_gmt":"2025-05-20T10:08:46","slug":"dialogue-national-au-senegal-la-nouvelle-responsabilite-damadou-ba-repond-favorablement-a-lappel-du-president-diomaye-faye","status":"publish","type":"post","link":"https:\/\/dekkbi.com\/?p=56848","title":{"rendered":"Dialogue national au S\u00e9n\u00e9gal : La Nouvelle Responsabilit\u00e9 d\u2019Amadou Ba r\u00e9pond favorablement \u00e0 l\u2019appel du Pr\u00e9sident Diomaye Faye"},"content":{"rendered":"\n<h3 class=\"wp-block-heading\">La coalition politique Nouvelle Responsabilit\u00e9 (NR), dirig\u00e9e par l\u2019opposant Amadou Ba, a officiellement annonc\u00e9 sa participation au dialogue national initi\u00e9 par le pr\u00e9sident Bassirou Diomaye Faye. Cette d\u00e9cision, qualifi\u00e9e de \u00ab m\u00fbrement r\u00e9fl\u00e9chie \u00bb, marque l\u2019engagement de la formation politique \u00e0 contribuer \u00e0 la stabilit\u00e9 du pays et \u00e0 son d\u00e9veloppement \u00e9conomique et social.<\/h3>\n\n\n\n<p>Dans un communiqu\u00e9 transmis \u00e0 la presse, la NR affirme r\u00e9pondre \u00ab de mani\u00e8re responsable \u00bb \u00e0 l\u2019invitation du chef de l\u2019\u00c9tat, fid\u00e8le \u00e0 sa devise \u00ab Jamm ak Njarin \u00bb (paix et prosp\u00e9rit\u00e9 partag\u00e9e). Elle insiste n\u00e9anmoins sur la n\u00e9cessit\u00e9 d\u2019\u00e9largir le p\u00e9rim\u00e8tre des discussions au-del\u00e0 du syst\u00e8me politique.<\/p>\n\n\n\n<p>Pour la NR, les enjeux \u00e9conomiques et sociaux doivent occuper une place centrale dans ce dialogue national. Parmi les priorit\u00e9s \u00e9voqu\u00e9es figurent la dette publique, le d\u00e9ficit budg\u00e9taire, l\u2019\u00e9quit\u00e9 fiscale, l\u2019emploi des jeunes, les migrations, le pouvoir d\u2019achat, la chert\u00e9 de la vie, ainsi que la pr\u00e9servation des libert\u00e9s fondamentales.<\/p>\n\n\n\n<p>\u00ab Le dialogue national ne doit pas \u00eatre un simple cadre d\u2019\u00e9changes entre acteurs politiques, mais un v\u00e9ritable outil r\u00e9publicain de pacification, de renforcement de la d\u00e9mocratie et de consolidation de l\u2019\u00c9tat de droit \u00bb, pr\u00e9cise le communiqu\u00e9.<\/p>\n\n\n\n<p>Positionn\u00e9e comme une force d\u2019opposition \u00ab incontestable \u00bb, la Nouvelle Responsabilit\u00e9 affirme vouloir contribuer de mani\u00e8re critique et constructive aux discussions, tout en appelant \u00e0 un climat de confiance et de respect mutuel entre toutes les parties prenantes.<\/p>\n\n\n\n<p>Dans un contexte marqu\u00e9 par de fortes attentes sociales et une conjoncture \u00e9conomique difficile, cette prise de position d\u2019Amadou Ba et de son mouvement appara\u00eet comme un signe d\u2019ouverture politique et de recherche de solutions concert\u00e9es aux d\u00e9fis nationaux.<\/p>\n\n\n\n<p>MD &#8211; LERAL<br><\/p>\n","protected":false},"excerpt":{"rendered":"<p>La coalition politique Nouvelle Responsabilit\u00e9 (NR), dirig\u00e9e par l\u2019opposant Amadou Ba, a officiellement annonc\u00e9 sa participation au dialogue national initi\u00e9<\/p>\n","protected":false},"author":1,"featured_media":38296,"comment_status":"open","ping_status":"open","sticky":false,"template":"","format":"standard","meta":{"footnotes":""},"categories":[6],"tags":[],"class_list":["post-56848","post","type-post","status-publish","format-standard","has-post-thumbnail","hentry","category-politics"],"_links":{"self":[{"href":"https:\/\/dekkbi.com\/index.php?rest_route=\/wp\/v2\/posts\/56848","targetHints":{"allow":["GET"]}}],"collection":[{"href":"https:\/\/dekkbi.com\/index.php?rest_route=\/wp\/v2\/posts"}],"about":[{"href":"https:\/\/dekkbi.com\/index.php?rest_route=\/wp\/v2\/types\/post"}],"author":[{"embeddable":true,"href":"https:\/\/dekkbi.com\/index.php?rest_route=\/wp\/v2\/users\/1"}],"replies":[{"embeddable":true,"href":"https:\/\/dekkbi.com\/index.php?rest_route=%2Fwp%2Fv2%2Fcomments&post=56848"}],"version-history":[{"count":1,"href":"https:\/\/dekkbi.com\/index.php?rest_route=\/wp\/v2\/posts\/56848\/revisions"}],"predecessor-version":[{"id":56849,"href":"https:\/\/dekkbi.com\/index.php?rest_route=\/wp\/v2\/posts\/56848\/revisions\/56849"}],"wp:featuredmedia":[{"embeddable":true,"href":"https:\/\/dekkbi.com\/index.php?rest_route=\/wp\/v2\/media\/38296"}],"wp:attachment":[{"href":"https:\/\/dekkbi.com\/index.php?rest_route=%2Fwp%2Fv2%2Fmedia&parent=56848"}],"wp:term":[{"taxonomy":"category","embeddable":true,"href":"https:\/\/dekkbi.com\/index.php?rest_route=%2Fwp%2Fv2%2Fcategories&post=56848"},{"taxonomy":"post_tag","embeddable":true,"href":"https:\/\/dekkbi.com\/index.php?rest_route=%2Fwp%2Fv2%2Ftags&post=56848"}],"curies":[{"name":"wp","href":"https:\/\/api.w.org\/{rel}","templated":true}]}}