{"id":56843,"date":"2025-05-20T09:55:00","date_gmt":"2025-05-20T09:55:00","guid":{"rendered":"https:\/\/dekkbi.com\/?p=56843"},"modified":"2025-05-20T09:55:00","modified_gmt":"2025-05-20T09:55:00","slug":"cour-de-justice-de-la-cedeao-la-requete-de-khalifa-ababacar-sall-et-huit-autres-opposants-senegalais-rejetee","status":"publish","type":"post","link":"https:\/\/dekkbi.com\/?p=56843","title":{"rendered":"Cour de justice de la CEDEAO : La requ\u00eate de Khalifa Ababacar Sall et huit autres opposants s\u00e9n\u00e9galais, rejet\u00e9e"},"content":{"rendered":"\n<p>Le 17 mai 2025, la Cour de justice de la CEDEAO a rejet\u00e9 la requ\u00eate de Khalifa Ababacar Sall et huit autres opposants s\u00e9n\u00e9galais, qui contestaient la l\u00e9galit\u00e9 des d\u00e9crets pr\u00e9sidentiels de septembre 2024 ayant conduit \u00e0 la dissolution de l\u2019Assembl\u00e9e nationale et \u00e0 l\u2019organisation d\u2019\u00e9lections l\u00e9gislatives anticip\u00e9es.<\/p>\n\n\n\n<p>La Cour a estim\u00e9 qu\u2019aucune violation des droits civils et politiques des requ\u00e9rants n\u2019avait \u00e9t\u00e9 \u00e9tablie. Bien qu\u2019elle ait reconnu sa comp\u00e9tence pour statuer sur le dossier et d\u00e9clar\u00e9 la requ\u00eate recevable, elle a jug\u00e9 infond\u00e9es les accusations formul\u00e9es par les opposants.<\/p>\n\n\n\n<p>La d\u00e9cision confirme la l\u00e9galit\u00e9 des actes pris par l\u2019ex\u00e9cutif s\u00e9n\u00e9galais dans ce contexte.<\/p>\n\n\n\n<p>Ousseynou Wade<br>LERAL<\/p>\n","protected":false},"excerpt":{"rendered":"<p>Le 17 mai 2025, la Cour de justice de la CEDEAO a rejet\u00e9 la requ\u00eate de Khalifa Ababacar Sall et<\/p>\n","protected":false},"author":1,"featured_media":27003,"comment_status":"open","ping_status":"open","sticky":false,"template":"","format":"standard","meta":{"footnotes":""},"categories":[6],"tags":[],"class_list":["post-56843","post","type-post","status-publish","format-standard","has-post-thumbnail","hentry","category-politics"],"_links":{"self":[{"href":"https:\/\/dekkbi.com\/index.php?rest_route=\/wp\/v2\/posts\/56843","targetHints":{"allow":["GET"]}}],"collection":[{"href":"https:\/\/dekkbi.com\/index.php?rest_route=\/wp\/v2\/posts"}],"about":[{"href":"https:\/\/dekkbi.com\/index.php?rest_route=\/wp\/v2\/types\/post"}],"author":[{"embeddable":true,"href":"https:\/\/dekkbi.com\/index.php?rest_route=\/wp\/v2\/users\/1"}],"replies":[{"embeddable":true,"href":"https:\/\/dekkbi.com\/index.php?rest_route=%2Fwp%2Fv2%2Fcomments&post=56843"}],"version-history":[{"count":1,"href":"https:\/\/dekkbi.com\/index.php?rest_route=\/wp\/v2\/posts\/56843\/revisions"}],"predecessor-version":[{"id":56844,"href":"https:\/\/dekkbi.com\/index.php?rest_route=\/wp\/v2\/posts\/56843\/revisions\/56844"}],"wp:featuredmedia":[{"embeddable":true,"href":"https:\/\/dekkbi.com\/index.php?rest_route=\/wp\/v2\/media\/27003"}],"wp:attachment":[{"href":"https:\/\/dekkbi.com\/index.php?rest_route=%2Fwp%2Fv2%2Fmedia&parent=56843"}],"wp:term":[{"taxonomy":"category","embeddable":true,"href":"https:\/\/dekkbi.com\/index.php?rest_route=%2Fwp%2Fv2%2Fcategories&post=56843"},{"taxonomy":"post_tag","embeddable":true,"href":"https:\/\/dekkbi.com\/index.php?rest_route=%2Fwp%2Fv2%2Ftags&post=56843"}],"curies":[{"name":"wp","href":"https:\/\/api.w.org\/{rel}","templated":true}]}}