{"id":56821,"date":"2025-05-20T09:29:14","date_gmt":"2025-05-20T09:29:14","guid":{"rendered":"https:\/\/dekkbi.com\/?p=56821"},"modified":"2025-05-20T09:29:15","modified_gmt":"2025-05-20T09:29:15","slug":"non-le-mali-nest-pas-en-train-detre-denazifie-par-la-russie","status":"publish","type":"post","link":"https:\/\/dekkbi.com\/?p=56821","title":{"rendered":"Non, le Mali n\u2019est pas en train d\u2019\u00eatre \u00ab d\u00e9nazifi\u00e9 \u00bb par la Russie"},"content":{"rendered":"\n<p><em>Le 11 mai 2025, le G\u00e9n\u00e9ral de Corps d\u2019Arm\u00e9e Isma\u00ebl Wagu\u00e9 a affirm\u00e9 publiquement&nbsp;: \u00ab avec cette coop\u00e9ration russe, nous sommes en train de d\u00e9nazifier le Mali \u00bb. Cette d\u00e9claration, a \u00e9t\u00e9 faite lors&nbsp;<\/em><em>d\u2019une r\u00e9ception organis\u00e9e \u00e0 l\u2019ambassade de Russie \u00e0 Bamako.<\/em><em>&nbsp;Cet \u00e9v\u00e9nement comm\u00e9morait le 80e anniversaire de la victoire de l\u2019Union sovi\u00e9tique sur l\u2019Allemagne nazie pendant la Seconde Guerre mondiale. Ce propos qui&nbsp;<\/em><em>emprunte le vocabulaire du Kremlin utilis\u00e9 pour justifier la guerre contre de l\u2019Ukraine, m\u00e9rite une mise au point rigoureuse. Elle repose sur une inversion historique et factuelle d\u2019une gravit\u00e9 inqui\u00e9tante.<\/em><\/p>\n\n\n\n<p>Tout d\u2019abord, il faut pr\u00e9ciser que Moscou a justifi\u00e9 l\u2019agression de l\u2019Ukraine par la volont\u00e9 de d\u00e9nazifier le pays, en 2022. Au plan int\u00e9rieur, le Kremlin cite suffisamment le terme d\u00e9nazification pour d\u00e9l\u00e9gitimer les opposants et certains activistes de la soci\u00e9t\u00e9 civile et des m\u00e9dias. L\u2019usage ici du terme par un officier malien, un des piliers de la junte, dans un contexte o\u00f9 le pays est en partenariat renforc\u00e9 avec la Russie interroge et inqui\u00e8te, notamment au regard de la r\u00e9alit\u00e9 id\u00e9ologique des groupes paramilitaires russes actuellement actifs au Mali.<\/p>\n\n\n\n<p>L\u2019usage du terme dans le contexte malien pr\u00eate presque \u00e0 sourire tant le groupe Wagner qui y s\u00e9vit sur ordre du pouvoir putschiste est une entreprise fond\u00e9e par un sulfureux personnage, issu des rangs du n\u00e9onazisme. En effet, Wagner, pr\u00e9sent au Mali depuis le d\u00e9part de la force fran\u00e7aise Barkhane, a \u00e9t\u00e9 fond\u00e9 par Dmitri Outkin, un ancien officier des forces sp\u00e9ciales russes et n\u00e9o-nazi revendiqu\u00e9 et assum\u00e9. Outkin portait notamment sur le corps plusieurs tatouages nazis, dont les insignes de la Waffen-SS, et avait nomm\u00e9 le groupe Wagner en r\u00e9f\u00e9rence \u00e0 Richard Wagner, compositeur pr\u00e9f\u00e9r\u00e9 d\u2019Adolf Hitler.<\/p>\n\n\n\n<p>Les mercenaires russes utilisent aussi souvent les insignes runiques sur leurs th\u00e9\u00e2tres d\u2019op\u00e9ration. L\u2019un des plus utilis\u00e9s est la rune Othala, qui figurait auparavant sur un drapeau de l\u2019infanterie SS pendant la Seconde Guerre mondiale. Ce symbole incarnant le \u00ab patrimoine, l\u2019h\u00e9ritage, les biens h\u00e9rit\u00e9s \u00bb est devenu un signe favori des supr\u00e9matistes blancs. Loin d\u2019\u00eatre un outil de lutte contre le nazisme, Wagner est en r\u00e9alit\u00e9 un prolongement d\u2019une id\u00e9ologie x\u00e9nophobe, supr\u00e9maciste et racialiste, dont les valeurs sont fondamentalement incompatibles avec toute vision r\u00e9publicaine ou anticolonialiste.<\/p>\n\n\n\n<p>Depuis la disparition officielle d\u2019Evgueni Prigojine dans un crash d\u2019avion dont les contours et les circonstances demeurent tr\u00e8s sombres, l\u2019entit\u00e9 Wagner au Mali a \u00e9t\u00e9 progressivement remplac\u00e9e par l\u2019\u00ab Africa Corps \u00bb, sous l\u2019autorit\u00e9 directe du minist\u00e8re russe de la D\u00e9fense. Le choix de cette appellation est tout sauf anodin. Elle fait r\u00e9f\u00e9rence au Deutsches Afrikakorps, l\u2019unit\u00e9 de l\u2019arm\u00e9e allemande command\u00e9e par le mar\u00e9chal Erwin Rommel, qui mena des campagnes militaires en Afrique du Nord durant la Seconde Guerre mondiale sous les couleurs du Troisi\u00e8me Reich. Ce corps exp\u00e9ditionnaire nazi a \u00e9t\u00e9 impliqu\u00e9 dans des exactions contre des soldats africains captur\u00e9s et emprisonn\u00e9s par les forces de l\u2019Axe. Dans un article dat\u00e9 du 6 aout 2007 tr\u00e8s fouill\u00e9, le m\u00e9dia Jeune Afrique, reprenant un travail de l\u2019historienne Catherine Coquery-Vidrovitch, avait mis en lumi\u00e8re les pers\u00e9cutions des Africains sous le r\u00e9gime nazi. (Quand Hitler massacrait les Noirs, JA n\u00b0 2482). En effet, nombreux tirailleurs s\u00e9n\u00e9galais faits prisonniers ont \u00e9t\u00e9 massacr\u00e9s par les troupes allemandes, dans des actes de guerre qui tenaient pour beaucoup du racisme.<\/p>\n\n\n\n<p>Le fait qu\u2019un officiel malien reprenne en 2025 cette terminologie rel\u00e8ve d\u2019un grand contresens historique. Mais il s\u2019agit aussi d\u2019une tentative visant \u00e0 blanchir et r\u00e9habiliter un pan entier de l\u2019histoire militaire nazie, dans un continent qui fut pr\u00e9cis\u00e9ment l\u2019une de ses victimes.<\/p>\n\n\n\n<p>Qualifier d\u2019\u00ab&nbsp;op\u00e9ration de d\u00e9nazification&nbsp;\u00bb la pr\u00e9sence de forces russes, elles-m\u00eames li\u00e9es \u00e0 une id\u00e9ologie n\u00e9o-nazie explicite, constitue une insulte non seulement \u00e0 l\u2019intelligence, mais aussi \u00e0 la m\u00e9moire des victimes africaines du nazisme. C\u2019est faire fi de l\u2019histoire, travestir les faits et manipuler l\u2019opinion publique malienne \u00e0 des fins de l\u00e9gitimation d\u2019un pouvoir autoritaire et militaris\u00e9.<\/p>\n\n\n\n<p>Au Mali, cette coop\u00e9ration s\u2019est traduite par des violations graves des droits humains (notamment \u00e0 Moura, en mars 2022), des pressions fiscales sur les op\u00e9rateurs miniers pour financer la pr\u00e9sence russe et un renforcement de la d\u00e9pendance \u00e9conomique et s\u00e9curitaire envers Moscou, dans un contexte d\u2019opacit\u00e9 totale.<\/p>\n\n\n\n<p>Ainsi, la d\u00e9claration du G\u00e9n\u00e9ral Isma\u00ebl Wagu\u00e9 rel\u00e8ve d\u2019un renversement orwellien du r\u00e9el et d\u2019une manipulation populiste. Les faits sur le terrain racontent une tout autre r\u00e9alit\u00e9. &nbsp;Car contrairement au fait de \u00ab&nbsp;d\u00e9nazifier&nbsp;\u00bb le Mali, la Russie y d\u00e9ploie des structures militaires issues d\u2019un imaginaire autoritaire assum\u00e9. Les fondements de la souverainet\u00e9 populaire dans le Sahel sont mis \u00e0 mal, notamment dans les trois pays de l\u2019AES. Car en substituant \u00e0 un partenariat multilat\u00e9ral un contr\u00f4le opaque, id\u00e9ologiquement charg\u00e9, et historiquement blessant, on met \u00e0 mal des d\u00e9cennies de souverainet\u00e9 certes imparfaite mais r\u00e9elle.<\/p>\n\n\n\n<p>Le Mali est dans une situation pr\u00e9occupante tandis que la junte actuelle au pouvoir s\u2019emploie \u00e0 fermer les espaces de libert\u00e9 et \u00e0 maintenir les citoyens sous une autorit\u00e9 aussi opaque que violente. Il n\u2019est pas d\u00e9sormais exag\u00e9r\u00e9 au vu de la situation s\u00e9curitaire du pays, de la dissolution des partis politiques et du mandat de 5 ans taill\u00e9 pour lui-m\u00eame par Assimi Go\u00efta en toute ill\u00e9galit\u00e9 de douter de l\u2019avenir du Mali, qui risque de sombrer dans l\u2019amn\u00e9sie et l\u2019ali\u00e9nation.<\/p>\n\n\n\n<p>Le drame malien est profond. Les campagnes militaires men\u00e9es en solitaire, par un pouvoir ill\u00e9gitime, se caract\u00e9risent par une forte brutalit\u00e9. \u00c0 Moura, en mars 2022, les forces maliennes, \u00e9paul\u00e9es par le groupe Wagner \u2013 rebaptis\u00e9 Africa Corps \u2013, ont \u00e9t\u00e9 accus\u00e9es du massacre d\u2019au moins 300 civils par un rapport de l\u2019ONU et de Human Rights Watch. Dans le pays, les ex\u00e9cutions sommaires, violences sexuelles et d\u00e9placements forc\u00e9s sont devenus monnaie courante.<\/p>\n\n\n\n<p>Face \u00e0 son incapacit\u00e9 \u00e0 tenir ses promesses s\u00e9curitaires et \u00e9conomiques, la junte mise sur la r\u00e9pression pour survivre. Le discours martial et nationaliste justifie les restrictions des libert\u00e9s et l\u2019\u00e9rosion de l\u2019\u00c9tat de droit. La suspension la semaine derni\u00e8re de toutes les activit\u00e9s politiques est un \u00e9l\u00e9ment r\u00e9v\u00e9lateur de la d\u00e9rive malienne. Des figures de la soci\u00e9t\u00e9 civile, comme Abba Alhassane et El Bachir Thiam, ont \u00e9t\u00e9 enlev\u00e9es pour avoir os\u00e9 critiquer le r\u00e9gime. Les m\u00e9dias ind\u00e9pendants sont traqu\u00e9s.<\/p>\n\n\n\n<p>En pr\u00e9tendant d\u00e9fendre la souverainet\u00e9 du Mali tout en rompant toute coop\u00e9ration normale avec les d\u00e9mocraties, la junte s\u2019isole et isole le pays, se militarise et plonge le Mali dans une instabilit\u00e9 chronique. Le terrorisme s\u2019enracine, les populations sont livr\u00e9es \u00e0 elles-m\u00eames, et la gouvernance est r\u00e9duite \u00e0 une logique de contr\u00f4le autoritaire. Ce n\u2019est plus seulement l\u2019\u00e9chec d\u2019un projet s\u00e9curitaire : c\u2019est le risque de l\u2019effondrement d\u2019un ordre r\u00e9gional qui part de trois r\u00e9gimes putschistes. Seule une pression diplomatique internationale soutenue, accompagn\u00e9e d\u2019un v\u00e9ritable engagement en faveur de la restauration d\u2019institutions civiles, pourrait encore enrayer cette dynamique mortif\u00e8re. Et le S\u00e9n\u00e9gal ne doit ni \u00eatre dans l\u2019admiration ni dans le jugement h\u00e2tif avec les pays de l\u2019AES, mais il doit d\u00e9ployer une puissance diplomatique forte et persuasive pour aider le Mali et ses deux partenaires \u00e0 recouvrer le chemin de la l\u00e9galit\u00e9 et de la l\u00e9gitimit\u00e9 d\u00e9mocratique.<\/p>\n\n\n\n<p>Babacar P. Mbaye<\/p>\n\n\n\n<p>Expert en g\u00e9opolitique<\/p>\n","protected":false},"excerpt":{"rendered":"<p>Le 11 mai 2025, le G\u00e9n\u00e9ral de Corps d\u2019Arm\u00e9e Isma\u00ebl Wagu\u00e9 a affirm\u00e9 publiquement&nbsp;: \u00ab avec cette coop\u00e9ration russe, nous<\/p>\n","protected":false},"author":1,"featured_media":56822,"comment_status":"open","ping_status":"open","sticky":false,"template":"","format":"standard","meta":{"footnotes":""},"categories":[51],"tags":[],"class_list":["post-56821","post","type-post","status-publish","format-standard","has-post-thumbnail","hentry","category-general"],"_links":{"self":[{"href":"https:\/\/dekkbi.com\/index.php?rest_route=\/wp\/v2\/posts\/56821","targetHints":{"allow":["GET"]}}],"collection":[{"href":"https:\/\/dekkbi.com\/index.php?rest_route=\/wp\/v2\/posts"}],"about":[{"href":"https:\/\/dekkbi.com\/index.php?rest_route=\/wp\/v2\/types\/post"}],"author":[{"embeddable":true,"href":"https:\/\/dekkbi.com\/index.php?rest_route=\/wp\/v2\/users\/1"}],"replies":[{"embeddable":true,"href":"https:\/\/dekkbi.com\/index.php?rest_route=%2Fwp%2Fv2%2Fcomments&post=56821"}],"version-history":[{"count":1,"href":"https:\/\/dekkbi.com\/index.php?rest_route=\/wp\/v2\/posts\/56821\/revisions"}],"predecessor-version":[{"id":56823,"href":"https:\/\/dekkbi.com\/index.php?rest_route=\/wp\/v2\/posts\/56821\/revisions\/56823"}],"wp:featuredmedia":[{"embeddable":true,"href":"https:\/\/dekkbi.com\/index.php?rest_route=\/wp\/v2\/media\/56822"}],"wp:attachment":[{"href":"https:\/\/dekkbi.com\/index.php?rest_route=%2Fwp%2Fv2%2Fmedia&parent=56821"}],"wp:term":[{"taxonomy":"category","embeddable":true,"href":"https:\/\/dekkbi.com\/index.php?rest_route=%2Fwp%2Fv2%2Fcategories&post=56821"},{"taxonomy":"post_tag","embeddable":true,"href":"https:\/\/dekkbi.com\/index.php?rest_route=%2Fwp%2Fv2%2Ftags&post=56821"}],"curies":[{"name":"wp","href":"https:\/\/api.w.org\/{rel}","templated":true}]}}