{"id":56813,"date":"2025-05-20T09:21:41","date_gmt":"2025-05-20T09:21:41","guid":{"rendered":"https:\/\/dekkbi.com\/?p=56813"},"modified":"2025-05-20T09:21:42","modified_gmt":"2025-05-20T09:21:42","slug":"thialy-faye-president-du-comite-national-itie-senegal-lenjeu-du-secteur-extractif-nest-pas-seulement-economique","status":"publish","type":"post","link":"https:\/\/dekkbi.com\/?p=56813","title":{"rendered":"Thialy Faye, pr\u00e9sident du comit\u00e9 national ITIE S\u00e9n\u00e9gal : \u00ab L\u2019enjeu du secteur extractif n\u2019est pas seulement \u00e9conomique \u00bb"},"content":{"rendered":"\n<p><strong>La Coalition publiez ce que vous payez, avec l\u2019appui du programme PASC, a organis\u00e9 hier, lundi 19 mai, un atelier de pr\u00e9sentation des conclusions du Rapport ITIE 2023 et des activit\u00e9s du premier semestre 2024 \u00e0 l\u2019attention des parlementaires de l\u2019Assembl\u00e9e nationale du S\u00e9n\u00e9gal.&nbsp; Au cours de cette rencontre, le pr\u00e9sident de l\u2019Initiative pour la transparence dans les industries extractives Thialy Faye a relev\u00e9 que<\/strong><strong>&nbsp;l\u2019enjeu du secteur extractif n\u2019est pas seulement \u00e9conomique. Pour lui, il est aussi&nbsp; social, environnemental et g\u00e9n\u00e9rationnel.&nbsp;<\/strong><\/p>\n\n\n\n<p>\u00ab\u00a0L\u2019enjeu du secteur extractif n\u2019est pas seulement \u00e9conomique, il est social, environnemental et g\u00e9n\u00e9rationnel\u00a0\u00bb. Ces propos sont du pr\u00e9sident de l\u2019Initiative pour la transparence dans les industries extractives (ITIE) Thialy Faye. Il s\u2019exprimait hier, lundi 19 mai, lors de l\u2019atelier de pr\u00e9sentation des conclusions du Rapport ITIE 2023 et des activit\u00e9s du premier semestre 2024 \u00e0 l\u2019attention des parlementaires de l\u2019Assembl\u00e9e nationale du S\u00e9n\u00e9gal. <\/p>\n\n\n\n<p>\u00a0\u00a0\u00ab\u00a0Notre ambition collective doit \u00eatre claire : faire des ressources naturelles un levier de d\u00e9veloppement durable, et non une source de tensions ou d\u2019in\u00e9galit\u00e9s\u00a0\u00bb, indique-t-il. Pour lui, cela suppose une implication renforc\u00e9e du Parlement, non seulement \u00e0 travers les lois que vous votez, mais aussi dans le suivi r\u00e9gulier de l\u2019ex\u00e9cution des recommandations issues de l\u2019ITIE. Il invite par ailleurs \u00a0les d\u00e9put\u00e9s \u00e0 s\u2019approprier les donn\u00e9es, \u00e0 questionner les pratiques, et surtout \u00e0 porter la voix des citoyens dans toutes les d\u00e9cisions qui concernent nos ressources extractives. \u00ab\u00a0<em>Le Comit\u00e9 National ITIE est pleinement dispos\u00e9 \u00e0 travailler \u00e0 vos c\u00f4t\u00e9s pour approfondir ce dialogue. Car c\u2019est ensemble\u00a0: institutions, soci\u00e9t\u00e9 civile, entreprises, communaut\u00e9s, que nous pourrons consolider les acquis et \u00e9lever encore notre niveau de transparence et de gouvernance, \u00e0 la hauteur des attentes du peuple s\u00e9n\u00e9galais<\/em>\u00a0\u00bb, lance-t-il.<\/p>\n\n\n\n<p> Pour sa part, Papa Fara Diallo, Pr\u00e9sident de la Coalition publiez ce que vous payez S\u00e9n\u00e9gal\u00a0 pense que le Parlement, en tant qu\u2019organe de contr\u00f4le de l\u2019action publique et d\u2019orientation des politiques nationales, a un r\u00f4le essentiel dans la gouvernance des industries extractives. \u00ab\u00a0<em>Nous souhaitons que cet atelier marque une \u00e9tape d\u00e9cisive dans la consolidation du partenariat entre soci\u00e9t\u00e9 civile et Parlement. Un partenariat fond\u00e9 sur le respect mutuel, la compl\u00e9mentarit\u00e9 des r\u00f4les et l\u2019engagement envers l\u2019int\u00e9r\u00eat g\u00e9n\u00e9ral\u00a0\u00bb<\/em>, a-t-il laiss\u00e9 entendre.<\/p>\n\n\n\n<p><strong>NDEYE AMINATA CISSE<\/strong><\/p>\n\n\n\n<p>SUDQUOTIDIEN<\/p>\n","protected":false},"excerpt":{"rendered":"<p>La Coalition publiez ce que vous payez, avec l\u2019appui du programme PASC, a organis\u00e9 hier, lundi 19 mai, un atelier<\/p>\n","protected":false},"author":1,"featured_media":56814,"comment_status":"open","ping_status":"open","sticky":false,"template":"","format":"standard","meta":{"footnotes":""},"categories":[3],"tags":[],"class_list":["post-56813","post","type-post","status-publish","format-standard","has-post-thumbnail","hentry","category-event-more-news"],"_links":{"self":[{"href":"https:\/\/dekkbi.com\/index.php?rest_route=\/wp\/v2\/posts\/56813","targetHints":{"allow":["GET"]}}],"collection":[{"href":"https:\/\/dekkbi.com\/index.php?rest_route=\/wp\/v2\/posts"}],"about":[{"href":"https:\/\/dekkbi.com\/index.php?rest_route=\/wp\/v2\/types\/post"}],"author":[{"embeddable":true,"href":"https:\/\/dekkbi.com\/index.php?rest_route=\/wp\/v2\/users\/1"}],"replies":[{"embeddable":true,"href":"https:\/\/dekkbi.com\/index.php?rest_route=%2Fwp%2Fv2%2Fcomments&post=56813"}],"version-history":[{"count":1,"href":"https:\/\/dekkbi.com\/index.php?rest_route=\/wp\/v2\/posts\/56813\/revisions"}],"predecessor-version":[{"id":56815,"href":"https:\/\/dekkbi.com\/index.php?rest_route=\/wp\/v2\/posts\/56813\/revisions\/56815"}],"wp:featuredmedia":[{"embeddable":true,"href":"https:\/\/dekkbi.com\/index.php?rest_route=\/wp\/v2\/media\/56814"}],"wp:attachment":[{"href":"https:\/\/dekkbi.com\/index.php?rest_route=%2Fwp%2Fv2%2Fmedia&parent=56813"}],"wp:term":[{"taxonomy":"category","embeddable":true,"href":"https:\/\/dekkbi.com\/index.php?rest_route=%2Fwp%2Fv2%2Fcategories&post=56813"},{"taxonomy":"post_tag","embeddable":true,"href":"https:\/\/dekkbi.com\/index.php?rest_route=%2Fwp%2Fv2%2Ftags&post=56813"}],"curies":[{"name":"wp","href":"https:\/\/api.w.org\/{rel}","templated":true}]}}