{"id":56790,"date":"2025-05-19T11:14:37","date_gmt":"2025-05-19T11:14:37","guid":{"rendered":"https:\/\/dekkbi.com\/?p=56790"},"modified":"2025-05-19T11:14:37","modified_gmt":"2025-05-19T11:14:37","slug":"sommet-choose-france-20-milliards-deuros-dinvestissements-nouveaux-annonces-selon-lelysee","status":"publish","type":"post","link":"https:\/\/dekkbi.com\/?p=56790","title":{"rendered":"Sommet \u00abChoose France\u00bb: 20 milliards d&rsquo;euros d&rsquo;investissements nouveaux annonc\u00e9s, selon l&rsquo;\u00c9lys\u00e9e"},"content":{"rendered":"\n<p>Pr\u00e8s de 200 patrons fran\u00e7ais et \u00e9trangers sont attendus, ce lundi 19 mai, au sommet Choose France, sous les ors du palais de Versailles. L&rsquo;\u00e9v\u00e9nement est organis\u00e9 chaque ann\u00e9e depuis son \u00e9lection par le pr\u00e9sident Emmanuel Macron. L&rsquo;occasion d&rsquo;annoncer, en grande pompe, des investissements \u00e0 hauteur de 20 milliards d&rsquo;euros en tout cette ann\u00e9e, dans l&rsquo;industrie, la finance, ou encore le tourisme. Et tenter de faire oublier la crise de l&rsquo;industrie europ\u00e9enne et la guerre commerciale.<\/p>\n\n\n\n<p><strong>Par : RFI<\/strong><\/p>\n\n\n\n<p>Ce lundi, le 8e sommet Choose France, \u00e9v\u00e9nement destin\u00e9 \u00e0 attirer les investissements \u00e9trangers en\u00a0<strong>France<\/strong>, va battre un nouveau record cette ann\u00e9e avec 20 milliards d&rsquo;euros concernant au total une cinquantaine de projets nouveaux annonc\u00e9s, et 17 milliards d&rsquo;euros de projets concr\u00e9tisant des engagements en mati\u00e8re d&rsquo;intelligence artificielle (IA) pris en f\u00e9vrier,\u00a0apr\u00e8s\u00a0<strong>les 15 milliards d&rsquo;euros de l&rsquo;\u00e9dition 2024<\/strong>.<\/p>\n\n\n\n<p>Plus de 200 patrons des cinq continents sont attendus au ch\u00e2teau de Versailles sur le th\u00e8me \u00ab\u00a0France, terre de cr\u00e9ativit\u00e9\u00a0\u00bb, pour rencontrer les membres du gouvernement fran\u00e7ais et le pr\u00e9sident\u00a0<strong>Emmanuel Macron<\/strong>\u00a0et discuter de futurs investissements en France ou en annoncer.\u00a0Sur la liste des invit\u00e9s qui vont fouler le parquet du palais de Versailles, il y a les dirigeants de la banque Goldman Sachs, du puissant fonds souverain saoudien ou encore du g\u00e9ant de la chimie BASF. Emmanuel Macron va aussi rencontrer personnellement le magnat mexicain Carlos Slim ou encore Stella Li, la n\u00b02 du fabricant chinois de voitures \u00e9lectriques BYD.<\/p>\n\n\n\n<h2 class=\"wp-block-heading\">Des milliards d&rsquo;euros d&rsquo;investissement en data centers et IA<\/h2>\n\n\n\n<p>Le g\u00e9ant am\u00e9ricain de la logistique Prologis va investir France 6,4 milliards d&rsquo;euros, en entrep\u00f4ts et data centers, annonce ce lundi matin l&rsquo;\u00c9lys\u00e9e. Parall\u00e8lement, le Canadien Brookfield va confirmer un investissement allant jusqu&rsquo;\u00e0 10 milliards d&rsquo;euros pour un site d&rsquo;infrastructures d&rsquo;intelligence artificielle (IA) qui sera localis\u00e9 \u00e0 Cambrai (Nord), avec pr\u00e8s de 4 000 emplois directs et indirects \u00e0 la cl\u00e9.&nbsp;L&rsquo;investissement de Prologis comprend un milliard d&rsquo;euros pour 750&nbsp;000 m2 d&rsquo;entrep\u00f4ts d&rsquo;ici \u00e0 2028, ciblant les march\u00e9s de Marseille, Lyon, Paris et Le Havre, et permettant la cr\u00e9ation de plus de 3&nbsp;200 emplois directs et 2&nbsp;400 emplois indirects.<\/p>\n\n\n\n<p>Parall\u00e8lement, Prologis veut d\u00e9velopper quatre grands projets de centres de donn\u00e9es en r\u00e9gion parisienne, repr\u00e9sentant une capacit\u00e9 totale de 584 m\u00e9gawatts. Ces d\u00e9veloppements, pr\u00e9cise l&rsquo;\u00c9lys\u00e9e, \u00ab&nbsp;<em>s&rsquo;inscrivent dans le cadre de la strat\u00e9gie europ\u00e9enne plus large de Prologis<\/em>&nbsp;\u00bb, qui inclut d\u00e9j\u00e0 435 MW de capacit\u00e9 s\u00e9curis\u00e9e &#8211; dont 184 MW en France &#8211; avec 400 MW suppl\u00e9mentaires vis\u00e9s d&rsquo;ici au troisi\u00e8me trimestre 2025. La mise en service compl\u00e8te est pr\u00e9vue d&rsquo;ici \u00e0 2035, \u00ab&nbsp;<em>avec une projection de plus de 400 emplois directs et 3<\/em>&nbsp;<em>000 emplois indirects cr\u00e9\u00e9s<\/em>&nbsp;\u00bb.<\/p>\n\n\n\n<p>Le projet de Brookfield fait partie du partenariat strat\u00e9gique de 20 milliards d&rsquo;euros annonc\u00e9 avec le gouvernement fran\u00e7ais lors du Sommet pour l&rsquo;action sur l&rsquo;Intelligence artificielle de f\u00e9vrier, qui avait recueilli 109 milliards d&rsquo;euros d&rsquo;annonces d&rsquo;investissement priv\u00e9s \u00e9trangers et fran\u00e7ais en France dans les infrastructures d&rsquo;IA.<\/p>\n\n\n\n<p>Cette ann\u00e9e, Choose France cherchera aussi \u00e0 attirer des capitaux sur le tourisme et le patrimoine, ainsi que sur le cin\u00e9ma et l&rsquo;audiovisuel.<\/p>\n\n\n\n<h2 class=\"wp-block-heading\">Baisse du nombre de projets et d&#8217;emplois<\/h2>\n\n\n\n<p>Cet \u00e9v\u00e9nement intervient quelques jours apr\u00e8s que le cabinet EY a couronn\u00e9 la France, pays le plus attractif d&rsquo;Europe pour les investissements \u00e9trangers. Cela ne doit pas occulter une baisse du nombre de projets et du nombre d&#8217;emplois cr\u00e9\u00e9s par rapport aux ann\u00e9es pr\u00e9c\u00e9dentes, ni la crise de l&rsquo;industrie, estime Ana\u00efs Voy-Gillis, du laboratoire CEREGE de l&rsquo;IAE de Poitiers aupr\u00e8s de<strong>&nbsp;Justine Fontaine<\/strong>, du service \u00e9conomie de RFI&nbsp;: \u00ab&nbsp;<em>L&rsquo;objectif<\/em>&nbsp;[de Choose France]&nbsp;<em>est de valoriser la France, ce qu&rsquo;elle a \u00e0 offrir, pour favoriser des investissements sur le territoire fran\u00e7ais. Cela a un c\u00f4t\u00e9 un peu schizophr\u00e9nique parce que d&rsquo;un c\u00f4t\u00e9, on tente de montrer que la r\u00e9industrialisation de produit puisqu&rsquo;on annonce des investissements. De l&rsquo;autre, cela occulte le fait que l&rsquo;industrie ne va pas bien.<\/em>&nbsp;\u00bb<\/p>\n\n\n\n<p>L&rsquo;an dernier, plus d&#8217;emplois ont \u00e9t\u00e9 supprim\u00e9s en France qu&rsquo;en 2023, et moins d&#8217;emplois ont \u00e9t\u00e9 cr\u00e9\u00e9s tous secteurs confondus, selon le cabinet Trendeo. En cause notamment, l&rsquo;incertitude apr\u00e8s la dissolution de l&rsquo;Assembl\u00e9e nationale en France, ou encore la r\u00e9\u00e9lection de Donald Trump.<\/p>\n","protected":false},"excerpt":{"rendered":"<p>Pr\u00e8s de 200 patrons fran\u00e7ais et \u00e9trangers sont attendus, ce lundi 19 mai, au sommet Choose France, sous les ors<\/p>\n","protected":false},"author":1,"featured_media":56791,"comment_status":"open","ping_status":"open","sticky":false,"template":"","format":"standard","meta":{"footnotes":""},"categories":[51],"tags":[],"class_list":["post-56790","post","type-post","status-publish","format-standard","has-post-thumbnail","hentry","category-general"],"_links":{"self":[{"href":"https:\/\/dekkbi.com\/index.php?rest_route=\/wp\/v2\/posts\/56790","targetHints":{"allow":["GET"]}}],"collection":[{"href":"https:\/\/dekkbi.com\/index.php?rest_route=\/wp\/v2\/posts"}],"about":[{"href":"https:\/\/dekkbi.com\/index.php?rest_route=\/wp\/v2\/types\/post"}],"author":[{"embeddable":true,"href":"https:\/\/dekkbi.com\/index.php?rest_route=\/wp\/v2\/users\/1"}],"replies":[{"embeddable":true,"href":"https:\/\/dekkbi.com\/index.php?rest_route=%2Fwp%2Fv2%2Fcomments&post=56790"}],"version-history":[{"count":1,"href":"https:\/\/dekkbi.com\/index.php?rest_route=\/wp\/v2\/posts\/56790\/revisions"}],"predecessor-version":[{"id":56792,"href":"https:\/\/dekkbi.com\/index.php?rest_route=\/wp\/v2\/posts\/56790\/revisions\/56792"}],"wp:featuredmedia":[{"embeddable":true,"href":"https:\/\/dekkbi.com\/index.php?rest_route=\/wp\/v2\/media\/56791"}],"wp:attachment":[{"href":"https:\/\/dekkbi.com\/index.php?rest_route=%2Fwp%2Fv2%2Fmedia&parent=56790"}],"wp:term":[{"taxonomy":"category","embeddable":true,"href":"https:\/\/dekkbi.com\/index.php?rest_route=%2Fwp%2Fv2%2Fcategories&post=56790"},{"taxonomy":"post_tag","embeddable":true,"href":"https:\/\/dekkbi.com\/index.php?rest_route=%2Fwp%2Fv2%2Ftags&post=56790"}],"curies":[{"name":"wp","href":"https:\/\/api.w.org\/{rel}","templated":true}]}}