{"id":56787,"date":"2025-05-19T11:11:46","date_gmt":"2025-05-19T11:11:46","guid":{"rendered":"https:\/\/dekkbi.com\/?p=56787"},"modified":"2025-05-19T11:11:46","modified_gmt":"2025-05-19T11:11:46","slug":"presidentielle-en-pologne-slawomir-mentzen-et-ses-electeurs-ont-lissue-du-scrutin-entre-leurs-mains","status":"publish","type":"post","link":"https:\/\/dekkbi.com\/?p=56787","title":{"rendered":"Pr\u00e9sidentielle en Pologne: Slawomir Mentzen et ses \u00e9lecteurs ont l\u2019issue du scrutin entre leurs mains"},"content":{"rendered":"\n<p>Il n\u2019a pas r\u00e9ussi \u00e0 d\u00e9crocher sa place pour le second tour, mais il est d\u00e9j\u00e0 l\u2019un des grands gagnants de cette \u00e9lection pr\u00e9sidentielle. Avec 14,8% des voix, Slawomir Mentzen r\u00e9alise le meilleur score de l\u2019histoire du parti d\u2019extr\u00eame droite Konfederacja, qui esp\u00e8re bien peser sur l\u2019issue du second tour.<\/p>\n\n\n\n<p><strong><em>De Pierre Fesnien<\/em> <em>envoy\u00e9 sp\u00e9cial  de RFI \u00e0 Varsovie,\u00a0<\/em><\/strong><\/p>\n\n\n\n<p>Dimanche 18 mai, il est 21 heures (heure locale) lorsque le verdict tombe. Dans une salle chauff\u00e9e \u00e0 blanc par l\u2019arriv\u00e9e de son champion sous les cris de \u00ab&nbsp;<em>Mentzen, Mentzen<\/em>&nbsp;\u00bb, l\u2019apparition sur le grand \u00e9cran des visages des deux candidats arriv\u00e9s en t\u00eate, Rafal Trzaskowski et Karol Nawrocki, jette un froid. Il ne durera pas longtemps. Quelques secondes plus tard, le visage de Slawomir Mentzen appara\u00eet et les militants du parti d\u2019extr\u00eame droite Konfederacja r\u00e9unis dans une discoth\u00e8que de Varsovie exultent. Non seulement, il obtient la troisi\u00e8me place du scrutin, mais surtout, il est cr\u00e9dit\u00e9 de 14,8% des voix, bien plus que ce que pr\u00e9disaient les sondages qui le situaient entre 10 et 13%.<\/p>\n\n\n\n<p>La progression de Konfederacja s\u2019av\u00e8re en effet fulgurante. Fond\u00e9 en 2018, le parti n\u2019avait recueilli que 6,78% des suffrages \u00e0 la pr\u00e9sidentielle de 2020. \u00ab&nbsp;<em>C\u2019est un \u00e9norme succ\u00e8s pour nous, c\u2019est le meilleur r\u00e9sultat que l\u2019on n\u2019ait jamais eu dans une \u00e9lection,&nbsp;<\/em>exulte Kasper, un jeune homme de 25 ans tir\u00e9 \u00e0 quatre \u00e9pingles dans un costume cintr\u00e9, comme la plupart des militants pr\u00e9sents dans la salle.&nbsp;<em>Si on m\u2019avait dit cela il y a un an et demi, je n\u2019y aurais pas cru. On peut esp\u00e9rer d\u2019encore meilleurs r\u00e9sultats pour le futur<\/em>&nbsp;\u00bb, assure-t-il.<\/p>\n\n\n\n<h2 class=\"wp-block-heading\">En position de faiseur de roi<\/h2>\n\n\n\n<p>Quand Slawomir Mentzen s\u2019avance au pupitre pour prendre la parole, c\u2019est naturellement pour saluer \u00ab\u00a0<em>le plus grand succ\u00e8s de l\u2019histoire de Konfederacja<\/em>\u00a0\u00bb. Il ne manque pas d\u2019\u00e9gratigner les candidats du \u00ab\u00a0<em>syst\u00e8me<\/em>\u00a0\u00bb\u00a0<strong>Rafal Trzaskowski et Karol Nawrocki<\/strong>, mais se garde bien de donner des consignes de vote \u00e0 ses militants pour le second tour. Avec un r\u00e9sultat lui conf\u00e9rant pr\u00e8s de trois millions de voix, le candidat d\u2019extr\u00eame droite est pourtant en position de faiseur de roi et un report massif de ses \u00e9lecteurs sur le candidat nationaliste conservateur du PiS, Karol Nawrocki, pourrait faire basculer le second tour en sa faveur.<\/p>\n\n\n\n<p>\u00ab&nbsp;<em>Slawomir Mentzen annoncera dans les prochains jours sa position \u00e0 propos du second tour,<\/em>&nbsp;assure son porte-parole Wojciech Machulski.&nbsp;<em>Nous allons aider nos \u00e9lecteurs \u00e0 faire leur choix, mais ils ne sont pas nos \u00ab\u00a0esclaves\u00a0\u00bb, on ne va pas leur dire quoi faire, ils prendront cette d\u00e9cision eux-m\u00eames.<\/em>&nbsp;\u00bb<\/p>\n\n\n\n<h2 class=\"wp-block-heading\">Report de voix pas automatique<\/h2>\n\n\n\n<p>\u00c0 Gdansk, sa ville natale, o\u00f9 il passait la soir\u00e9e \u00e9lectorale, Karol Nawrocki a fait un appel du pied aux \u00e9lecteurs de Mentzen. Le candidat nationaliste et conservateur serait le choix le plus logique pour les \u00e9lecteurs de Konfederacja, mais m\u00eame si le parti pourrait \u00eatre tent\u00e9 par une ligne \u00ab&nbsp;Tout sauf Trzaskowski&nbsp;\u00bb, rien n\u2019indique que le report des voix sera automatique.<\/p>\n\n\n\n<p>\u00ab&nbsp;<em>Notre \u00e9lectorat est contre ces deux options, Rafal Trzaskowski et le populisme du PiS avec leurs aides sociales. Donc, je pense que nous allons \u00eatre nombreux \u00e0 nous abstenir au deuxi\u00e8me tour<\/em>&nbsp;\u00bb, affirme Michal, un militant, au micro de notre correspondant \u00e0 Varsovie,&nbsp;<strong>Adrien Sarlat<\/strong>. De son c\u00f4t\u00e9, Kasper affirme ne pas encore avoir pris de d\u00e9cision&nbsp;:&nbsp;\u00ab&nbsp;<em>Je vais analyser les r\u00e9sultats, peser le pour et le contre et ensuite d\u00e9cider si je vote.<\/em>&nbsp;\u00bb<\/p>\n\n\n\n<p>L\u2019influence des \u00e9lecteurs de Slawomir Mentzen s\u2019annonce, quoi qu&rsquo;il en soit, capitale sur l\u2019issue du second tour. Trzaskowski et Nawrocki se tiennent dans un mouchoir de poche \u00e0 moins de deux points de pourcentage. Outre les 14,8% de Mentzen, le candidat du PiS pourrait aussi b\u00e9n\u00e9ficier du report des votes de Grzegorz Braun. Exclu du parti Konfederacja pour avoir d\u00e9cid\u00e9 de se pr\u00e9senter \u00e0 la pr\u00e9sidentielle, ce d\u00e9put\u00e9 europ\u00e9en d\u2019extr\u00eame droite est arriv\u00e9 quatri\u00e8me avec 6,3% des voix. Un sc\u00e9nario que personne n\u2019avait vu venir et qui donne \u00e0 Nawrocki un r\u00e9servoir de plus de 20% d&rsquo;\u00e9lecteurs \u00e0 rallier, ce qui pourrait lui ouvrir les portes du palais pr\u00e9sidentiel.<\/p>\n\n\n\n<h2 class=\"wp-block-heading\">\u00ab&nbsp;<em>Ils ne peuvent pas nous ignorer&nbsp;<\/em>\u00bb<\/h2>\n\n\n\n<p>Pour Wojciech Machulski, une chose reste n\u00e9anmoins certaine, Trzaskowski et Nawrocki \u00ab&nbsp;<em>ne peuvent pas nous ignorer et mettre de c\u00f4t\u00e9 les politiques qui sont cruciales pour nous<\/em>&nbsp;[l\u2019opposition aux migrants, dont les r\u00e9fugi\u00e9s ukrainiens, \u00e0 l\u2019Union europ\u00e9enne, \u00e0 l\u2019avortement ou encore&nbsp;<a href=\"https:\/\/www.rfi.fr\/fr\/europe\/20250516-droits-des-lgbt-en-pologne-un-changement-est-en-train-de-s-op%C3%A9rer-dans-la-soci%C3%A9t%C3%A9\"><strong>aux droits LGBT+<\/strong><\/a>, NDLR].&nbsp;<em>Sans nos votes, aucun d\u2019entre eux ne peut gagner<\/em>&nbsp;\u00bb, assure le jeune porte-parole de 22 ans.&nbsp;<\/p>\n\n\n\n<p>Mais Konfederacja voit d\u00e9sormais d\u00e9j\u00e0 plus loin que la pr\u00e9sidentielle.&nbsp;\u00ab&nbsp;<em>Nous avons cr\u00e9\u00e9 une base tr\u00e8s solide sur laquelle nous allons pouvoir construire nos prochains succ\u00e8s \u00e9lectoraux aux \u00e9lections parlementaires. Aujourd&rsquo;hui, nous sommes dans une situation o\u00f9 personne ne peut gouverner la Pologne sans tenir compte de nous<\/em>&nbsp;\u00bb, veut croire&nbsp;Wojciech Machulski.<\/p>\n\n\n\n<p>En cas de victoire de Karol Nawrocki, les prochaines \u00e9lections l\u00e9gislatives pourraient en effet arriver plus vite que pr\u00e9vu. Selon beaucoup d&rsquo;observateurs, la Coalition civique du\u00a0<strong>Premier ministre Donald Tusk<\/strong>\u00a0actuellement au pouvoir pourrait rapidement s&rsquo;effondrer si elle devait poursuivre sa cohabitation avec un pr\u00e9sident issu du PiS.<\/p>\n","protected":false},"excerpt":{"rendered":"<p>Il n\u2019a pas r\u00e9ussi \u00e0 d\u00e9crocher sa place pour le second tour, mais il est d\u00e9j\u00e0 l\u2019un des grands gagnants<\/p>\n","protected":false},"author":1,"featured_media":56788,"comment_status":"open","ping_status":"open","sticky":false,"template":"","format":"standard","meta":{"footnotes":""},"categories":[51],"tags":[],"class_list":["post-56787","post","type-post","status-publish","format-standard","has-post-thumbnail","hentry","category-general"],"_links":{"self":[{"href":"https:\/\/dekkbi.com\/index.php?rest_route=\/wp\/v2\/posts\/56787","targetHints":{"allow":["GET"]}}],"collection":[{"href":"https:\/\/dekkbi.com\/index.php?rest_route=\/wp\/v2\/posts"}],"about":[{"href":"https:\/\/dekkbi.com\/index.php?rest_route=\/wp\/v2\/types\/post"}],"author":[{"embeddable":true,"href":"https:\/\/dekkbi.com\/index.php?rest_route=\/wp\/v2\/users\/1"}],"replies":[{"embeddable":true,"href":"https:\/\/dekkbi.com\/index.php?rest_route=%2Fwp%2Fv2%2Fcomments&post=56787"}],"version-history":[{"count":1,"href":"https:\/\/dekkbi.com\/index.php?rest_route=\/wp\/v2\/posts\/56787\/revisions"}],"predecessor-version":[{"id":56789,"href":"https:\/\/dekkbi.com\/index.php?rest_route=\/wp\/v2\/posts\/56787\/revisions\/56789"}],"wp:featuredmedia":[{"embeddable":true,"href":"https:\/\/dekkbi.com\/index.php?rest_route=\/wp\/v2\/media\/56788"}],"wp:attachment":[{"href":"https:\/\/dekkbi.com\/index.php?rest_route=%2Fwp%2Fv2%2Fmedia&parent=56787"}],"wp:term":[{"taxonomy":"category","embeddable":true,"href":"https:\/\/dekkbi.com\/index.php?rest_route=%2Fwp%2Fv2%2Fcategories&post=56787"},{"taxonomy":"post_tag","embeddable":true,"href":"https:\/\/dekkbi.com\/index.php?rest_route=%2Fwp%2Fv2%2Ftags&post=56787"}],"curies":[{"name":"wp","href":"https:\/\/api.w.org\/{rel}","templated":true}]}}