{"id":56776,"date":"2025-05-19T10:30:43","date_gmt":"2025-05-19T10:30:43","guid":{"rendered":"https:\/\/dekkbi.com\/?p=56776"},"modified":"2025-05-19T10:30:44","modified_gmt":"2025-05-19T10:30:44","slug":"electrification-rurale-les-villages-de-couram-djiral-et-djibidione-connectes-au-reseau-national","status":"publish","type":"post","link":"https:\/\/dekkbi.com\/?p=56776","title":{"rendered":"\u00c9lectrification rurale: Les villages de Couram, Djiral et Djibidione connect\u00e9s au r\u00e9seau national"},"content":{"rendered":"\n<p><a href=\"https:\/\/lesoleil.sn\/wp-content\/uploads\/2025\/05\/IMG_14136.jpg\"><\/a><strong>Une nouvelle \u00e8re s\u2019ouvre pour Couram, Djiral et Djibidione. Ces trois villages du d\u00e9partement de Bignona, dans la r\u00e9gion de Ziguinchor, sont d\u00e9sormais raccord\u00e9s au r\u00e9seau \u00e9lectrique national. Pour le ministre de l\u2019\u00c9nergie, ce raccordement ne repr\u00e9sente pas seulement l\u2019arriv\u00e9e de l\u2019\u00e9lectricit\u00e9 dans ces zones, mais incarne surtout une volont\u00e9 de justice sociale et d\u2019\u00e9quit\u00e9 territoriale.<\/strong><\/p>\n\n\n\n<p>\u00ab Ce raccordement \u00e0 l\u2019\u00e9lectricit\u00e9 symbolise une avanc\u00e9e significative vers une v\u00e9ritable \u00e9quit\u00e9 territoriale. C\u2019est un acte de r\u00e9int\u00e9gration pleine et enti\u00e8re de Couram, Djiral et Djibidione dans la dynamique nationale de transformation \u00bb, a-t-il d\u00e9clar\u00e9 devant une assistance compos\u00e9e du gouverneur de Ziguinchor, Mor Talla Tine, des autorit\u00e9s administratives, des \u00e9lus territoriaux et du directeur g\u00e9n\u00e9ral de l\u2019Agence s\u00e9n\u00e9galaise d\u2019\u00e9lectrification rurale (Aser), Jean-Michel S\u00e8ne.<\/p>\n\n\n\n<p>Le ministre a insist\u00e9 sur les retomb\u00e9es positives de cette \u00e9lectrification, notamment le d\u00e9veloppement de petites activit\u00e9s \u00e9conomiques, l\u2019am\u00e9lioration des conditions d\u2019\u00e9ducation et de sant\u00e9, ainsi que le renforcement de l\u2019entrepreneuriat local, notamment f\u00e9minin. Il a \u00e9galement r\u00e9v\u00e9l\u00e9 que 67 installations int\u00e9rieures sont en cours de r\u00e9alisation dans le village de Couram.<\/p>\n\n\n\n<p>\u00ab C\u2019est dans ces gestes du quotidien \u2014 chaque ampoule allum\u00e9e, chaque commerce \u00e9quip\u00e9, chaque foyer \u00e9clair\u00e9 \u2014 que s\u2019incarne la transformation sociale attendue \u00bb, a soulign\u00e9 Birame Soul\u00e8ye Diop.<\/p>\n\n\n\n<p>L\u2019\u00e9lectrification de ces villages s\u2019inscrit dans la vision strat\u00e9gique du pr\u00e9sident de la R\u00e9publique, Bassirou Diomaye Faye, qui a fait de l\u2019acc\u00e8s \u00e0 l\u2019\u00e9nergie une priorit\u00e9 de l\u2019Agenda national de transformation \u00e0 l\u2019horizon 2050. Poursuivant, le ministre a rappel\u00e9 les directives donn\u00e9es au Premier ministre, Ousmane Sonko, pour faire de l\u2019\u00e9nergie un pilier central des politiques publiques. Objectif : l\u2019acc\u00e8s universel \u00e0 l\u2019\u00e9lectricit\u00e9 d\u2019ici 2029 \u2014 une ambition que le minist\u00e8re entend concr\u00e9tiser avec d\u00e9termination.<\/p>\n\n\n\n<p>\u00ab Au-del\u00e0 de l\u2019aspect \u00e9conomique local, largement d\u00e9montr\u00e9, ces infrastructures renforceront la coh\u00e9sion sociale et contribueront \u00e0 la consolidation de la paix dans cette magnifique r\u00e9gion de Ziguinchor \u00bb, a insist\u00e9 le ministre.<\/p>\n\n\n\n<p>Sur place, les populations n\u2019ont pas cach\u00e9 leur satisfaction. Idrissa Di\u00e9m\u00e9, habitant de l\u2019un des villages nouvellement \u00e9lectrifi\u00e9s, a exprim\u00e9 son soulagement : \u00ab Nous avons enfin quitt\u00e9 la liste des villages non \u00e9lectrifi\u00e9s \u00bb, s\u2019est-il r\u00e9joui, saluant les perspectives nouvelles qui s\u2019ouvrent d\u00e9sormais pour les femmes et les jeunes.<\/p>\n\n\n\n<p>Le maire de Djibidione, Lamine Di\u00e9m\u00e9, et le pr\u00e9sident du Conseil d\u00e9partemental de Bignona, Souleymane Goudiaby, ont, quant \u00e0 eux, mis en avant les b\u00e9n\u00e9fices imm\u00e9diats pour l\u2019\u00e9ducation, soulignant que les \u00e9l\u00e8ves peuvent d\u00e9sormais \u00e9tudier dans de meilleures conditions le soir.<\/p>\n\n\n\n<p>Avec cette avanc\u00e9e, c\u2019est tout un pan du territoire qui entre dans une nouvelle dynamique de d\u00e9veloppement.<\/p>\n\n\n\n<p><em><strong>Gaustin DIATTA (Correspondant)<\/strong><\/em><\/p>\n\n\n\n<p>LESOLEIL<\/p>\n","protected":false},"excerpt":{"rendered":"<p>Une nouvelle \u00e8re s\u2019ouvre pour Couram, Djiral et Djibidione. Ces trois villages du d\u00e9partement de Bignona, dans la r\u00e9gion de<\/p>\n","protected":false},"author":1,"featured_media":56777,"comment_status":"open","ping_status":"open","sticky":false,"template":"","format":"standard","meta":{"footnotes":""},"categories":[26],"tags":[],"class_list":["post-56776","post","type-post","status-publish","format-standard","has-post-thumbnail","hentry","category-fait-divers"],"_links":{"self":[{"href":"https:\/\/dekkbi.com\/index.php?rest_route=\/wp\/v2\/posts\/56776","targetHints":{"allow":["GET"]}}],"collection":[{"href":"https:\/\/dekkbi.com\/index.php?rest_route=\/wp\/v2\/posts"}],"about":[{"href":"https:\/\/dekkbi.com\/index.php?rest_route=\/wp\/v2\/types\/post"}],"author":[{"embeddable":true,"href":"https:\/\/dekkbi.com\/index.php?rest_route=\/wp\/v2\/users\/1"}],"replies":[{"embeddable":true,"href":"https:\/\/dekkbi.com\/index.php?rest_route=%2Fwp%2Fv2%2Fcomments&post=56776"}],"version-history":[{"count":1,"href":"https:\/\/dekkbi.com\/index.php?rest_route=\/wp\/v2\/posts\/56776\/revisions"}],"predecessor-version":[{"id":56778,"href":"https:\/\/dekkbi.com\/index.php?rest_route=\/wp\/v2\/posts\/56776\/revisions\/56778"}],"wp:featuredmedia":[{"embeddable":true,"href":"https:\/\/dekkbi.com\/index.php?rest_route=\/wp\/v2\/media\/56777"}],"wp:attachment":[{"href":"https:\/\/dekkbi.com\/index.php?rest_route=%2Fwp%2Fv2%2Fmedia&parent=56776"}],"wp:term":[{"taxonomy":"category","embeddable":true,"href":"https:\/\/dekkbi.com\/index.php?rest_route=%2Fwp%2Fv2%2Fcategories&post=56776"},{"taxonomy":"post_tag","embeddable":true,"href":"https:\/\/dekkbi.com\/index.php?rest_route=%2Fwp%2Fv2%2Ftags&post=56776"}],"curies":[{"name":"wp","href":"https:\/\/api.w.org\/{rel}","templated":true}]}}