{"id":56736,"date":"2025-05-19T09:29:35","date_gmt":"2025-05-19T09:29:35","guid":{"rendered":"https:\/\/dekkbi.com\/?p=56736"},"modified":"2025-05-19T09:29:36","modified_gmt":"2025-05-19T09:29:36","slug":"politique-anta-babacar-ngom-et-alternative-pour-la-releve-citoyenne-arc-retirent-du-fdr","status":"publish","type":"post","link":"https:\/\/dekkbi.com\/?p=56736","title":{"rendered":"Politique: Anta Babacar Ngom et Alternative pour la Rel\u00e8ve Citoyenne (ARC) retirent du FDR"},"content":{"rendered":"\n<p>La d\u00e9cision a \u00e9t\u00e9 officialis\u00e9e via un communiqu\u00e9 transmis \u00e0 la presse. La pr\u00e9sident de Alternative pour la Rel\u00e8ve Citoyenne (ARC) qui est en tourn\u00e9e de proximit\u00e9 \u00e0 Kaffrine, d\u00e9clare \u201cj\u2019ai officiellement annonc\u00e9 mon d\u00e9part d\u00e9finitif du Front pour la D\u00e9fense de la D\u00e9mocratie et de la R\u00e9publique (FDR), une coalition n\u00e9e dans l\u2019opposition.\u201d<\/p>\n\n\n\n<p>\u201cAujourd\u2019hui, l\u2019Alternative pour la Rel\u00e8ve Citoyenne (ARC) entend tracer sa propre voie et assumer pleinement son autonomie\u201d, a-t-elle laiss\u00e9 entendre.<br>L\u2019ancienne candidate malheureuse arriv\u00e9e treizi\u00e8me lors des \u00e9lections pr\u00e9sidentielles derni\u00e8res dit \u201cd\u00e9sormais engag\u00e9e \u00e0 100 % dans ce projet politique, enracin\u00e9 dans les r\u00e9alit\u00e9s du pays, tourn\u00e9 vers la jeunesse, les femmes et les territoires oubli\u00e9s. Mais je reste fermement ancr\u00e9e dans l\u2019opposition.\u201d<\/p>\n\n\n\n<p>3Ce choix, m\u00fbri depuis plusieurs mois, refl\u00e8te une volont\u00e9 claire : affirmer une nouvelle identit\u00e9 politique fond\u00e9e sur la proximit\u00e9, l\u2019\u00e9coute, et une autre mani\u00e8re de faire de la politique\u201d, a expliqu\u00e9 la d\u00e9put\u00e9 non inscrite \u00e0 l\u2019assembl\u00e9e nationale.<\/p>\n\n\n\n<p>Ainsi, \u201c\u00c0 travers cette tourn\u00e9e au c\u0153ur du pays, je souhaite renforcer les bases de l\u2019ARC et consolider un mouvement citoyen port\u00e9 par les aspirations profondes des populations.\u201d<\/p>\n\n\n\n<p>Quant \u00e0 sa participation au Dialogue politique, elle assure que sa position sera d\u00e9termin\u00e9e \u00e0 l\u2019issue d\u2019une concertation \u00e0 laquelle son parti d\u00e9finira sa position.<\/p>\n\n\n\n<p>OG<\/p>\n","protected":false},"excerpt":{"rendered":"<p>La d\u00e9cision a \u00e9t\u00e9 officialis\u00e9e via un communiqu\u00e9 transmis \u00e0 la presse. La pr\u00e9sident de Alternative pour la Rel\u00e8ve Citoyenne<\/p>\n","protected":false},"author":1,"featured_media":56737,"comment_status":"open","ping_status":"open","sticky":false,"template":"","format":"standard","meta":{"footnotes":""},"categories":[6],"tags":[],"class_list":["post-56736","post","type-post","status-publish","format-standard","has-post-thumbnail","hentry","category-politics"],"_links":{"self":[{"href":"https:\/\/dekkbi.com\/index.php?rest_route=\/wp\/v2\/posts\/56736","targetHints":{"allow":["GET"]}}],"collection":[{"href":"https:\/\/dekkbi.com\/index.php?rest_route=\/wp\/v2\/posts"}],"about":[{"href":"https:\/\/dekkbi.com\/index.php?rest_route=\/wp\/v2\/types\/post"}],"author":[{"embeddable":true,"href":"https:\/\/dekkbi.com\/index.php?rest_route=\/wp\/v2\/users\/1"}],"replies":[{"embeddable":true,"href":"https:\/\/dekkbi.com\/index.php?rest_route=%2Fwp%2Fv2%2Fcomments&post=56736"}],"version-history":[{"count":1,"href":"https:\/\/dekkbi.com\/index.php?rest_route=\/wp\/v2\/posts\/56736\/revisions"}],"predecessor-version":[{"id":56738,"href":"https:\/\/dekkbi.com\/index.php?rest_route=\/wp\/v2\/posts\/56736\/revisions\/56738"}],"wp:featuredmedia":[{"embeddable":true,"href":"https:\/\/dekkbi.com\/index.php?rest_route=\/wp\/v2\/media\/56737"}],"wp:attachment":[{"href":"https:\/\/dekkbi.com\/index.php?rest_route=%2Fwp%2Fv2%2Fmedia&parent=56736"}],"wp:term":[{"taxonomy":"category","embeddable":true,"href":"https:\/\/dekkbi.com\/index.php?rest_route=%2Fwp%2Fv2%2Fcategories&post=56736"},{"taxonomy":"post_tag","embeddable":true,"href":"https:\/\/dekkbi.com\/index.php?rest_route=%2Fwp%2Fv2%2Ftags&post=56736"}],"curies":[{"name":"wp","href":"https:\/\/api.w.org\/{rel}","templated":true}]}}