{"id":5673,"date":"2023-01-02T13:33:08","date_gmt":"2023-01-02T13:33:08","guid":{"rendered":"https:\/\/dekkbi.com\/?p=5673"},"modified":"2023-01-02T13:33:09","modified_gmt":"2023-01-02T13:33:09","slug":"letrange-silence-dal-qaida-sur-le-successeur-du-defunt-zawahiri","status":"publish","type":"post","link":"https:\/\/dekkbi.com\/?p=5673","title":{"rendered":"L&rsquo;\u00e9trange silence d&rsquo;Al-Qa\u00efda sur le successeur du d\u00e9funt Zawahiri"},"content":{"rendered":"\n<p><a rel=\"noreferrer noopener\" href=\"https:\/\/www.addthis.com\/bookmark.php?v=300\" target=\"_blank\"><\/a><\/p>\n\n\n\n<p>Son fondateur, Oussama Ben Laden, avait incarn\u00e9 le jihad mondial et inspir\u00e9 une g\u00e9n\u00e9ration d&rsquo;activistes. Depuis cinq mois, Al-Qa\u00efda est pourtant priv\u00e9 de figure tut\u00e9laire et s&rsquo;abstient d&rsquo;admettre la mort, annonc\u00e9e par Washington, de son chef Ayman al-Zawahiri.<\/p>\n\n\n\n<p>Le 2 ao\u00fbt, le pr\u00e9sident am\u00e9ricain Joe Biden avait annonc\u00e9 avoir tu\u00e9 le jihadiste \u00e9gyptien en Afghanistan par une frappe de drone. Depuis, les m\u00e9dias officiels de la centrale jihadiste continuent de diffuser, comme la semaine derni\u00e8re, des messages audio ou vid\u00e9o non dat\u00e9s du peu charismatique leader \u00e0 la longue barbe blanche.<\/p>\n\n\n\n<p>Sans confirmer, ni infirmer sa mort.<\/p>\n\n\n\n<p>\u00ab\u00a0C&rsquo;est vraiment bizarre. Un r\u00e9seau ne fonctionne qu&rsquo;avec un leader. Il faut une personne autour de laquelle tout s&rsquo;articule\u00a0\u00bb, observe pour l&rsquo;AFP Hans-Jakob Schindler, le directeur du centre de r\u00e9flexion ind\u00e9pendant Counter-Extremism project (CEP).<\/p>\n\n\n\n<p>Toutes les options ou presque restent ouvertes. \u00ab\u00a0Il se pourrait bien s\u00fbr que les Etats-Unis aient tort \u00e0 propos de sa mort\u00a0\u00bb, relevaient d\u00e9but d\u00e9cembre les chercheurs Raffaello Pantucci et Kabir Taneja sur le site Lawfare.<\/p>\n\n\n\n<p>Ils rappelaient que les annonces de l&rsquo;ex\u00e9cution de cadres jihadistes majeurs, r\u00e9apparus ensuite, avaient d\u00e9j\u00e0 frapp\u00e9 les Occidentaux. \u00ab\u00a0Cela semble improbable vue la confiance avec laquelle le pr\u00e9sident Biden a \u00e9voqu\u00e9 la frappe\u00a0\u00bb, relevaient-ils pourtant.<\/p>\n\n\n\n<p>&#8211; L&rsquo;hypoth\u00e8se Sa\u00eff al-Adl &#8211;<\/p>\n\n\n\n<p>Autre hypoth\u00e8se, le groupe aurait \u00e9chou\u00e9 \u00e0 contacter le successeur pr\u00e9sum\u00e9 de Zawahiri, son ex-num\u00e9ro deux, Sa\u00eff al-Adl.<\/p>\n\n\n\n<p>Cet ancien lieutenant-colonel des Forces sp\u00e9ciales \u00e9gyptiennes s&rsquo;\u00e9tait engag\u00e9 dans les ann\u00e9es 1980 au sein du Jihad islamique \u00e9gyptien (JIE). Arr\u00eat\u00e9 une premi\u00e8re fois puis rel\u00e2ch\u00e9, il avait gagn\u00e9 l&rsquo;Afghanistan et rejoint Al-Qa\u00efda, \u00e0 l&rsquo;instar de Zawahiri, dont il \u00e9tait devenu le num\u00e9ro deux.<\/p>\n\n\n\n<p>Mais al-Adl est r\u00e9guli\u00e8rement d\u00e9crit comme se cachant en Iran, la r\u00e9publique islamique chiite n&rsquo;affichant gu\u00e8re de sympathie pour le mouvement ultra-radical sunnite. Il \u00ab\u00a0vit clairement dans un environnement dangereux et contraint\u00a0\u00bb, assuraient les deux chercheurs.<\/p>\n\n\n\n<p>Pour M. Schindler, \u00ab\u00a0Sa\u00eff est une responsabilit\u00e9 mais aussi un atout pour le r\u00e9gime iranien\u00a0\u00bb. T\u00e9h\u00e9ran pourrait, au gr\u00e9 de ses int\u00e9r\u00eats, le livrer aux Am\u00e9ricains ou au contraire le laisser les frapper.<\/p>\n\n\n\n<p>Autre sc\u00e9nario encore, le silence d&rsquo;Al-Qa\u00efda serait impos\u00e9 par les talibans. Zawahiri a \u00e9t\u00e9 abattu dans un quartier cossu de Kaboul, o\u00f9 les ma\u00eetres de l&rsquo;Afghanistan ne pouvaient ignorer sa pr\u00e9sence.<\/p>\n\n\n\n<p>\u00ab\u00a0Leur d\u00e9cision de ne pas commenter (son ex\u00e9cution) pourrait relever de leurs efforts pour g\u00e9rer leurs relations fragiles mais profondes avec Al-Qa\u00efda\u00a0\u00bb, tout en m\u00e9nageant Washington \u00e0 qui ils ont promis de ne pas laisser le groupe agir \u00e0 sa guise.<\/p>\n\n\n\n<p>Al-Adl pourrait aussi \u00eatre mort. Ou se terrer, pour \u00e9viter le sort de son pr\u00e9d\u00e9cesseur et des deux chefs du groupe jihadiste rival et ennemi jur\u00e9 Etat islamique (EI), tu\u00e9s \u00e0 huit mois d&rsquo;intervalle en 2022.<\/p>\n\n\n\n<p>&#8211; Faible importance op\u00e9rationnelle &#8211;<\/p>\n\n\n\n<p>A l&rsquo;\u00e9vidence, rien n&rsquo;est limpide au sein d&rsquo;une organisation d\u00e9sormais bien diff\u00e9rente de celle qui a perp\u00e9tr\u00e9 les attentats du 11-septembre 2001 aux Etats-Unis.<\/p>\n\n\n\n<p>La \u00ab\u00a0marque\u00a0\u00bb a essaim\u00e9 ses filiales, du Levant jusqu&rsquo;en Afrique en passant par l&rsquo;Asie du Sud. Mais elles sont \u00e9minemment plus autonomes vis-\u00e0-vis de la centrale que par le pass\u00e9, dans leurs op\u00e9rations, leurs financements et leurs strat\u00e9gies, calqu\u00e9es sur les r\u00e9alit\u00e9s locales des territoires qu&rsquo;elles investissent.<\/p>\n\n\n\n<p>A cet \u00e9gard, le silence du groupe sur l&rsquo;apr\u00e8s-Zawahiri, lui m\u00eame d\u00e9sign\u00e9 seulement six semaines apr\u00e8s la mort de Ben Laden, \u00ab\u00a0refl\u00e8te l&rsquo;importance limit\u00e9e de la centrale d&rsquo;Al-Qa\u00efda. C&rsquo;est un symbole unifiant les groupes \u00e0 travers les fronti\u00e8res mais sa pertinence op\u00e9rationnelle est faible\u00a0\u00bb, assure Barak Mendelsohn, professeur \u00e0 l&rsquo;universit\u00e9 Haverford de Pensylvannie.<\/p>\n\n\n\n<p>Ce vide du pouvoir \u00ab\u00a0n&rsquo;est pas tr\u00e8s significatif\u00a0\u00bb, ajoute \u00e0 l&rsquo;AFP ce sp\u00e9cialiste du groupe.<\/p>\n\n\n\n<p>De ce point de vue, Al-Qa\u00efda et l&rsquo;EI partagent des difficult\u00e9s assez semblables.<\/p>\n\n\n\n<p>En novembre, cette derni\u00e8re avait annonc\u00e9 la mort de son chef, l&rsquo;Irakien Abou Hassan al-Hachimi al-Qourachi, d\u00e9signant dans la foul\u00e9e Abou Al-Hussein al-Husseini al-Qourachi. Derri\u00e8re deux pseudonymes au patronyme identique, deux hommes se r\u00e9clamant de la tribu du proph\u00e8te Mahomet, avec la l\u00e9gitimit\u00e9 qui en d\u00e9coule comme \u00ab\u00a0calife autoproclam\u00e9\u00a0\u00bb des musulmans.<\/p>\n\n\n\n<p>\u00ab\u00a0Bien que l&rsquo;EI ait \u00e9lu de nouveaux califes, personne n&rsquo;avait jamais entendu parler d&rsquo;eux. Pour autant, les filiales sont rest\u00e9es loyales et continuent de pr\u00eater all\u00e9geance \u00e0 un calife inconnu\u00a0\u00bb, rel\u00e8ve Tore Hamming, politologue danois au D\u00e9partement des \u00e9tudes de la guerre du King&rsquo;s College de Londres.<\/p>\n\n\n\n<p>\u00ab\u00a0Pour Al-Qa\u00efda, cela pourrait \u00eatre la m\u00eame chose, avec un simple conseil de hautes personnalit\u00e9s jouant le r\u00f4le d&rsquo;un \u00e9mir\u00a0\u00bb, ajoute-t-il.<\/p>\n\n\n\n<p>Le brouillard entourant le groupe conserve toute son opacit\u00e9. Malgr\u00e9 plus de 30 ans d&rsquo;existence, Al-Qa\u00efda n&rsquo;avait connu qu&rsquo;une succession, souligne-t-il pour l&rsquo;AFP, sugg\u00e9rant des proc\u00e9dures fragiles.<\/p>\n\n\n\n<p>Et la seule certitude du chercheur est qu&rsquo;il n&rsquo;en a pas. \u00ab\u00a0Nous ne savons absolument rien de ce qui se passe au sein d&rsquo;Al-Qa\u00efda en termes de proc\u00e9dures d&rsquo;\u00e9lection d&rsquo;un nouveau leader\u00a0\u00bb.<\/p>\n\n\n\n<p>Par Didier LAURAS<\/p>\n\n\n\n<p><a href=\"https:\/\/information.tv5monde.com\/auteur\/afp\">AFP<\/a><\/p>\n","protected":false},"excerpt":{"rendered":"<p>Son fondateur, Oussama Ben Laden, avait incarn\u00e9 le jihad mondial et inspir\u00e9 une g\u00e9n\u00e9ration d&rsquo;activistes. Depuis cinq mois, Al-Qa\u00efda est<\/p>\n","protected":false},"author":1,"featured_media":5674,"comment_status":"open","ping_status":"open","sticky":false,"template":"","format":"standard","meta":{"footnotes":""},"categories":[51],"tags":[],"class_list":["post-5673","post","type-post","status-publish","format-standard","has-post-thumbnail","hentry","category-general"],"_links":{"self":[{"href":"https:\/\/dekkbi.com\/index.php?rest_route=\/wp\/v2\/posts\/5673","targetHints":{"allow":["GET"]}}],"collection":[{"href":"https:\/\/dekkbi.com\/index.php?rest_route=\/wp\/v2\/posts"}],"about":[{"href":"https:\/\/dekkbi.com\/index.php?rest_route=\/wp\/v2\/types\/post"}],"author":[{"embeddable":true,"href":"https:\/\/dekkbi.com\/index.php?rest_route=\/wp\/v2\/users\/1"}],"replies":[{"embeddable":true,"href":"https:\/\/dekkbi.com\/index.php?rest_route=%2Fwp%2Fv2%2Fcomments&post=5673"}],"version-history":[{"count":1,"href":"https:\/\/dekkbi.com\/index.php?rest_route=\/wp\/v2\/posts\/5673\/revisions"}],"predecessor-version":[{"id":5675,"href":"https:\/\/dekkbi.com\/index.php?rest_route=\/wp\/v2\/posts\/5673\/revisions\/5675"}],"wp:featuredmedia":[{"embeddable":true,"href":"https:\/\/dekkbi.com\/index.php?rest_route=\/wp\/v2\/media\/5674"}],"wp:attachment":[{"href":"https:\/\/dekkbi.com\/index.php?rest_route=%2Fwp%2Fv2%2Fmedia&parent=5673"}],"wp:term":[{"taxonomy":"category","embeddable":true,"href":"https:\/\/dekkbi.com\/index.php?rest_route=%2Fwp%2Fv2%2Fcategories&post=5673"},{"taxonomy":"post_tag","embeddable":true,"href":"https:\/\/dekkbi.com\/index.php?rest_route=%2Fwp%2Fv2%2Ftags&post=5673"}],"curies":[{"name":"wp","href":"https:\/\/api.w.org\/{rel}","templated":true}]}}