{"id":56724,"date":"2025-05-19T09:11:26","date_gmt":"2025-05-19T09:11:26","guid":{"rendered":"https:\/\/dekkbi.com\/?p=56724"},"modified":"2025-05-19T09:30:24","modified_gmt":"2025-05-19T09:30:24","slug":"participations-au-dialogue-national-tous-sauf-lapr-et-tas","status":"publish","type":"post","link":"https:\/\/dekkbi.com\/?p=56724","title":{"rendered":"Participations au Dialogue national : TOUS SAUF L\u2019APR ET TAS"},"content":{"rendered":"\n<p><strong>Les agents comptables ont profit\u00e9 de la journ\u00e9e de r\u00e9flexion sur le \u00abR\u00f4le et la responsabilit\u00e9 des agents comptables dans l\u2019ex\u00e9cution du budget public\u00bb, tenue samedi par leur amicale, pour passer au peigne fin les difficult\u00e9s auxquelles ils sont confront\u00e9s dans l\u2019exercice de leur mission, surtout dans ce contexte de reddition des comptes. <\/strong><\/p>\n\n\n\n<p>L\u2019Amicale des agents comptables du S\u00e9n\u00e9gal a tenu, samedi, une journ\u00e9e de r\u00e9flexion sur le th\u00e8me\u00a0: \u00abR\u00f4le et responsabilit\u00e9 des agents comptables dans l\u2019ex\u00e9cution du budget public.\u00bb Une occasion pour les membres de l\u2019Amacs de lister leurs pr\u00e9occupations.<\/p>\n\n\n\n<p>M. D., agent comptable dans un Centre r\u00e9gional des \u0153uvres universitaires sociales (Crous), d\u00e9clare\u00a0: \u00abLa forte pr\u00e9sence des agents comptables \u00e0 cette rencontre s\u2019explique par le fait que tout le monde a peur pr\u00e9sentement. C\u2019est la r\u00e9alit\u00e9. Tout le monde a peur, parce qu\u2019on incrimine des agents comptables pour des faits qu\u2019ils n\u2019ont pas commis.\u00bb<\/p>\n\n\n\n<p>Face \u00e0 cette situation, l\u2019Acp plaide pour que \u00ables autorit\u00e9s judiciaires soient sensibilis\u00e9es sur le fait que l\u2019agent comptable n\u2019a pas \u00e0 aller v\u00e9rifier, sur le terrain, la r\u00e9alisation ou non d\u2019un projet. L\u2019agent comptable n\u2019est que payeur. Apr\u00e8s v\u00e9rification sur pi\u00e8ce, s\u2019il constate que tout est en r\u00e8gle, il doit payer et sa mission s\u2019arr\u00eate l\u00e0. Il n\u2019est pas ordonnateur. Il faut que les agents comptables soient prot\u00e9g\u00e9s par le minist\u00e8re des Finances, la Direction g\u00e9n\u00e9rale de la comptabilit\u00e9 publique et du tr\u00e9sor. Le syndicat doit \u00e9galement s\u2019impliquer davantage. On ne doit pas tra\u00eener en Justice un agent comptable qui a pay\u00e9 r\u00e9guli\u00e8rement une d\u00e9pense. Il n\u2019a aucune pr\u00e9rogative pour aller v\u00e9rifier si une d\u00e9pense a \u00e9t\u00e9 ex\u00e9cut\u00e9e sur le terrain, alors que sur pi\u00e8ce tout est en r\u00e8gle\u00bb.<\/p>\n\n\n\n<p><strong>\u00abTout le monde a peur\u00bb<\/strong><\/p>\n\n\n\n<p>A travers cette journ\u00e9e de r\u00e9flexion, l\u2019Amacs veut, selon sa pr\u00e9sidente Alima Traor\u00e9 Ke\u00efta, contribuer \u00e0 l\u2019actualisation des textes relatifs aux r\u00f4les et au r\u00e9gime de la responsabilit\u00e9 des agents comptables.<\/p>\n\n\n\n<p>A ce propos, assure le coordonnateur de la Direction g\u00e9n\u00e9rale de la comptabilit\u00e9 publique et du tr\u00e9sor (Dgcpt), \u00abrepenser et r\u00e9former le r\u00e9gime de responsabilit\u00e9 demeurent un gage pour lib\u00e9rer le comptable public d\u2019une possible action, d\u2019\u00eatre t\u00e9tanis\u00e9 et inhib\u00e9 par la pesanteur de sa responsabilit\u00e9 et la lourdeur de la sanction de mise en d\u00e9bet, par exemple en cas de non-respect d\u2019un formalisme dans l\u2019ex\u00e9cution d\u2019une op\u00e9ration\u00bb. Amadou\u00a0Oury Ba annonce ainsi que \u00abdans le cadre de mise en \u0153uvre du plan d\u2019actions issu du rapport de la Cour des comptes sur l\u2019audit des finances publiques, le ministre des Finances et du budget a engag\u00e9 une ambitieuse r\u00e9flexion et pos\u00e9 des actes allant dans le sens de transformer et d\u2019\u00e9largir le cadre normatif du r\u00e9gime de responsabilit\u00e9 qui engloberait tous les managers publics\u00bb. Mais \u00e0 son avis, \u00able nouveau r\u00e9gime de responsabilit\u00e9, sans \u00eatre une licence \u00e0 l\u2019impunit\u00e9, doit concilier \u00e0 la fois l\u2019exigence de performance et l\u2019imp\u00e9ratif du Jub-Jubal-Jubanti au grand b\u00e9n\u00e9fice de nos compatriotes\u00bb. Il informe \u00e9galement que \u00abdans le cadre de sa politique de formation, la Dgcpt d\u00e9roule actuellement un ambitieux programme de formation dont la premi\u00e8re phase concerne la mise \u00e0 niveau des nouvelles autorit\u00e9s des organes ex\u00e9cutifs des structures du secteur parapublic.<\/p>\n\n\n\n<p>La prochaine phase permettra de r\u00e9unir ces derniers et les agents comptables dans le souci de lever certaines incompr\u00e9hensions, d\u2019harmonier la pratique dans la proc\u00e9dure d\u2019ex\u00e9cution des budgets publics, ainsi que de r\u00e9affirmer le r\u00f4le central de conseiller financier de l\u2019agent comptable\u00bb.<\/p>\n\n\n\n<p>En guise de contribution \u00e0 ces travaux, le bureau de l\u2019Amacs compte transmettre \u00able rapport sur les travaux et esp\u00e8re que les conclusions participeront \u00e0 l\u2019am\u00e9lioration de l\u2019encadrement de la gestion des deniers publics, que ce soit pour la mise \u00e0 jour de la r\u00e9glementation, de l\u2019ex\u00e9cution des budgets publics ou les modalit\u00e9s de reddition\u00bb.<\/p>\n\n\n\n<p><strong>Par Dialigu\u00e9 FAYE \u2013\u00a0dialigue@lequotidien.sn<\/strong><\/p>\n","protected":false},"excerpt":{"rendered":"<p>Les agents comptables ont profit\u00e9 de la journ\u00e9e de r\u00e9flexion sur le \u00abR\u00f4le et la responsabilit\u00e9 des agents comptables dans<\/p>\n","protected":false},"author":1,"featured_media":56725,"comment_status":"open","ping_status":"open","sticky":false,"template":"","format":"standard","meta":{"footnotes":""},"categories":[6],"tags":[],"class_list":["post-56724","post","type-post","status-publish","format-standard","has-post-thumbnail","hentry","category-politics"],"_links":{"self":[{"href":"https:\/\/dekkbi.com\/index.php?rest_route=\/wp\/v2\/posts\/56724","targetHints":{"allow":["GET"]}}],"collection":[{"href":"https:\/\/dekkbi.com\/index.php?rest_route=\/wp\/v2\/posts"}],"about":[{"href":"https:\/\/dekkbi.com\/index.php?rest_route=\/wp\/v2\/types\/post"}],"author":[{"embeddable":true,"href":"https:\/\/dekkbi.com\/index.php?rest_route=\/wp\/v2\/users\/1"}],"replies":[{"embeddable":true,"href":"https:\/\/dekkbi.com\/index.php?rest_route=%2Fwp%2Fv2%2Fcomments&post=56724"}],"version-history":[{"count":1,"href":"https:\/\/dekkbi.com\/index.php?rest_route=\/wp\/v2\/posts\/56724\/revisions"}],"predecessor-version":[{"id":56726,"href":"https:\/\/dekkbi.com\/index.php?rest_route=\/wp\/v2\/posts\/56724\/revisions\/56726"}],"wp:featuredmedia":[{"embeddable":true,"href":"https:\/\/dekkbi.com\/index.php?rest_route=\/wp\/v2\/media\/56725"}],"wp:attachment":[{"href":"https:\/\/dekkbi.com\/index.php?rest_route=%2Fwp%2Fv2%2Fmedia&parent=56724"}],"wp:term":[{"taxonomy":"category","embeddable":true,"href":"https:\/\/dekkbi.com\/index.php?rest_route=%2Fwp%2Fv2%2Fcategories&post=56724"},{"taxonomy":"post_tag","embeddable":true,"href":"https:\/\/dekkbi.com\/index.php?rest_route=%2Fwp%2Fv2%2Ftags&post=56724"}],"curies":[{"name":"wp","href":"https:\/\/api.w.org\/{rel}","templated":true}]}}