{"id":56700,"date":"2025-05-16T10:58:57","date_gmt":"2025-05-16T10:58:57","guid":{"rendered":"https:\/\/dekkbi.com\/?p=56700"},"modified":"2025-05-16T10:58:57","modified_gmt":"2025-05-16T10:58:57","slug":"libye-lonu-tres-inquiete-apres-trois-jours-de-violents-combats","status":"publish","type":"post","link":"https:\/\/dekkbi.com\/?p=56700","title":{"rendered":"Libye: l&rsquo;ONU tr\u00e8s inqui\u00e8te apr\u00e8s trois jours de violents combats"},"content":{"rendered":"\n<p>Par \u00a9 2025 AFP &#8211; Les Nations unies se sont dites tr\u00e8s inqui\u00e8tes jeudi face \u00e0 une tr\u00eave fragile en Libye apr\u00e8s trois jours de violents combats \u00e0 Tripoli entre les forces fid\u00e8les au gouvernement et de puissants groupes arm\u00e9s que ce dernier tente de d\u00e9manteler.<\/p>\n\n\n\n<p>\u00ab\u00a0Alarm\u00e9e par l&rsquo;escalade de la violence \u00e0 Tripoli\u00a0\u00bb, l&rsquo;agence de l&rsquo;ONU pour les migrations (OIM) a dit redouter \u00ab\u00a0un risque grave de d\u00e9placement massif et de danger pour les civils\u00a0\u00bb. La Turquie, soutien du gouvernement en place \u00e0 Tripoli, a de son c\u00f4t\u00e9 annonc\u00e9 pr\u00e9parer l&rsquo;\u00e9vacuation des ressortissants qui le souhaitent.<\/p>\n\n\n\n<p>Jeudi, la capitale connaissait une accalmie mais les \u00e9tablissements scolaires restaient ferm\u00e9s tout comme l&rsquo;a\u00e9roport desservant la capitale. De nombreux commerces gardaient leurs rideaux baiss\u00e9s hormis quelques rares \u00e9piceries et boulangeries, selon des journalistes de l&rsquo;AFP.<\/p>\n\n\n\n<p>De premiers affrontements ont \u00e9clat\u00e9 lundi soir au coeur de Tripoli apr\u00e8s l&rsquo;annonce de la mort brutale du chef du groupe arm\u00e9 SSA (Autorit\u00e9 de soutien \u00e0 la stabilit\u00e9), Abdelghani \u00ab\u00a0Gheniwa\u00a0\u00bb el-Kikli, dont la puissance \u00e9tait devenue, selon les analystes, une menace pour le chef du gouvernement de Tripoli, Abdelhamid Dbeibah.<\/p>\n\n\n\n<p>Des combats qui ont continu\u00e9 jusqu&rsquo;\u00e0 mardi entre le SSA et des groupes fid\u00e8les \u00e0 M. Dbeibah, ont fait au moins six morts, selon un bilan officiel.<\/p>\n\n\n\n<p>Malgr\u00e9 l&rsquo;arr\u00eat de ces affrontements, les partisans du SSA ont averti dans un communiqu\u00e9 jeudi que la mort de leur chef \u00ab\u00a0ne fait qu&rsquo;ancrer (leur) d\u00e9termination \u00e0 poursuivre sans rel\u00e2che les personnes impliqu\u00e9es o\u00f9 qu&rsquo;elles se trouvent\u00a0\u00bb. Selon sa famille, \u00ab\u00a0Gheniwa\u00a0\u00bb a \u00e9t\u00e9 abattu dans une \u00ab\u00a0embuscade\u00a0\u00bb lorsqu&rsquo;il s&rsquo;est rendu dans une caserne d&rsquo;un groupe fid\u00e8le au gouvernement, la Brigade 444.<\/p>\n\n\n\n<p>La Cour p\u00e9nale internationale a annonc\u00e9 le m\u00eame jour que la Libye a avait reconnu la comp\u00e9tence de la CPI pour d&rsquo;\u00e9ventuels crimes de guerre et r\u00e9pressions commis dans ce pays d&rsquo;Afrique du Nord entre 2011 et 2027.<\/p>\n\n\n\n<p>\u00ab\u00a0Cette d\u00e9claration re\u00e7ue aujourd&rsquo;hui repr\u00e9sente une \u00e9tape importante vers une nouvelle lateforme d&rsquo;action collective entre la CPI et la Libye dans la poursuite de la justice\u00a0\u00bb, a dit le procureur g\u00e9n\u00e9ral de la CPI, Karim Khan.<\/p>\n\n\n\n<figure class=\"wp-block-image\"><img decoding=\"async\" src=\"https:\/\/information.tv5monde.com\/sites\/tv5-info\/files\/styles\/entete\/public\/2025-05\/field_media_image-2924194-7909b51843044dfe5cf4e9140260ee0d567e5a89.jpg?itok=miOPQ6l2\" alt=\"Des membres des forces de s\u00e9curit\u00e9 \u00e0 un point de contr\u00f4le \u00e0 Tripoli, le 13 mai 2025 en Libye\" title=\"Des membres des forces de s\u00e9curit\u00e9 \u00e0 un point de contr\u00f4le \u00e0 Tripoli, le 13 mai 2025 en Libye\"\/><\/figure>\n\n\n\n<p>Des membres des forces de s\u00e9curit\u00e9 \u00e0 un point de contr\u00f4le \u00e0 Tripoli, le 13 mai 2025 en Libye<\/p>\n\n\n\n<p>AFP<\/p>\n\n\n\n<p>Mahmud Turkia<\/p>\n\n\n\n<p>Min\u00e9e par les combats fratricides depuis la chute et la mort du dictateur Mouammar Kadhafi en 2011, la Libye est gouvern\u00e9e par deux ex\u00e9cutifs rivaux: celui de M. Dbeibah dans l&rsquo;ouest reconnu par l&rsquo;ONU, et un autre dans l&rsquo;est, contr\u00f4l\u00e9 par le mar\u00e9chal Khalifa Haftar.<\/p>\n\n\n\n<p>Apr\u00e8s la mort de \u00ab\u00a0Gheniwa\u00a0\u00bb, M. Dbeibah a dissous des organes s\u00e9curitaires qui lui \u00e9taient affili\u00e9s et parl\u00e9 d&rsquo;une \u00ab\u00a0\u00e9tape d\u00e9cisive vers l&rsquo;\u00e9limination des groupes irr\u00e9guliers\u00a0\u00bb \u00e0 Tripoli.<\/p>\n\n\n\n<p>Pour les experts, M. Dbeibah tente une reprise en main apr\u00e8s des ann\u00e9es de tol\u00e9rance de son gouvernement \u00e0 l&rsquo;\u00e9gard de la myriade de groupes arm\u00e9s qui se partagent la capitale et ses institutions cl\u00e9s.<\/p>\n\n\n\n<h2 class=\"wp-block-heading\">\u00ab\u00a0Saper ou consolider\u00a0\u00bb ?<\/h2>\n\n\n\n<p>Signe de fortes tensions, des habitants du quartier d&rsquo;Abou Salim (sud de Tripoli), fief du SSA, qui manifestaient devant le quartier g\u00e9n\u00e9ral du groupe pour exiger le d\u00e9part de ses affid\u00e9s de cette zone, ont essuy\u00e9 des tirs mercredi soir. Aucun bilan n&rsquo;a \u00e9t\u00e9 communiqu\u00e9.<\/p>\n\n\n\n<figure class=\"wp-block-image\"><img decoding=\"async\" src=\"https:\/\/information.tv5monde.com\/sites\/tv5-info\/files\/styles\/entete\/public\/2025-05\/field_media_image-2924195-9481a986bc21e523302f4033834af9081378c0c2.jpg?itok=ZfcwKs-T\" alt=\"Un immeuble cribl\u00e9 d'impacts de balles \u00e0 Tripoli, le 14 mai 2025 en Libye\" title=\"Un immeuble cribl\u00e9 d'impacts de balles \u00e0 Tripoli, le 14 mai 2025 en Libye\"\/><\/figure>\n\n\n\n<p>Un immeuble cribl\u00e9 d&rsquo;impacts de balles \u00e0 Tripoli, le 14 mai 2025 en Libye<\/p>\n\n\n\n<p>AFP<\/p>\n\n\n\n<p>Mahmud Turkia<\/p>\n\n\n\n<p>De mardi \u00e0 mercredi en fin d&rsquo;apr\u00e8s-midi, de nouveaux affrontements violents ont oppos\u00e9 un puissant groupe arm\u00e9 appel\u00e9 Radaa (dissuasion) \u00e0 la Brigade 444, rattach\u00e9e au gouvernement Dbeibah, apr\u00e8s l&rsquo;annonce par le Premier ministre d&rsquo;une dissolution de Radaa.<\/p>\n\n\n\n<p>Pas de bilan officiel mais le Croissant rouge libyen a dit avoir r\u00e9cup\u00e9r\u00e9 un corps dans une voiture.<\/p>\n\n\n\n<p>La dissolution de Radaa a suscit\u00e9 des remous dans son fief de Souq el-Joumaa (est de Tripoli) o\u00f9 une manifestation a r\u00e9uni plus de 500 personnes mercredi soir, qui ont cri\u00e9 des slogans contre Dbeibah.<\/p>\n\n\n\n<p>Contrairement au SSA dont des responsables sont recherch\u00e9s par la Cour p\u00e9nale internationale pour des exactions, le groupe Radaa est relativement respect\u00e9, m\u00eame s&rsquo;il g\u00e8re des prisons consid\u00e9r\u00e9es comme ill\u00e9gales. Ses membres salafistes exercent des fonctions de police contre le trafic de drogue ou le terrorisme jihadiste.<\/p>\n\n\n\n<p>La Mission de l&rsquo;ONU en Libye (Manul) a multipli\u00e9 les appels au calme, se disant inqui\u00e8te d&rsquo;une \u00ab\u00a0situation qui pourrait rapidement devenir incontr\u00f4lable\u00a0\u00bb.<\/p>\n\n\n\n<p>Elle a appel\u00e9 \u00e0 la fin des combats et \u00ab\u00a0\u00e0 ce que toutes les formations arm\u00e9es retournent sans d\u00e9lai dans leurs casernes\u00a0\u00bb.<\/p>\n\n\n\n<p>Au moins six ambassades dont celles des Etats-Unis et de l&rsquo;Union europ\u00e9enne ont exprim\u00e9 leur pr\u00e9occupation. La Turquie a r\u00e9clam\u00e9 un \u00ab\u00a0cessez-le-feu\u00a0\u00bb et appel\u00e9 au \u00ab\u00a0dialogue\u00a0\u00bb.<\/p>\n\n\n\n<p>\u00ab\u00a0Que ces affrontements aboutissent \u00e0 saper ou \u00e0 consolider l&rsquo;autorit\u00e9 de Dbeibah reste une question ouverte\u00a0\u00bb, selon Claudia Gazzini de l&rsquo;International Crisis Group.<\/p>\n\n\n\n<p>\u00ab\u00a0L&rsquo;incertitude a beaucoup augment\u00e9, notamment en ce qui concerne le maintien au pouvoir de Dbeibah, moins s\u00fbr qu&rsquo;il y a une semaine\u00a0\u00bb, a indiqu\u00e9 \u00e0 l&rsquo;AFP Jalel Harchaoui un autre sp\u00e9cialiste.<\/p>\n\n\n\n<p>La situation est, selon lui, la \u00ab\u00a0plus dangereuse\u00a0\u00bb des 14 derni\u00e8res ann\u00e9es en raison de l&rsquo;arriv\u00e9e \u00e0 Tripoli de renforts de troupes massifs: venus de l&rsquo;ouest pour la Force Radaa et de Misrata (200 km \u00e0 l&rsquo;est de la capitale) pour le gouvernement Dbeibah.<\/p>\n","protected":false},"excerpt":{"rendered":"<p>Par \u00a9 2025 AFP &#8211; Les Nations unies se sont dites tr\u00e8s inqui\u00e8tes jeudi face \u00e0 une tr\u00eave fragile en<\/p>\n","protected":false},"author":1,"featured_media":56701,"comment_status":"open","ping_status":"open","sticky":false,"template":"","format":"standard","meta":{"footnotes":""},"categories":[51],"tags":[],"class_list":["post-56700","post","type-post","status-publish","format-standard","has-post-thumbnail","hentry","category-general"],"_links":{"self":[{"href":"https:\/\/dekkbi.com\/index.php?rest_route=\/wp\/v2\/posts\/56700","targetHints":{"allow":["GET"]}}],"collection":[{"href":"https:\/\/dekkbi.com\/index.php?rest_route=\/wp\/v2\/posts"}],"about":[{"href":"https:\/\/dekkbi.com\/index.php?rest_route=\/wp\/v2\/types\/post"}],"author":[{"embeddable":true,"href":"https:\/\/dekkbi.com\/index.php?rest_route=\/wp\/v2\/users\/1"}],"replies":[{"embeddable":true,"href":"https:\/\/dekkbi.com\/index.php?rest_route=%2Fwp%2Fv2%2Fcomments&post=56700"}],"version-history":[{"count":1,"href":"https:\/\/dekkbi.com\/index.php?rest_route=\/wp\/v2\/posts\/56700\/revisions"}],"predecessor-version":[{"id":56702,"href":"https:\/\/dekkbi.com\/index.php?rest_route=\/wp\/v2\/posts\/56700\/revisions\/56702"}],"wp:featuredmedia":[{"embeddable":true,"href":"https:\/\/dekkbi.com\/index.php?rest_route=\/wp\/v2\/media\/56701"}],"wp:attachment":[{"href":"https:\/\/dekkbi.com\/index.php?rest_route=%2Fwp%2Fv2%2Fmedia&parent=56700"}],"wp:term":[{"taxonomy":"category","embeddable":true,"href":"https:\/\/dekkbi.com\/index.php?rest_route=%2Fwp%2Fv2%2Fcategories&post=56700"},{"taxonomy":"post_tag","embeddable":true,"href":"https:\/\/dekkbi.com\/index.php?rest_route=%2Fwp%2Fv2%2Ftags&post=56700"}],"curies":[{"name":"wp","href":"https:\/\/api.w.org\/{rel}","templated":true}]}}