{"id":56698,"date":"2025-05-16T10:52:23","date_gmt":"2025-05-16T10:52:23","guid":{"rendered":"https:\/\/dekkbi.com\/?p=56698"},"modified":"2025-05-16T11:39:18","modified_gmt":"2025-05-16T11:39:18","slug":"infantino-en-retard-apres-une-visite-avec-trump-luefa-le-rappelle-a-lordre","status":"publish","type":"post","link":"https:\/\/dekkbi.com\/?p=56698","title":{"rendered":"Gianni Infantino en retard apr\u00e8s une visite avec Trump, l\u2019UEFA rappelle \u00e0 l\u2019ordre le pr\u00e9sident de la Fifa"},"content":{"rendered":"\n<p>L\u2019UEFA a critiqu\u00e9 mercredi l\u2019attitude de Gianni Infantino, arriv\u00e9 en retard au 75e Congr\u00e8s de la Fifa \u00e0 Luque au Paraguay, d\u00e9non\u00e7ant des changements \u201cregrettables\u201d. Le d\u00e9but du Congr\u00e8s a \u00e9t\u00e9 repouss\u00e9 de deux heures, laissant le temps au pr\u00e9sident de la Fifa Gianni Infantino d\u2019arriver en provenance du Moyen-Orient, o\u00f9 il accompagnait Donald Trump.<\/p>\n\n\n\n<p><strong>Source:<\/strong>\u00a0Belga<\/p>\n\n\n\n<p>\u201cLes changements de derni\u00e8re minute des horaires du Congr\u00e8s de la Fifa sont profond\u00e9ment regrettables\u201d, a \u00e9crit l\u2019UEFA dans un communiqu\u00e9.<br>\u201cChanger le calendrier \u00e0 la derni\u00e8re minute pour ce qui semble simplement arranger des int\u00e9r\u00eats politiques priv\u00e9s ne rend aucun service au football et semble faire passer ses int\u00e9r\u00eats au second plan.\u201d<\/p>\n\n\n\n<p>Plusieurs repr\u00e9sentants europ\u00e9ens, dont le pr\u00e9sident de l\u2019UEFA Aleksander Ceferin, ont protest\u00e9 en quittant la salle une fois le Congr\u00e8s lanc\u00e9.<\/p>\n\n\n\n<p>Infantino s\u2019est excus\u00e9 pour son retard, invoquant des probl\u00e8mes d\u2019avion, tout en insistant sur l\u2019importance de sa pr\u00e9sence ces jours-ci au Qatar, h\u00f4te de la derni\u00e8re Coupe du monde, et en Arabie saoudite, qui organisera l\u2019\u00e9dition 2034.<\/p>\n\n\n\n<p>Le pr\u00e9sident de la Fifa y accompagnait le pr\u00e9sident am\u00e9ricain Donald Trump, en visite officielle, apr\u00e8s s\u2019\u00eatre rendu \u00e0 la Maison Blanche la semaine derni\u00e8re.<\/p>\n\n\n\n<p>SOURCE 7\/7<\/p>\n","protected":false},"excerpt":{"rendered":"<p>L\u2019UEFA a critiqu\u00e9 mercredi l\u2019attitude de Gianni Infantino, arriv\u00e9 en retard au 75e Congr\u00e8s de la Fifa \u00e0 Luque au<\/p>\n","protected":false},"author":1,"featured_media":1962,"comment_status":"open","ping_status":"open","sticky":false,"template":"","format":"standard","meta":{"footnotes":""},"categories":[9],"tags":[],"class_list":["post-56698","post","type-post","status-publish","format-standard","has-post-thumbnail","hentry","category-sports"],"_links":{"self":[{"href":"https:\/\/dekkbi.com\/index.php?rest_route=\/wp\/v2\/posts\/56698","targetHints":{"allow":["GET"]}}],"collection":[{"href":"https:\/\/dekkbi.com\/index.php?rest_route=\/wp\/v2\/posts"}],"about":[{"href":"https:\/\/dekkbi.com\/index.php?rest_route=\/wp\/v2\/types\/post"}],"author":[{"embeddable":true,"href":"https:\/\/dekkbi.com\/index.php?rest_route=\/wp\/v2\/users\/1"}],"replies":[{"embeddable":true,"href":"https:\/\/dekkbi.com\/index.php?rest_route=%2Fwp%2Fv2%2Fcomments&post=56698"}],"version-history":[{"count":3,"href":"https:\/\/dekkbi.com\/index.php?rest_route=\/wp\/v2\/posts\/56698\/revisions"}],"predecessor-version":[{"id":56716,"href":"https:\/\/dekkbi.com\/index.php?rest_route=\/wp\/v2\/posts\/56698\/revisions\/56716"}],"wp:featuredmedia":[{"embeddable":true,"href":"https:\/\/dekkbi.com\/index.php?rest_route=\/wp\/v2\/media\/1962"}],"wp:attachment":[{"href":"https:\/\/dekkbi.com\/index.php?rest_route=%2Fwp%2Fv2%2Fmedia&parent=56698"}],"wp:term":[{"taxonomy":"category","embeddable":true,"href":"https:\/\/dekkbi.com\/index.php?rest_route=%2Fwp%2Fv2%2Fcategories&post=56698"},{"taxonomy":"post_tag","embeddable":true,"href":"https:\/\/dekkbi.com\/index.php?rest_route=%2Fwp%2Fv2%2Ftags&post=56698"}],"curies":[{"name":"wp","href":"https:\/\/api.w.org\/{rel}","templated":true}]}}