{"id":56693,"date":"2025-05-16T10:41:03","date_gmt":"2025-05-16T10:41:03","guid":{"rendered":"https:\/\/dekkbi.com\/?p=56693"},"modified":"2025-05-16T10:41:03","modified_gmt":"2025-05-16T10:41:03","slug":"assemblee-nationale-el-malick-ndiaye-annonce-une-reforme-en-profondeur-du-reglement-interieur","status":"publish","type":"post","link":"https:\/\/dekkbi.com\/?p=56693","title":{"rendered":"Assembl\u00e9e nationale\u00a0: El Malick Ndiaye annonce une \u00ab\u00a0r\u00e9forme en profondeur\u00a0\u00bb du r\u00e8glement int\u00e9rieur"},"content":{"rendered":"\n<p><a href=\"https:\/\/lesoleil.sn\/wp-content\/uploads\/2024\/11\/El-Malick-Ndiaye--e1747343645456.jpg\"><\/a>Le jeudi 15 Mai 2025, lors de la journ\u00e9e de restitution publique des travaux des comit\u00e9s ad hoc mis en place dans le cadre d\u2019un vaste chantier de r\u00e9formes structurelles engag\u00e9es depuis son installation, le pr\u00e9sident de l\u2019Assembl\u00e9e nationale a annonc\u00e9 que le comit\u00e9 charg\u00e9 du r\u00e8glement int\u00e9rieur allait, dans les prochains jours, pr\u00e9senter ses conclusions. Cependant, ce ne sera pas simplement pour la forme. \u00ab\u00a0<em>Il s\u2019agira d\u2019une r\u00e9forme en profondeur visant \u00e0 renforcer les capacit\u00e9s de contr\u00f4le du parlement, \u00e0 formaliser des pratiques jusque-l\u00e0 sans fondement juridique et \u00e0 inscrire durablement les principes de transparence, de redevabilit\u00e9 et de pluralisme dans le fonctionnement de notre institution<\/em>\u00a0\u00bb, assure El Malick Ndiaye.<\/p>\n\n\n\n<p>El Malick Ndiaye, install\u00e9 pr\u00e9sident de l\u2019Assembl\u00e9e nationale le 2 d\u00e9cembre 2024, est conscient de l\u2019enjeu que constitue l\u2019H\u00e9micycle. Il rappelle \u00e9galement que les commissions charg\u00e9es des changements avaient un r\u00f4le crucial \u00e0 jouer. \u00ab<em>&nbsp;Les r\u00e9formes que nous avons pr\u00e9sent\u00e9es aujourd\u2019hui ne sont pas impos\u00e9es d\u2019en haut. Elles ont \u00e9t\u00e9 construites collectivement \u00e0 travers des comit\u00e9s ad hoc pluriels, rassemblant toutes les sensibilit\u00e9s politiques, majorit\u00e9, opposition, non-inscrits, mais aussi, l\u2019administration parlementaire, les structures \u00e9tatiques, le monde universitaire, la soci\u00e9t\u00e9 civile, entre autres&nbsp;<\/em>\u00bb.<\/p>\n\n\n\n<p>Par ailleurs, toujours selon le Pr\u00e9sident de l\u2019Assembl\u00e9e nationale, tous les comit\u00e9s ont pour mission claire et pr\u00e9cise&nbsp;: identifier les blocages structurels afin de proposer des solutions.<\/p>\n\n\n\n<p>SOURCE LESOLEIL<\/p>\n","protected":false},"excerpt":{"rendered":"<p>Le jeudi 15 Mai 2025, lors de la journ\u00e9e de restitution publique des travaux des comit\u00e9s ad hoc mis en<\/p>\n","protected":false},"author":1,"featured_media":56694,"comment_status":"open","ping_status":"open","sticky":false,"template":"","format":"standard","meta":{"footnotes":""},"categories":[6],"tags":[],"class_list":["post-56693","post","type-post","status-publish","format-standard","has-post-thumbnail","hentry","category-politics"],"_links":{"self":[{"href":"https:\/\/dekkbi.com\/index.php?rest_route=\/wp\/v2\/posts\/56693","targetHints":{"allow":["GET"]}}],"collection":[{"href":"https:\/\/dekkbi.com\/index.php?rest_route=\/wp\/v2\/posts"}],"about":[{"href":"https:\/\/dekkbi.com\/index.php?rest_route=\/wp\/v2\/types\/post"}],"author":[{"embeddable":true,"href":"https:\/\/dekkbi.com\/index.php?rest_route=\/wp\/v2\/users\/1"}],"replies":[{"embeddable":true,"href":"https:\/\/dekkbi.com\/index.php?rest_route=%2Fwp%2Fv2%2Fcomments&post=56693"}],"version-history":[{"count":1,"href":"https:\/\/dekkbi.com\/index.php?rest_route=\/wp\/v2\/posts\/56693\/revisions"}],"predecessor-version":[{"id":56695,"href":"https:\/\/dekkbi.com\/index.php?rest_route=\/wp\/v2\/posts\/56693\/revisions\/56695"}],"wp:featuredmedia":[{"embeddable":true,"href":"https:\/\/dekkbi.com\/index.php?rest_route=\/wp\/v2\/media\/56694"}],"wp:attachment":[{"href":"https:\/\/dekkbi.com\/index.php?rest_route=%2Fwp%2Fv2%2Fmedia&parent=56693"}],"wp:term":[{"taxonomy":"category","embeddable":true,"href":"https:\/\/dekkbi.com\/index.php?rest_route=%2Fwp%2Fv2%2Fcategories&post=56693"},{"taxonomy":"post_tag","embeddable":true,"href":"https:\/\/dekkbi.com\/index.php?rest_route=%2Fwp%2Fv2%2Ftags&post=56693"}],"curies":[{"name":"wp","href":"https:\/\/api.w.org\/{rel}","templated":true}]}}