{"id":56690,"date":"2025-05-16T10:19:35","date_gmt":"2025-05-16T10:19:35","guid":{"rendered":"https:\/\/dekkbi.com\/?p=56690"},"modified":"2025-05-16T10:20:32","modified_gmt":"2025-05-16T10:20:32","slug":"depart-des-bases-francaises-une-nouvelle-etape-franchie-ce-jeudi","status":"publish","type":"post","link":"https:\/\/dekkbi.com\/?p=56690","title":{"rendered":"D\u00e9part des bases fran\u00e7aises : Une nouvelle \u00e9tape franchie ce jeudi !"},"content":{"rendered":"\n<p>(IGFM) &#8211; Une nouvelle \u00e9tape vient d\u2019\u00eatre franchie dans le processus de d\u00e9part des militaires fran\u00e7ais \u00e9tablies au S\u00e9n\u00e9gal. La partie fran\u00e7aise vient de rendre une nouvelle emprise \u00e0 l\u2019Etat du S\u00e9n\u00e9gal.<\/p>\n\n\n\n<p>\u00abConform\u00e9ment \u00e0 la d\u00e9cision de la commission conjointe du 28 f\u00e9vrier 2025, dans le respect de la proc\u00e9dure \u00e9tablie dans le trait\u00e9 instituant un partenariat en mati\u00e8re de coop\u00e9ration militaire entre la R\u00e9publique fran\u00e7aise et la R\u00e9publique du S\u00e9n\u00e9gal du 18 avril 2012, la partie fran\u00e7aise a remis \u00e0 la disposition de la partie s\u00e9n\u00e9galaise, ce jeudi 15 mai 2025, le quartier Contre-Amiral Protet situ\u00e9 sur le port de Dakar\u00bb, a annonc\u00e9 l\u2019Ambassade de la France au S\u00e9n\u00e9gal.<br><br>Dans son communiqu\u00e9 de presse parcouru par iGFM, elle rappelle que les emprises Mar\u00e9chal et Saint-Exup\u00e9ry ont d\u00e9j\u00e0 \u00e9t\u00e9 restitu\u00e9es le 7 mars 2025 et les autres emprises seront restitu\u00e9es d&rsquo;ici l&rsquo;\u00e9t\u00e9 2025 selon le calendrier commun\u00e9ment agr\u00e9\u00e9. Pour rappel, le 31 d\u00e9cembre 2024, le pr\u00e9sident Bassirou Diomaye Faye avait annonc\u00e9 la fin de toutes les pr\u00e9sences militaires de pays \u00e9trangers au S\u00e9n\u00e9gal.<\/p>\n","protected":false},"excerpt":{"rendered":"<p>(IGFM) &#8211; Une nouvelle \u00e9tape vient d\u2019\u00eatre franchie dans le processus de d\u00e9part des militaires fran\u00e7ais \u00e9tablies au S\u00e9n\u00e9gal. La<\/p>\n","protected":false},"author":1,"featured_media":51547,"comment_status":"open","ping_status":"open","sticky":false,"template":"","format":"standard","meta":{"footnotes":""},"categories":[21],"tags":[],"class_list":["post-56690","post","type-post","status-publish","format-standard","has-post-thumbnail","hentry","category-societe"],"_links":{"self":[{"href":"https:\/\/dekkbi.com\/index.php?rest_route=\/wp\/v2\/posts\/56690","targetHints":{"allow":["GET"]}}],"collection":[{"href":"https:\/\/dekkbi.com\/index.php?rest_route=\/wp\/v2\/posts"}],"about":[{"href":"https:\/\/dekkbi.com\/index.php?rest_route=\/wp\/v2\/types\/post"}],"author":[{"embeddable":true,"href":"https:\/\/dekkbi.com\/index.php?rest_route=\/wp\/v2\/users\/1"}],"replies":[{"embeddable":true,"href":"https:\/\/dekkbi.com\/index.php?rest_route=%2Fwp%2Fv2%2Fcomments&post=56690"}],"version-history":[{"count":1,"href":"https:\/\/dekkbi.com\/index.php?rest_route=\/wp\/v2\/posts\/56690\/revisions"}],"predecessor-version":[{"id":56691,"href":"https:\/\/dekkbi.com\/index.php?rest_route=\/wp\/v2\/posts\/56690\/revisions\/56691"}],"wp:featuredmedia":[{"embeddable":true,"href":"https:\/\/dekkbi.com\/index.php?rest_route=\/wp\/v2\/media\/51547"}],"wp:attachment":[{"href":"https:\/\/dekkbi.com\/index.php?rest_route=%2Fwp%2Fv2%2Fmedia&parent=56690"}],"wp:term":[{"taxonomy":"category","embeddable":true,"href":"https:\/\/dekkbi.com\/index.php?rest_route=%2Fwp%2Fv2%2Fcategories&post=56690"},{"taxonomy":"post_tag","embeddable":true,"href":"https:\/\/dekkbi.com\/index.php?rest_route=%2Fwp%2Fv2%2Ftags&post=56690"}],"curies":[{"name":"wp","href":"https:\/\/api.w.org\/{rel}","templated":true}]}}