{"id":56687,"date":"2025-05-16T10:12:25","date_gmt":"2025-05-16T10:12:25","guid":{"rendered":"https:\/\/dekkbi.com\/?p=56687"},"modified":"2025-05-16T10:12:25","modified_gmt":"2025-05-16T10:12:25","slug":"diamniadio-controle-inopine-avec-la-gendarmerie-lanaser-flashe-une-non-conformite-a-vive-allure-sur-la-route","status":"publish","type":"post","link":"https:\/\/dekkbi.com\/?p=56687","title":{"rendered":"Diamniadio \u2013\u00a0Contr\u00f4le inopin\u00e9 avec la gendarmerie: L\u2019Anaser flashe une non-conformit\u00e9 \u00e0 vive allure sur la route\u00a0"},"content":{"rendered":"\n<p><strong>L\u2019Agence nationale de la s\u00e9curit\u00e9 routi\u00e8re (Anaser) et la gendarmerie ont effectu\u00e9, hier sur la Route nationale, \u00e0 hauteur de Diamniadio, un contr\u00f4le routier qui a r\u00e9v\u00e9l\u00e9 une non-conformit\u00e9 ambiante sur nos routes. Des d\u00e9faillances mat\u00e9rielles, techniques et humaines.<\/strong><\/p>\n\n\n\n<p>\u2013\u00a0L\u2019op\u00e9ration de contr\u00f4le mixte effectu\u00e9e mercredi par l\u2019Agence nationale de la s\u00e9curit\u00e9 routi\u00e8re (Anaser) et la gendarmerie \u00e0 hauteur de Diamniadio, sur la Route nationale, a r\u00e9v\u00e9l\u00e9 une non-conformit\u00e9 ambiante sur nos routes.<\/p>\n\n\n\n<p> Des d\u00e9faillances mat\u00e9rielles, techniques et humaines ont \u00e9t\u00e9 enregistr\u00e9es lors de l\u2019op\u00e9ration s\u2019inscrivant dans le cadre de la lutte contre l\u2019ins\u00e9curit\u00e9 sur les routes. \u00abIl y a 113 v\u00e9hicules qui ont \u00e9t\u00e9 immobilis\u00e9s et 27 infractions ont \u00e9t\u00e9 enregistr\u00e9es\u00bb, a not\u00e9, \u00e0 la mi-journ\u00e9e, Atoumane Sy, Directeur g\u00e9n\u00e9ral de l\u2019Anaser. \u00abLa raison pour laquelle nous avons mis en place ce contr\u00f4le inopin\u00e9, c\u2019est parce que nous avons constat\u00e9, depuis un certain temps, qu\u2019il y a \u00e9norm\u00e9ment d\u2019accidents sur nos routes, et malheureusement ces accidents ont occasionn\u00e9 beaucoup de d\u00e9c\u00e8s et des bless\u00e9s graves et l\u00e9gers\u00bb, a-t-il not\u00e9, regrettant l\u2019irresponsabilit\u00e9 affich\u00e9e par certains conducteurs. \u00abIl y a l\u2019exc\u00e8s de vitesse, le d\u00e9faut de contr\u00f4le technique des v\u00e9hicules, le d\u00e9faut d\u2019assurance (\u2026). Il y a aussi certains usagers, notamment les conducteurs, qui ne disposaient pas de permis de conduire\u00bb, a d\u00e9taill\u00e9 M. Sy, parlant d\u2019une situation grave en allusion aux infractions d\u00e9lictuelles constat\u00e9es lors de l\u2019op\u00e9ration. <\/p>\n\n\n\n<p>\u00abCes personnes-l\u00e0 seront pr\u00e9sent\u00e9es devant le Parquet\u00bb, a-t-il indiqu\u00e9, sans pr\u00e9ciser la proportion entrant dans cette cat\u00e9gorie des d\u00e9lits dont les auteurs seront en m\u00eame temps pr\u00e9sent\u00e9s \u00e0 la\u00a0Commission nationale de retrait et de restitution des permis de conduire. L\u2019op\u00e9ration a aussi \u00e9t\u00e9 l\u2019occasion pour les \u00e9quipes de l\u2019Anaser de sensibiliser les usagers de la Gare routi\u00e8re de Diamniadio sur les bons comportements. Le directeur de l\u2019Anaser a fait comprendre que cette op\u00e9ration \u00e0 Diamniadio s\u2019inscrit dans une campagne nationale d\u2019information et de sensibilisation sur l\u2019ins\u00e9curit\u00e9 routi\u00e8re qui sera officiellement lanc\u00e9e le 20 mai.<\/p>\n\n\n\n<p><strong>Par Alioune Badara NDIAYE<\/strong> &#8211; <strong>abndiaye@lequotidien.sn<\/strong><\/p>\n","protected":false},"excerpt":{"rendered":"<p>L\u2019Agence nationale de la s\u00e9curit\u00e9 routi\u00e8re (Anaser) et la gendarmerie ont effectu\u00e9, hier sur la Route nationale, \u00e0 hauteur de<\/p>\n","protected":false},"author":1,"featured_media":56688,"comment_status":"open","ping_status":"open","sticky":false,"template":"","format":"standard","meta":{"footnotes":""},"categories":[26],"tags":[],"class_list":["post-56687","post","type-post","status-publish","format-standard","has-post-thumbnail","hentry","category-fait-divers"],"_links":{"self":[{"href":"https:\/\/dekkbi.com\/index.php?rest_route=\/wp\/v2\/posts\/56687","targetHints":{"allow":["GET"]}}],"collection":[{"href":"https:\/\/dekkbi.com\/index.php?rest_route=\/wp\/v2\/posts"}],"about":[{"href":"https:\/\/dekkbi.com\/index.php?rest_route=\/wp\/v2\/types\/post"}],"author":[{"embeddable":true,"href":"https:\/\/dekkbi.com\/index.php?rest_route=\/wp\/v2\/users\/1"}],"replies":[{"embeddable":true,"href":"https:\/\/dekkbi.com\/index.php?rest_route=%2Fwp%2Fv2%2Fcomments&post=56687"}],"version-history":[{"count":1,"href":"https:\/\/dekkbi.com\/index.php?rest_route=\/wp\/v2\/posts\/56687\/revisions"}],"predecessor-version":[{"id":56689,"href":"https:\/\/dekkbi.com\/index.php?rest_route=\/wp\/v2\/posts\/56687\/revisions\/56689"}],"wp:featuredmedia":[{"embeddable":true,"href":"https:\/\/dekkbi.com\/index.php?rest_route=\/wp\/v2\/media\/56688"}],"wp:attachment":[{"href":"https:\/\/dekkbi.com\/index.php?rest_route=%2Fwp%2Fv2%2Fmedia&parent=56687"}],"wp:term":[{"taxonomy":"category","embeddable":true,"href":"https:\/\/dekkbi.com\/index.php?rest_route=%2Fwp%2Fv2%2Fcategories&post=56687"},{"taxonomy":"post_tag","embeddable":true,"href":"https:\/\/dekkbi.com\/index.php?rest_route=%2Fwp%2Fv2%2Ftags&post=56687"}],"curies":[{"name":"wp","href":"https:\/\/api.w.org\/{rel}","templated":true}]}}