{"id":56683,"date":"2025-05-16T10:01:04","date_gmt":"2025-05-16T10:01:04","guid":{"rendered":"https:\/\/dekkbi.com\/?p=56683"},"modified":"2025-05-16T10:01:04","modified_gmt":"2025-05-16T10:01:04","slug":"gap-denseignants-classes-fermees-a-kedougou-lalerte-de-guy-marius-sagna-au-ministre-de-leducation-nationale","status":"publish","type":"post","link":"https:\/\/dekkbi.com\/?p=56683","title":{"rendered":"Gap d\u2019enseignants\u2026 classes ferm\u00e9es \u00e0 K\u00e9dougou : L\u2019alerte de Guy Marius Sagna au ministre de l\u2019\u00c9ducation nationale"},"content":{"rendered":"\n<p>L\u2019honorable d\u00e9put\u00e9, Guy Marius Sagna, a adress\u00e9 20 questions au gouvernement du S\u00e9n\u00e9gal. Parmi les sujets \u00e9voqu\u00e9s, figurent le gap d\u2019enseignants dans le secondaire et l\u2019impact dans l\u2019\u00e9l\u00e9mentaire dans la r\u00e9gion de K\u00e9dougou. Dans cette lettre, il interpelle directement le ministre de l\u2019\u00c9ducation nationale, Moustapha Guirassy.\u00a0<\/p>\n\n\n\n<p>Selon lui, \u00ab\u00a0120 d\u00e9parts de professeurs ont \u00e9t\u00e9 enregistr\u00e9s \u00e0 K\u00e9dougou contre moins de 50 arriv\u00e9es. Pour combler ce gap, les autorit\u00e9s \u00e9ducatives de la r\u00e9gion font cours dans les \u00e9coles \u00e9l\u00e9mentaires afin d\u2019assurer la faisabilit\u00e9 des cours dans le secondaire. Confirmez-vous cela Monsieur le ministre\u00a0?\u00bb, a-t-il demand\u00e9 au ministre de tutelle.<\/p>\n\n\n\n<p>\u00c0 ce titre, le l\u00e9gislateur a fait l\u2019objet de certains constats\u00a0:<br>&#8211; 40 classes de CI sont gel\u00e9es (ferm\u00e9es) dans le d\u00e9partement de Saraya,<br>&#8211; 14 classes dans le d\u00e9partement de Sal\u00e9mata et 3O classes dans le d\u00e9partement de K\u00e9dougou,<br>&#8211; augmentation des effectifs des \u00e9l\u00e8ves par classes dans l\u2019\u00e9l\u00e9mentaire (jusqu\u2019\u00e0 80),<br>&#8211; des charg\u00e9s de cours qui n\u2019ont pas eu une formation initiale adapt\u00e9e,<br>&#8211; un niveau scolaire des \u00e9l\u00e8ves de plus en plus faible.<\/p>\n\n\n\n<p>\u00ab\u00a0Monsieur le ministre, comment allez-vous prendre en charge ce probl\u00e8me dans la r\u00e9gion de K\u00e9dougou\u00a0?\u00a0\u00bb, a-t-il interpell\u00e9.<\/p>\n\n\n\n<p>Avant de faire des propositions portant sur \u00ab\u00a0des strat\u00e9gies qui permettront aux IEF et IA d\u2019avoir les effectifs de d\u00e9part et d\u2019arriv\u00e9e une ann\u00e9e avant afin d\u2019\u00e9quilibrer les deux effectifs\u00a0\u00bb, le temps d\u2019attendre les r\u00e9ponses du ministre.\u00a0<\/p>\n\n\n\n<p>SOURCE DAKARACTU<\/p>\n","protected":false},"excerpt":{"rendered":"<p>L\u2019honorable d\u00e9put\u00e9, Guy Marius Sagna, a adress\u00e9 20 questions au gouvernement du S\u00e9n\u00e9gal. Parmi les sujets \u00e9voqu\u00e9s, figurent le gap<\/p>\n","protected":false},"author":1,"featured_media":23188,"comment_status":"open","ping_status":"open","sticky":false,"template":"","format":"standard","meta":{"footnotes":""},"categories":[21],"tags":[],"class_list":["post-56683","post","type-post","status-publish","format-standard","has-post-thumbnail","hentry","category-societe"],"_links":{"self":[{"href":"https:\/\/dekkbi.com\/index.php?rest_route=\/wp\/v2\/posts\/56683","targetHints":{"allow":["GET"]}}],"collection":[{"href":"https:\/\/dekkbi.com\/index.php?rest_route=\/wp\/v2\/posts"}],"about":[{"href":"https:\/\/dekkbi.com\/index.php?rest_route=\/wp\/v2\/types\/post"}],"author":[{"embeddable":true,"href":"https:\/\/dekkbi.com\/index.php?rest_route=\/wp\/v2\/users\/1"}],"replies":[{"embeddable":true,"href":"https:\/\/dekkbi.com\/index.php?rest_route=%2Fwp%2Fv2%2Fcomments&post=56683"}],"version-history":[{"count":1,"href":"https:\/\/dekkbi.com\/index.php?rest_route=\/wp\/v2\/posts\/56683\/revisions"}],"predecessor-version":[{"id":56684,"href":"https:\/\/dekkbi.com\/index.php?rest_route=\/wp\/v2\/posts\/56683\/revisions\/56684"}],"wp:featuredmedia":[{"embeddable":true,"href":"https:\/\/dekkbi.com\/index.php?rest_route=\/wp\/v2\/media\/23188"}],"wp:attachment":[{"href":"https:\/\/dekkbi.com\/index.php?rest_route=%2Fwp%2Fv2%2Fmedia&parent=56683"}],"wp:term":[{"taxonomy":"category","embeddable":true,"href":"https:\/\/dekkbi.com\/index.php?rest_route=%2Fwp%2Fv2%2Fcategories&post=56683"},{"taxonomy":"post_tag","embeddable":true,"href":"https:\/\/dekkbi.com\/index.php?rest_route=%2Fwp%2Fv2%2Ftags&post=56683"}],"curies":[{"name":"wp","href":"https:\/\/api.w.org\/{rel}","templated":true}]}}