{"id":56679,"date":"2025-05-16T09:51:47","date_gmt":"2025-05-16T09:51:47","guid":{"rendered":"https:\/\/dekkbi.com\/?p=56679"},"modified":"2025-05-16T09:51:48","modified_gmt":"2025-05-16T09:51:48","slug":"goma-bukavu-trois-mois-sous-controle-rebelle","status":"publish","type":"post","link":"https:\/\/dekkbi.com\/?p=56679","title":{"rendered":"Goma, Bukavu&#8230;trois mois sous contr\u00f4le rebelle"},"content":{"rendered":"\n<p>Restrictions politiques et limitation des libert\u00e9s de manifester figurent en t\u00eate des pr\u00e9occupations exprim\u00e9es par les habitants des zones occup\u00e9es par le M23. Kaganda Mulume-Oderhwa Doudou, directeur scientifique du Centre de Recherches et d\u2019\u00c9tudes sur les Conflits et la Paix dans la R\u00e9gion des Grands Lacs (CRECOPAX-GL), actuellement bas\u00e9 \u00e0 Bukavu, d\u00e9crit la situation dans sa province.<\/p>\n\n\n\n<p>Selon lui, \u00ab\u00a0ceux qui m\u00e8nent des activit\u00e9s contraires \u00e0 la volont\u00e9 de l\u2019AFC-M23 sont soumis \u00e0 une certaine violence\u00a0\u00bb. Il souligne \u00e9galement \u00ab\u00a0la persistance de la violence urbaine, m\u00eame si l\u2019on observe par moments une l\u00e9g\u00e8re am\u00e9lioration du niveau s\u00e9curitaire.\u00a0\u00bb<\/p>\n\n\n\n<p>Un constat s\u00e9curitaire partag\u00e9 par Samy Jean Takimbula, pr\u00e9sident par int\u00e9rim de la soci\u00e9t\u00e9 civile du Sud-Kivu. \u00ab\u00a0Plusieurs zones de sant\u00e9 sont frapp\u00e9es par des \u00e9pid\u00e9mies comme la rougeole, le mpox ou encore le chol\u00e9ra. Il est urgent que les autorit\u00e9s collaborent avec les organisations non gouvernementales pour mettre en \u0153uvre des programmes de d\u00e9veloppement \u00e9conomique et social afin d\u2019am\u00e9liorer les conditions de vie des populations\u00a0\u00bb, alerte-t-il n\u00e9anmoins sur une d\u00e9gradation pr\u00e9occupante de la situation sanitaire, depuis l\u2019arriv\u00e9e duM23 dans la province.<\/p>\n\n\n\n<p>Au-del\u00e0 des aspects s\u00e9curitaires et sanitaires, c\u2019est la situation \u00e9conomique qui p\u00e8se lourdement sur les populations. Depuis la prise de Goma, toutes les banques ont ferm\u00e9, sur instruction du gouvernement central, provoquant une asphyxie financi\u00e8re dans les territoires occup\u00e9s.<\/p>\n\n\n\n<h3 class=\"wp-block-heading\">Des n\u00e9gociations dans l&rsquo;impasse<\/h3>\n\n\n\n<p>Dieudonn\u00e9 Mushagalusa, pr\u00e9sident du panel des experts de la soci\u00e9t\u00e9 civile, esp\u00e8re que les m\u00e9diations en cours entre Kinshasa et l\u2019AFC-M23, notamment \u00e0 Doha, pousseront les autorit\u00e9s \u00e0 reconsid\u00e9rer cette mesure.<\/p>\n\n\n\n<p>\u00ab\u00a0Pourquoi sacrifier la population ? Pourquoi la prendre en otage ? Si les politiques doivent se rencontrer, il faut permettre \u00e0 la population de vivre, d\u2019acc\u00e9der \u00e0 son argent. C\u2019est son argent, il n\u2019y a rien qui justifie qu\u2019on lui en interdise l\u2019acc\u00e8s alors qu\u2019elle n\u2019a rien fait de mal\u00a0\u00bb, dit l&rsquo;expert congolais.<\/p>\n\n\n\n<p>Aujourd\u2019hui, les espoirs des populations reposent sur les n\u00e9gociations de Doha et sur l\u2019implication des \u00c9tats-Unis, pour un \u00e9ventuel retour de la paix dans l\u2019est du pays.<\/p>\n\n\n\n<p>Auteur: John Kanyunyu<\/p>\n","protected":false},"excerpt":{"rendered":"<p>Restrictions politiques et limitation des libert\u00e9s de manifester figurent en t\u00eate des pr\u00e9occupations exprim\u00e9es par les habitants des zones occup\u00e9es<\/p>\n","protected":false},"author":1,"featured_media":56680,"comment_status":"open","ping_status":"open","sticky":false,"template":"","format":"standard","meta":{"footnotes":""},"categories":[51],"tags":[],"class_list":["post-56679","post","type-post","status-publish","format-standard","has-post-thumbnail","hentry","category-general"],"_links":{"self":[{"href":"https:\/\/dekkbi.com\/index.php?rest_route=\/wp\/v2\/posts\/56679","targetHints":{"allow":["GET"]}}],"collection":[{"href":"https:\/\/dekkbi.com\/index.php?rest_route=\/wp\/v2\/posts"}],"about":[{"href":"https:\/\/dekkbi.com\/index.php?rest_route=\/wp\/v2\/types\/post"}],"author":[{"embeddable":true,"href":"https:\/\/dekkbi.com\/index.php?rest_route=\/wp\/v2\/users\/1"}],"replies":[{"embeddable":true,"href":"https:\/\/dekkbi.com\/index.php?rest_route=%2Fwp%2Fv2%2Fcomments&post=56679"}],"version-history":[{"count":1,"href":"https:\/\/dekkbi.com\/index.php?rest_route=\/wp\/v2\/posts\/56679\/revisions"}],"predecessor-version":[{"id":56681,"href":"https:\/\/dekkbi.com\/index.php?rest_route=\/wp\/v2\/posts\/56679\/revisions\/56681"}],"wp:featuredmedia":[{"embeddable":true,"href":"https:\/\/dekkbi.com\/index.php?rest_route=\/wp\/v2\/media\/56680"}],"wp:attachment":[{"href":"https:\/\/dekkbi.com\/index.php?rest_route=%2Fwp%2Fv2%2Fmedia&parent=56679"}],"wp:term":[{"taxonomy":"category","embeddable":true,"href":"https:\/\/dekkbi.com\/index.php?rest_route=%2Fwp%2Fv2%2Fcategories&post=56679"},{"taxonomy":"post_tag","embeddable":true,"href":"https:\/\/dekkbi.com\/index.php?rest_route=%2Fwp%2Fv2%2Ftags&post=56679"}],"curies":[{"name":"wp","href":"https:\/\/api.w.org\/{rel}","templated":true}]}}