{"id":56676,"date":"2025-05-16T09:48:05","date_gmt":"2025-05-16T09:48:05","guid":{"rendered":"https:\/\/dekkbi.com\/?p=56676"},"modified":"2025-05-16T09:48:05","modified_gmt":"2025-05-16T09:48:05","slug":"la-france-qui-menace-de-deployer-des-armes-nucleaires-le-kremlin-sen-moque-royalement","status":"publish","type":"post","link":"https:\/\/dekkbi.com\/?p=56676","title":{"rendered":"La France qui menace de d\u00e9ployer des armes nucl\u00e9aires? Le Kremlin s\u2019en moque royalement"},"content":{"rendered":"\n<p><strong>Mardi, le 13 mai, le pr\u00e9sident fran\u00e7ais Emmanuel Macron a \u00e9voqu\u00e9 un \u00e9ventuel d\u00e9ploiement d\u2019avions \u00e9quip\u00e9s d\u2019armes nucl\u00e9aires.&nbsp;<\/strong><\/p>\n\n\n\n<p>Des d\u00e9clarations qui interviennent alors que l\u2019Europe craint un d\u00e9sengagement militaire majeur des Etats-Unis.&nbsp;<\/p>\n\n\n\n<p>Et le Kremlin n\u2019aura pas tard\u00e9 \u00e0 r\u00e9agir \u00e0 ces menaces fran\u00e7aises, sans pour autant se laisser troubler.\u00a0<em>\u201cCe n\u2019est pas ce qui apportera de la s\u00e9curit\u00e9, de la pr\u00e9visibilit\u00e9 et de la stabilit\u00e9\u201d<\/em>, a indiqu\u00e9 le porte-parole de la pr\u00e9sidence russe,\u00a0<strong>Dmitri Peskov<\/strong>, dans son point presse quotidien.<\/p>\n\n\n\n<p>Et d\u2019ajouter :<em>\u00a0\u201cD\u2019importants efforts doivent encore \u00eatre d\u00e9ploy\u00e9s par la Russie, les Etats-Unis et les pays europ\u00e9ens dot\u00e9s de l\u2019arme nucl\u00e9aire pour former une architecture de s\u00e9curit\u00e9 strat\u00e9gique en Europe\u201d<\/em>, estimant que<em>\u00a0\u201ctout le syst\u00e8me de s\u00e9curit\u00e9 et de stabilit\u00e9 strat\u00e9gique\u201d\u00a0<\/em>se trouvait actuellement dans<em>\u00a0\u201cun \u00e9tat d\u00e9plorable\u201d<\/em>.<\/p>\n\n\n\n<p>En mars d\u00e9j\u00e0,&nbsp;<strong>Emmanuel Macron<\/strong>&nbsp;avait manifest\u00e9 sa volont\u00e9 d\u2019<em>\u201couvrir le d\u00e9bat strat\u00e9gique\u201d&nbsp;<\/em>sur la protection de l\u2019Europe par le parapluie nucl\u00e9aire fran\u00e7ais, rapporte le m\u00e9dia&nbsp;<em>20 Minutes<\/em>.<\/p>\n\n\n\n<p>Des propos qui ne semblent pas particuli\u00e8rement affecter Moscou.  (Manon Pierre &#8211; Source : 20 Minutes &#8211; Illustration : \u00a9Unsplash)<\/p>\n","protected":false},"excerpt":{"rendered":"<p>Mardi, le 13 mai, le pr\u00e9sident fran\u00e7ais Emmanuel Macron a \u00e9voqu\u00e9 un \u00e9ventuel d\u00e9ploiement d\u2019avions \u00e9quip\u00e9s d\u2019armes nucl\u00e9aires.&nbsp; Des d\u00e9clarations<\/p>\n","protected":false},"author":1,"featured_media":56677,"comment_status":"open","ping_status":"open","sticky":false,"template":"","format":"standard","meta":{"footnotes":""},"categories":[51],"tags":[],"class_list":["post-56676","post","type-post","status-publish","format-standard","has-post-thumbnail","hentry","category-general"],"_links":{"self":[{"href":"https:\/\/dekkbi.com\/index.php?rest_route=\/wp\/v2\/posts\/56676","targetHints":{"allow":["GET"]}}],"collection":[{"href":"https:\/\/dekkbi.com\/index.php?rest_route=\/wp\/v2\/posts"}],"about":[{"href":"https:\/\/dekkbi.com\/index.php?rest_route=\/wp\/v2\/types\/post"}],"author":[{"embeddable":true,"href":"https:\/\/dekkbi.com\/index.php?rest_route=\/wp\/v2\/users\/1"}],"replies":[{"embeddable":true,"href":"https:\/\/dekkbi.com\/index.php?rest_route=%2Fwp%2Fv2%2Fcomments&post=56676"}],"version-history":[{"count":1,"href":"https:\/\/dekkbi.com\/index.php?rest_route=\/wp\/v2\/posts\/56676\/revisions"}],"predecessor-version":[{"id":56678,"href":"https:\/\/dekkbi.com\/index.php?rest_route=\/wp\/v2\/posts\/56676\/revisions\/56678"}],"wp:featuredmedia":[{"embeddable":true,"href":"https:\/\/dekkbi.com\/index.php?rest_route=\/wp\/v2\/media\/56677"}],"wp:attachment":[{"href":"https:\/\/dekkbi.com\/index.php?rest_route=%2Fwp%2Fv2%2Fmedia&parent=56676"}],"wp:term":[{"taxonomy":"category","embeddable":true,"href":"https:\/\/dekkbi.com\/index.php?rest_route=%2Fwp%2Fv2%2Fcategories&post=56676"},{"taxonomy":"post_tag","embeddable":true,"href":"https:\/\/dekkbi.com\/index.php?rest_route=%2Fwp%2Fv2%2Ftags&post=56676"}],"curies":[{"name":"wp","href":"https:\/\/api.w.org\/{rel}","templated":true}]}}