{"id":56664,"date":"2025-05-16T09:21:39","date_gmt":"2025-05-16T09:21:39","guid":{"rendered":"https:\/\/dekkbi.com\/?p=56664"},"modified":"2025-05-16T15:19:22","modified_gmt":"2025-05-16T15:19:22","slug":"ousmane-sonko-attendu-a-ouagadougou-pour-une-visite-de-48-h","status":"publish","type":"post","link":"https:\/\/dekkbi.com\/?p=56664","title":{"rendered":"Le Premier ministre Ousmane Sonko est arriv\u00e9 \u00e0 Ouagadougou"},"content":{"rendered":"\n<p>Dakar, (APS) \u2013 Le Premier ministre, Ousmane Sonko, est arriv\u00e9 ce vendredi en fin de matin\u00e9e \u00e0 Ouagadougou, la capitale du Burkina Faso, pour une visite de 48 heures, a constat\u00e9 l\u2019envoy\u00e9 sp\u00e9cial de l\u2019APS.<\/p>\n\n\n\n<p>A Ouagadougou, le chef du gouvernement s\u00e9n\u00e9galais aura des entretiens avec le leader de la transition burkinab\u00e8, le capitaine Ibrahim Traor\u00e9, et son homologue, Jean Emmanuel Ou\u00e9draogo.<\/p>\n\n\n\n<p>Dans l\u2019agenda d\u2019Ousmane Sonko figurent une rencontre avec la communaut\u00e9 s\u00e9n\u00e9galaise et une interview qu\u2019il devrait accorder \u00e0 la RTB, la t\u00e9l\u00e9vision publique du Burkina Faso.<\/p>\n\n\n\n<p>Samedi, le Premier ministre s\u00e9n\u00e9galais va participer \u00e0 la c\u00e9r\u00e9monie d\u2019inauguration du mausol\u00e9e de Thomas Sankara.<\/p>\n\n\n\n<p>Auparavant, les d\u00e9l\u00e9gations des deux pays vont avoir une rencontre au sommet suivie d\u2019une d\u00e9claration \u00e0 la presse.<\/p>\n\n\n\n<p>Le Premier ministre est accompagn\u00e9 par la ministre des Affaires \u00e9trang\u00e8res et de l\u2019Int\u00e9gration africaine, Yassine Fall, son coll\u00e8gue des Forces arm\u00e9es, Birame Diop, et la ministre en charge des Sports, Khady&nbsp; Diene.<\/p>\n\n\n\n<p>AKS\/HB\/ASG &#8211; De notre envoy\u00e9 sp\u00e9cial, Abdou Kogne Sall<\/p>\n\n\n\n<p><\/p>\n","protected":false},"excerpt":{"rendered":"<p>Dakar, (APS) \u2013 Le Premier ministre, Ousmane Sonko, est arriv\u00e9 ce vendredi en fin de matin\u00e9e \u00e0 Ouagadougou, la capitale<\/p>\n","protected":false},"author":1,"featured_media":56718,"comment_status":"open","ping_status":"open","sticky":false,"template":"","format":"standard","meta":{"footnotes":""},"categories":[6],"tags":[],"class_list":["post-56664","post","type-post","status-publish","format-standard","has-post-thumbnail","hentry","category-politics"],"_links":{"self":[{"href":"https:\/\/dekkbi.com\/index.php?rest_route=\/wp\/v2\/posts\/56664","targetHints":{"allow":["GET"]}}],"collection":[{"href":"https:\/\/dekkbi.com\/index.php?rest_route=\/wp\/v2\/posts"}],"about":[{"href":"https:\/\/dekkbi.com\/index.php?rest_route=\/wp\/v2\/types\/post"}],"author":[{"embeddable":true,"href":"https:\/\/dekkbi.com\/index.php?rest_route=\/wp\/v2\/users\/1"}],"replies":[{"embeddable":true,"href":"https:\/\/dekkbi.com\/index.php?rest_route=%2Fwp%2Fv2%2Fcomments&post=56664"}],"version-history":[{"count":2,"href":"https:\/\/dekkbi.com\/index.php?rest_route=\/wp\/v2\/posts\/56664\/revisions"}],"predecessor-version":[{"id":56719,"href":"https:\/\/dekkbi.com\/index.php?rest_route=\/wp\/v2\/posts\/56664\/revisions\/56719"}],"wp:featuredmedia":[{"embeddable":true,"href":"https:\/\/dekkbi.com\/index.php?rest_route=\/wp\/v2\/media\/56718"}],"wp:attachment":[{"href":"https:\/\/dekkbi.com\/index.php?rest_route=%2Fwp%2Fv2%2Fmedia&parent=56664"}],"wp:term":[{"taxonomy":"category","embeddable":true,"href":"https:\/\/dekkbi.com\/index.php?rest_route=%2Fwp%2Fv2%2Fcategories&post=56664"},{"taxonomy":"post_tag","embeddable":true,"href":"https:\/\/dekkbi.com\/index.php?rest_route=%2Fwp%2Fv2%2Ftags&post=56664"}],"curies":[{"name":"wp","href":"https:\/\/api.w.org\/{rel}","templated":true}]}}