{"id":5666,"date":"2023-01-02T11:43:31","date_gmt":"2023-01-02T11:43:31","guid":{"rendered":"https:\/\/dekkbi.com\/?p=5666"},"modified":"2023-01-02T11:43:33","modified_gmt":"2023-01-02T11:43:33","slug":"la-croatie-adopte-leuro-et-integre-lespace-schengen","status":"publish","type":"post","link":"https:\/\/dekkbi.com\/?p=5666","title":{"rendered":"La Croatie adopte l&rsquo;euro et int\u00e8gre l&rsquo;espace Schengen"},"content":{"rendered":"\n<p><a href=\"https:\/\/www.addthis.com\/bookmark.php?v=300\"><\/a><a href=\"https:\/\/www.addthis.com\/bookmark.php?v=300\"><\/a><a rel=\"noreferrer noopener\" href=\"https:\/\/www.addthis.com\/bookmark.php?v=300\" target=\"_blank\"><\/a><a rel=\"noreferrer noopener\" href=\"https:\/\/www.addthis.com\/bookmark.php?v=300\" target=\"_blank\"><\/a>La Croatie a adopt\u00e9 l&rsquo;euro et int\u00e9gr\u00e9 l&rsquo;espace Schengen de libre circulation, deux \u00e9tapes majeures pour ce petit pays des Balkans qui a rejoint l&rsquo;Union europ\u00e9enne voil\u00e0 pr\u00e8s d&rsquo;une d\u00e9cennie.<\/p>\n\n\n\n<p>A minuit (23H00 GMT) samedi, la Croatie a dit adieu \u00e0 sa monnaie, la kuna, pour devenir le vingti\u00e8me membre de la zone euro.<\/p>\n\n\n\n<p>Elle devient en m\u00eame temps le 27e Etat \u00e0 rejoindre l&rsquo;espace Schengen, vaste zone au sein de laquelle plus de 400 millions de personnes peuvent voyager librement sans contr\u00f4les aux fronti\u00e8res int\u00e9rieures.<\/p>\n\n\n\n<p>Pour le quotidien Vecernji List, ces deux \u00e9v\u00e9nements sont le \u00ab\u00a0couronnement de l&rsquo;adh\u00e9sion \u00e0 l&rsquo;UE\u00a0\u00bb de la Croatie.<\/p>\n\n\n\n<p>\u00ab\u00a0C&rsquo;est la p\u00e9riode des nouveaux d\u00e9parts, et c&rsquo;est le cas en Croatie plus que partout ailleurs en Europe\u00a0\u00bb, a tweet\u00e9 la cheffe de la commission europ\u00e9enne Ursula von der Leyen en arrivant en Croatie pour marquer l&rsquo;\u00e9v\u00e9nement.<\/p>\n\n\n\n<p>La responsable europ\u00e9enne a rencontr\u00e9 le Premier ministre croate Andrej Plenkovic et la cheffe de l&rsquo;Etat slov\u00e8ne Natasa Pirc Musar \u00e0 la fronti\u00e8re entre les deux pays, avant d&rsquo;aller \u00e0 Zagreb.<\/p>\n\n\n\n<p>La Croatie, dans l&rsquo;Union europ\u00e9enne depuis juillet 2013, a proclam\u00e9 son ind\u00e9pendance de la Yougoslavie en 1991 et le conflit qui a suivi (1991-1995) a fait quelque 20.000 morts.<\/p>\n\n\n\n<p>&#8211; \u00ab\u00a0Objectifs strat\u00e9giques\u00a0\u00bb &#8211;<\/p>\n\n\n\n<p>Les dirigeants croates soulignent r\u00e9guli\u00e8rement les b\u00e9n\u00e9fices que retireront selon eux leurs 3,9 millions de compatriotes de l&rsquo;entr\u00e9e dans la zone euro et dans l&rsquo;espace Schengen.<\/p>\n\n\n\n<p>Pour les experts, le passage \u00e0 l&rsquo;euro contribuera \u00e0 prot\u00e9ger l&rsquo;\u00e9conomie croate, l&rsquo;une des plus faibles de l&rsquo;UE, face \u00e0 une inflation galopante, une grave crise \u00e9nerg\u00e9tique et \u00e0 l&rsquo;ins\u00e9curit\u00e9 g\u00e9opolitique depuis le d\u00e9but de l&rsquo;invasion de l&rsquo;Ukraine par la Russie le 24 f\u00e9vrier.<\/p>\n\n\n\n<p>Le pr\u00e9sident fran\u00e7ais Emmanuel Macron a, dans un message vid\u00e9o dimanche, salu\u00e9 l&rsquo;adoption par la Croatie de l&rsquo;euro, une devise \u00ab\u00a0stable et solide\u00a0\u00bb qui contribue \u00e0 la r\u00e9silience de l&rsquo;Europe face \u00e0 ce conflit.<\/p>\n\n\n\n<p>En novembre, l&rsquo;inflation a atteint 13,5% en Croatie, contre 10% dans la zone euro.<\/p>\n\n\n\n<p>Des pays d&rsquo;Europe de l&rsquo;Est membres de l&rsquo;UE mais n&rsquo;ayant pas opt\u00e9 pour l&rsquo;euro, comme la Pologne et la Hongrie, se sont r\u00e9v\u00e9l\u00e9s encore plus vuln\u00e9rables \u00e0 l&rsquo;inflation.<\/p>\n\n\n\n<p>Pour le gouverneur de la banque centrale croate (Banque nationale de Croatie, HNB), Boris Vujcic, l&rsquo;abandon de la kuna, mise en circulation en 1994, est la \u00ab\u00a0seule politique raisonnable\u00a0\u00bb.<\/p>\n\n\n\n<p>\u00ab\u00a0L&rsquo;euro apporte certainement de la stabilit\u00e9 et de la s\u00e9curit\u00e9\u00a0\u00bb \u00e9conomiques, a confirm\u00e9 \u00e0 l&rsquo;AFP Ana Sabic, une responsable de la HNB, ajoutant que tous les acteurs de la soci\u00e9t\u00e9 en tireront avantage.<\/p>\n\n\n\n<p>Les experts citent en particulier la suppression des risques de change et de meilleures conditions pour les emprunts.<\/p>\n\n\n\n<p>&#8211; \u00ab\u00a0Club d&rsquo;\u00e9lite\u00a0\u00bb &#8211;<\/p>\n\n\n\n<p>Les Croates \u00e9prouvent pour leur part des sentiments mitig\u00e9s: s&rsquo;ils se r\u00e9jouissent en g\u00e9n\u00e9ral de la fin des contr\u00f4les aux fronti\u00e8res, le changement de monnaie inspire de la m\u00e9fiance.<\/p>\n\n\n\n<p>Ces derniers jours, les clients ont fait la queue devant les banques et les distributeurs automatiques de billets pour retirer de l&rsquo;argent, craignant des probl\u00e8mes de liquidit\u00e9s au lendemain de la p\u00e9riode de transition.<\/p>\n\n\n\n<p>T\u00f4t dimanche, le gouverneur de la banque centrale a retir\u00e9 symboliquement des euros d&rsquo;un distributeur \u00e0 Zagreb.<\/p>\n\n\n\n<p>Nombre de Croates redoutent que l&rsquo;introduction de l&rsquo;euro n&rsquo;entra\u00eene une hausse des prix. \u00ab\u00a0Cela va \u00eatre difficile, les prix sont d\u00e9j\u00e0 hauts et ils vont encore monter\u00a0\u00bb, redoute Ivana Toncic, une enseignante de Zagreb.<\/p>\n\n\n\n<p>Mais pour Marko Pavic, un employ\u00e9 d&rsquo;une agence de tourisme, \u00ab\u00a0la Croatie rejoint un club d&rsquo;\u00e9lite\u00a0\u00bb.<\/p>\n\n\n\n<p>Et \u00ab\u00a0rien ne change le 1er janvier, tout est calcul\u00e9 en euros depuis deux d\u00e9cennies de toute mani\u00e8re\u00a0\u00bb, compl\u00e8te Neven Banic, un autre employ\u00e9.<\/p>\n\n\n\n<p>Environ 80% des d\u00e9p\u00f4ts bancaires \u00e9taient d\u00e9j\u00e0 libell\u00e9s en euros en Croatie, ses principaux partenaires se trouvent dans la zone euro et le tourisme, qui constitue 20% de son PIB, est aliment\u00e9 par une importante client\u00e8le europ\u00e9enne.<\/p>\n\n\n\n<p>&#8211; Coup de fouet au tourisme &#8211;<\/p>\n\n\n\n<p>La Croatie a accueilli cette ann\u00e9e quatre fois plus de touristes qu&rsquo;elle ne compte d&rsquo;habitants et l&rsquo;entr\u00e9e dans la zone Schengen va donner un coup de fouet \u00e0 ce secteur.<\/p>\n\n\n\n<p>Dimanche, 73 postes-fronti\u00e8re vont fermer. Dans les a\u00e9roports, le changement se fera le 26 mars, pour des raisons techniques.<\/p>\n\n\n\n<p>Parall\u00e8lement, la situation aux fronti\u00e8res de la Croatie avec ses voisins non-membres de l&rsquo;UE \u2014 Bosnie, Mont\u00e9n\u00e9gro et Serbie \u2014 ne va gu\u00e8re changer : elle y applique d\u00e9j\u00e0 les r\u00e8gles de l&rsquo;espace Schengen.<\/p>\n\n\n\n<p>La r\u00e9pression de l&rsquo;immigration ill\u00e9gale reste en revanche un d\u00e9fi majeur. Depuis qu&rsquo;elle a rejoint l&rsquo;UE, la Croatie a h\u00e9rit\u00e9 de la lourde t\u00e2che de prot\u00e9ger une fronti\u00e8re ext\u00e9rieure terrestre longue de plus de 1.350 km dont la majeure partie est partag\u00e9e avec la Bosnie.<\/p>\n\n\n\n<p>Elle se trouve sur la route dite des Balkans occidentaux emprunt\u00e9e par les migrants, mais aussi par des trafiquants d&rsquo;armes, de drogue et d&rsquo;\u00eatres humains.<\/p>\n\n\n\n<p>La Croatie a enregistr\u00e9 30.000 migrants ill\u00e9gaux au cours des dix premiers mois de 2022, soit une augmentation de 150% par rapport \u00e0 la m\u00eame p\u00e9riode de l&rsquo;ann\u00e9e pr\u00e9c\u00e9dente.<\/p>\n\n\n\n<p>Par Lajla VESELICA<\/p>\n\n\n\n<p><a href=\"https:\/\/information.tv5monde.com\/auteur\/afp\">AF<\/a><\/p>\n","protected":false},"excerpt":{"rendered":"<p>La Croatie a adopt\u00e9 l&rsquo;euro et int\u00e9gr\u00e9 l&rsquo;espace Schengen de libre circulation, deux \u00e9tapes majeures pour ce petit pays des<\/p>\n","protected":false},"author":1,"featured_media":5667,"comment_status":"open","ping_status":"open","sticky":false,"template":"","format":"standard","meta":{"footnotes":""},"categories":[3],"tags":[],"class_list":["post-5666","post","type-post","status-publish","format-standard","has-post-thumbnail","hentry","category-event-more-news"],"_links":{"self":[{"href":"https:\/\/dekkbi.com\/index.php?rest_route=\/wp\/v2\/posts\/5666","targetHints":{"allow":["GET"]}}],"collection":[{"href":"https:\/\/dekkbi.com\/index.php?rest_route=\/wp\/v2\/posts"}],"about":[{"href":"https:\/\/dekkbi.com\/index.php?rest_route=\/wp\/v2\/types\/post"}],"author":[{"embeddable":true,"href":"https:\/\/dekkbi.com\/index.php?rest_route=\/wp\/v2\/users\/1"}],"replies":[{"embeddable":true,"href":"https:\/\/dekkbi.com\/index.php?rest_route=%2Fwp%2Fv2%2Fcomments&post=5666"}],"version-history":[{"count":1,"href":"https:\/\/dekkbi.com\/index.php?rest_route=\/wp\/v2\/posts\/5666\/revisions"}],"predecessor-version":[{"id":5668,"href":"https:\/\/dekkbi.com\/index.php?rest_route=\/wp\/v2\/posts\/5666\/revisions\/5668"}],"wp:featuredmedia":[{"embeddable":true,"href":"https:\/\/dekkbi.com\/index.php?rest_route=\/wp\/v2\/media\/5667"}],"wp:attachment":[{"href":"https:\/\/dekkbi.com\/index.php?rest_route=%2Fwp%2Fv2%2Fmedia&parent=5666"}],"wp:term":[{"taxonomy":"category","embeddable":true,"href":"https:\/\/dekkbi.com\/index.php?rest_route=%2Fwp%2Fv2%2Fcategories&post=5666"},{"taxonomy":"post_tag","embeddable":true,"href":"https:\/\/dekkbi.com\/index.php?rest_route=%2Fwp%2Fv2%2Ftags&post=5666"}],"curies":[{"name":"wp","href":"https:\/\/api.w.org\/{rel}","templated":true}]}}