{"id":56659,"date":"2025-05-16T09:16:15","date_gmt":"2025-05-16T09:16:15","guid":{"rendered":"https:\/\/dekkbi.com\/?p=56659"},"modified":"2025-05-16T09:56:59","modified_gmt":"2025-05-16T09:56:59","slug":"dialogue-national-lafp-annonce-sa-participation-du-28-mai-2025-mais","status":"publish","type":"post","link":"https:\/\/dekkbi.com\/?p=56659","title":{"rendered":"Dialogue national: l\u2019AFP annonce sa participation du 28 mai 2025, mais\u2026"},"content":{"rendered":"\n<p>Dans un communiqu\u00e9 rendu public, la Direction coll\u00e9giale de l\u2019Alliance des Forces de Progr\u00e8s (AFP) a annonc\u00e9 s\u2019\u00eatre r\u00e9unie le jeudi 15 mai 2025, \u00ab sous la pr\u00e9sidence du Secr\u00e9taire g\u00e9n\u00e9ral, l\u2019honorable d\u00e9put\u00e9-maire Mbaye Dione, autour de l\u2019ordre du jour suivant : \u00c9valuation du 3e Congr\u00e8s ordinaire du Parti tenu le 26 avril 2025 ; situation nationale et perspectives \u00bb.<\/p>\n\n\n\n<p>Concernant le premier point\u2026 \u00ab La Direction coll\u00e9giale a proc\u00e9d\u00e9 \u00e0 l\u2019\u00e9valuation du 3e Congr\u00e8s ordinaire qui a connu un succ\u00e8s \u00e9clatant, aux plans de la mobilisation, de l\u2019organisation et des objectifs assign\u00e9s. La Direction coll\u00e9giale a adress\u00e9 ses vifs remerciements au pr\u00e9sident Moustapha Niasse et ses chaleureuses f\u00e9licitations au Secr\u00e9taire g\u00e9n\u00e9ral, Monsieur Mbaye Dione, ainsi qu\u2019\u00e0 tous les camarades qui ont contribu\u00e9 avec brio \u00e0 l\u2019\u00e9tablissement d\u2019un jalon aussi important dans l\u2019histoire de l\u2019AFP. <\/p>\n\n\n\n<p>Cette nouvelle \u00e9quipe est d\u00e9termin\u00e9e \u00e0 travailler, dans l\u2019unit\u00e9 et la coh\u00e9sion, pour relever les d\u00e9fis li\u00e9s aux enjeux singuliers g\u00e9n\u00e9r\u00e9s par les nouvelles donn\u00e9es en pr\u00e9sence. Le Congr\u00e8s a \u00e9t\u00e9 un moment fort, marqu\u00e9 par le retrait du pr\u00e9sident Moustapha Niasse de l\u2019Ex\u00e9cutif du Parti. Les t\u00e9moignages \u00e0 l\u2019endroit du pr\u00e9sident Niasse ont \u00e9t\u00e9 l\u2019occasion de magnifier son magist\u00e8re \u00e0 la t\u00eate du Parti, mais aussi de souligner plus de cinquante ann\u00e9es consacr\u00e9es \u00e0 son pays \u00bb, a-t-on lu dans ledit communiqu\u00e9.<\/p>\n\n\n\n<p>SOURCE SUDQUOTIDIEN<\/p>\n","protected":false},"excerpt":{"rendered":"<p>Dans un communiqu\u00e9 rendu public, la Direction coll\u00e9giale de l\u2019Alliance des Forces de Progr\u00e8s (AFP) a annonc\u00e9 s\u2019\u00eatre r\u00e9unie le<\/p>\n","protected":false},"author":1,"featured_media":56682,"comment_status":"open","ping_status":"open","sticky":false,"template":"","format":"standard","meta":{"footnotes":""},"categories":[6],"tags":[],"class_list":["post-56659","post","type-post","status-publish","format-standard","has-post-thumbnail","hentry","category-politics"],"_links":{"self":[{"href":"https:\/\/dekkbi.com\/index.php?rest_route=\/wp\/v2\/posts\/56659","targetHints":{"allow":["GET"]}}],"collection":[{"href":"https:\/\/dekkbi.com\/index.php?rest_route=\/wp\/v2\/posts"}],"about":[{"href":"https:\/\/dekkbi.com\/index.php?rest_route=\/wp\/v2\/types\/post"}],"author":[{"embeddable":true,"href":"https:\/\/dekkbi.com\/index.php?rest_route=\/wp\/v2\/users\/1"}],"replies":[{"embeddable":true,"href":"https:\/\/dekkbi.com\/index.php?rest_route=%2Fwp%2Fv2%2Fcomments&post=56659"}],"version-history":[{"count":1,"href":"https:\/\/dekkbi.com\/index.php?rest_route=\/wp\/v2\/posts\/56659\/revisions"}],"predecessor-version":[{"id":56660,"href":"https:\/\/dekkbi.com\/index.php?rest_route=\/wp\/v2\/posts\/56659\/revisions\/56660"}],"wp:featuredmedia":[{"embeddable":true,"href":"https:\/\/dekkbi.com\/index.php?rest_route=\/wp\/v2\/media\/56682"}],"wp:attachment":[{"href":"https:\/\/dekkbi.com\/index.php?rest_route=%2Fwp%2Fv2%2Fmedia&parent=56659"}],"wp:term":[{"taxonomy":"category","embeddable":true,"href":"https:\/\/dekkbi.com\/index.php?rest_route=%2Fwp%2Fv2%2Fcategories&post=56659"},{"taxonomy":"post_tag","embeddable":true,"href":"https:\/\/dekkbi.com\/index.php?rest_route=%2Fwp%2Fv2%2Ftags&post=56659"}],"curies":[{"name":"wp","href":"https:\/\/api.w.org\/{rel}","templated":true}]}}