{"id":5664,"date":"2023-01-02T11:40:21","date_gmt":"2023-01-02T11:40:21","guid":{"rendered":"https:\/\/dekkbi.com\/?p=5664"},"modified":"2023-01-02T11:40:23","modified_gmt":"2023-01-02T11:40:23","slug":"le-prix-de-gros-du-gaz-europeen-a-son-plus-bas-depuis-le-debut-de-la-guerre-en-ukraine","status":"publish","type":"post","link":"https:\/\/dekkbi.com\/?p=5664","title":{"rendered":"Le prix de gros du gaz europ\u00e9en \u00e0 son plus bas depuis le d\u00e9but de la guerre en Ukraine"},"content":{"rendered":"\n<p><a href=\"https:\/\/www.addthis.com\/bookmark.php?v=300\"><\/a><a href=\"https:\/\/www.addthis.com\/bookmark.php?v=300\"><\/a><a rel=\"noreferrer noopener\" href=\"https:\/\/www.addthis.com\/bookmark.php?v=300\" target=\"_blank\"><\/a><a rel=\"noreferrer noopener\" href=\"https:\/\/www.addthis.com\/bookmark.php?v=300\" target=\"_blank\"><\/a>Pr\u00e8s de cinq fois moins cher qu&rsquo;en ao\u00fbt: le prix de gros du gaz naturel en Europe est tomb\u00e9 \u00e0 son plus bas niveau depuis le d\u00e9but de la guerre en Ukraine lundi, poursuivant son d\u00e9clin \u00e0 la faveur d&rsquo;un hiver relativement chaud qui permet d&rsquo;\u00e9conomiser les stocks.<\/p>\n\n\n\n<p>Le contrat de r\u00e9f\u00e9rence pour le continent, le TTF sur le march\u00e9 n\u00e9erlandais, a encore chut\u00e9 de 4,67% \u00e0 72,75 euros le m\u00e9gawattheure (MWh) pour livraison en f\u00e9vrier, vers 09H35 (08H35 GMT) lundi matin, soit le prix le plus bas depuis le 21 f\u00e9vrier.<\/p>\n\n\n\n<p>Le prix du gaz, pour une livraison le mois suivant, a perdu pr\u00e8s de 50% en un mois&#8230; et est largement redescendu des pics de l&rsquo;\u00e9t\u00e9: en ao\u00fbt 2022, il avait culmin\u00e9 \u00e0 342 euros le m\u00e9gawattheure.<\/p>\n\n\n\n<p>Les prix du gaz ont commenc\u00e9 \u00e0 augmenter \u00e0 l&rsquo;automne 2021, avec un d\u00e9but de r\u00e9duction des livraisons de gaz russe en Europe, puis tr\u00e8s fortement \u00e0 partir de l&rsquo;invasion de l&rsquo;Ukraine le 24 f\u00e9vrier 2022. Depuis, les gazoducs entre la Russie et l&rsquo;Europe se sont quasiment tous ferm\u00e9s.<\/p>\n\n\n\n<p>Les volumes \u00e9chang\u00e9s lundi \u00e9taient faibles, le principal march\u00e9 pour les mati\u00e8res premi\u00e8res, Londres, \u00e9tant ferm\u00e9.<\/p>\n\n\n\n<p>Cette tendance \u00e0 la baisse a \u00e9t\u00e9 permise gr\u00e2ce \u00e0 \u00ab\u00a0des stocks importants de gaz qui ont \u00e9t\u00e9 constitu\u00e9s et une demande qui se mod\u00e8re, notamment gr\u00e2ce \u00e0 des conditions climatiques favorables\u00a0\u00bb, explique Sebastian Paris Horvitz.<\/p>\n\n\n\n<p>\u00ab\u00a0C&rsquo;est une bonne nouvelle pour les Etats europ\u00e9ens et pour les \u00e9conomies de la r\u00e9gion\u00a0\u00bb, souligne-t-il.<\/p>\n\n\n\n<p>Le prix du gaz se r\u00e9percute sur l&rsquo;\u00e9lectricit\u00e9, car de nombreuses centrales europ\u00e9ennes br\u00fblent du gaz pour produire de l&rsquo;\u00e9lectricit\u00e9.<\/p>\n\n\n\n<p>En France, le prix de l&rsquo;\u00e9lectricit\u00e9 de gros pour livraison en 2023, qui avait d\u00e9pass\u00e9 les 1.000 euros\/MWh fin ao\u00fbt, est tomb\u00e9 \u00e0 240 euros vendredi, au plus bas depuis avril.<\/p>\n\n\n\n<p>Mais ces variations sur les prix de gros ne se refl\u00e8tent pas directement dans les prix factur\u00e9s aux consommateurs, car les fournisseurs d&rsquo;\u00e9lectricit\u00e9 lissent leurs tarifs, a fortiori dans cette p\u00e9riode o\u00f9 les prix peuvent bondir d&rsquo;un jour \u00e0 l&rsquo;autre.<\/p>\n\n\n\n<p>AFP<\/p>\n\n\n\n<p>\u00a9 2023 AFP<\/p>\n\n\n\n<p>Mise \u00e0 jour 02.01.2023 \u00e0 11<\/p>\n","protected":false},"excerpt":{"rendered":"<p>Pr\u00e8s de cinq fois moins cher qu&rsquo;en ao\u00fbt: le prix de gros du gaz naturel en Europe est tomb\u00e9 \u00e0<\/p>\n","protected":false},"author":1,"featured_media":3305,"comment_status":"open","ping_status":"open","sticky":false,"template":"","format":"standard","meta":{"footnotes":""},"categories":[3],"tags":[],"class_list":["post-5664","post","type-post","status-publish","format-standard","has-post-thumbnail","hentry","category-event-more-news"],"_links":{"self":[{"href":"https:\/\/dekkbi.com\/index.php?rest_route=\/wp\/v2\/posts\/5664","targetHints":{"allow":["GET"]}}],"collection":[{"href":"https:\/\/dekkbi.com\/index.php?rest_route=\/wp\/v2\/posts"}],"about":[{"href":"https:\/\/dekkbi.com\/index.php?rest_route=\/wp\/v2\/types\/post"}],"author":[{"embeddable":true,"href":"https:\/\/dekkbi.com\/index.php?rest_route=\/wp\/v2\/users\/1"}],"replies":[{"embeddable":true,"href":"https:\/\/dekkbi.com\/index.php?rest_route=%2Fwp%2Fv2%2Fcomments&post=5664"}],"version-history":[{"count":1,"href":"https:\/\/dekkbi.com\/index.php?rest_route=\/wp\/v2\/posts\/5664\/revisions"}],"predecessor-version":[{"id":5665,"href":"https:\/\/dekkbi.com\/index.php?rest_route=\/wp\/v2\/posts\/5664\/revisions\/5665"}],"wp:featuredmedia":[{"embeddable":true,"href":"https:\/\/dekkbi.com\/index.php?rest_route=\/wp\/v2\/media\/3305"}],"wp:attachment":[{"href":"https:\/\/dekkbi.com\/index.php?rest_route=%2Fwp%2Fv2%2Fmedia&parent=5664"}],"wp:term":[{"taxonomy":"category","embeddable":true,"href":"https:\/\/dekkbi.com\/index.php?rest_route=%2Fwp%2Fv2%2Fcategories&post=5664"},{"taxonomy":"post_tag","embeddable":true,"href":"https:\/\/dekkbi.com\/index.php?rest_route=%2Fwp%2Fv2%2Ftags&post=5664"}],"curies":[{"name":"wp","href":"https:\/\/api.w.org\/{rel}","templated":true}]}}