{"id":56638,"date":"2025-05-15T12:43:01","date_gmt":"2025-05-15T12:43:01","guid":{"rendered":"https:\/\/dekkbi.com\/?p=56638"},"modified":"2025-05-15T12:44:48","modified_gmt":"2025-05-15T12:44:48","slug":"rdc-le-senat-se-penche-sur-le-sort-de-joseph-kabila","status":"publish","type":"post","link":"https:\/\/dekkbi.com\/?p=56638","title":{"rendered":"RD CONGO : le S\u00e9nat se penche sur le sort de l\u2019ancien pr\u00e9sident Joseph Kabila"},"content":{"rendered":"\n<p>L\u2019ancien pr\u00e9sident congolais Joseph Kabila pourrait faire l\u2019objet d\u2019une poursuite judiciaire. Le S\u00e9nat congolais doit examiner ce jeudi 15 mai le r\u00e9quisitoire de l\u2019auditeur g\u00e9n\u00e9ral des Forces Arm\u00e9es aux fins d&rsquo;obtenir la lev\u00e9e de l&rsquo;immunit\u00e9 de Joseph Kabila actuellement S\u00e9nateur \u00e0 vie et peut-\u00eatre enclencher le processus d\u2019autorisation des poursuites \u00e0 son encontre.<a href=\"https:\/\/account.microsoft.com\/privacy\/ad-settings\" target=\"_blank\" rel=\"noreferrer noopener\"><\/a><\/p>\n\n\n\n<p>L&rsquo;information en avril dernier au sujet d&rsquo;un voyage en RDC que devait effectuer l&rsquo;ancien chef de l&rsquo;Etat congolais, Joseph Kabila en passant par l\u2019est du pays, ne cesse de secouer l&rsquo;espace politique congolais.<\/p>\n\n\n\n<p>Le pouvoir \u00e0 Kinshasa \u00e9tait parti de cette information, difficile \u00e0 v\u00e9rifier, pour lancer une s\u00e9rie de mesures contre Kabila et son parti, le PPRD. Pour Kinshasa cette annonce signifie un ralliement de l&rsquo;ancien pr\u00e9sident \u00e0 l&rsquo;AFC\/M23, hostile au pouvoir de F\u00e9lix Tshisekedi. Joseph Kabila est ainsi accus\u00e9 de participation \u00e0 un mouvement insurrectionnel, crimes de guerre, crimes contre l\u2019humanit\u00e9 et trahison.<\/p>\n\n\n\n<h3 class=\"wp-block-heading\"><strong>L&rsquo;opposition vent debout contre \u00ab\u00a0l&rsquo;injustice\u00a0\u00bb<\/strong><\/h3>\n\n\n\n<p>Mais le parti de Joseph Kabila, le PPRD, qui est officiellement suspendu depuis avril dernier, estime que les d\u00e9cisions du gouvernement de Kinshasa, violent la proc\u00e9dure normale de poursuite judiciaire.<\/p>\n\n\n\n<p><em>\u00ab\u00a0Ce n&rsquo;est pas \u00e0 l&rsquo;ex\u00e9cutif de d\u00e9signer qui doit \u00eatre poursuivi, cela rel\u00e8ve du pouvoir judiciaire sur la base des enqu\u00eates impartiales et je pense que cette mani\u00e8re de faire donne l&rsquo;image d&rsquo;injustice politique\u00a0\u00bb,\u00a0<\/em>s&rsquo;indigne Francine Nkanga, d\u00e9put\u00e9e du PPRD.<\/p>\n\n\n\n<p>Pour certains analystes, une condamnation en justice de l&rsquo;ancien chef d&rsquo;Etat congolais est susceptible de diviser un pays d\u00e9j\u00e0 en guerre. La RDC est actuellement dans un processus pour ramener la paix dans l&rsquo;est. En mars, Joseph Kabila a d\u00e9j\u00e0 fait une d\u00e9claration rejettant l&rsquo;accusation d&rsquo;\u00eatre de connivence avec le M23. Pour Alphonse Maindo, professeur de sciences politiques \u00e0 l&rsquo;universit\u00e9 de Kisangani, la justice congolaise devrait s&rsquo;armer de preuves tangibles pour le cas de Joseph <\/p>\n\n\n\n<p><em>\u00ab\u00a0Il faut regarder plut\u00f4t les actes que les gens posent. A-t-il adh\u00e9r\u00e9 \u00e0 la r\u00e9bellion ? A-t-il pris les armes et a-t-il pris une responsabilit\u00e9 dans cette r\u00e9bellion ? Si cela est vrai, alors on peut le poursuivre. On peut prendre des sanctions contre lui et faire une justice qui soit \u00e9quitable, mais pas simplement pour le fait que quelqu&rsquo;un a dit qu&rsquo;il irait \u00e0 l&rsquo;est du pays et qu&rsquo;on d\u00e9cide de faire \u00e7a\u00a0\u00bb.<\/em><\/p>\n\n\n\n<p>Kinshasa se base sur la Constitution pour dire que les anciens chefs de l&rsquo;Etat doivent faire preuve de r\u00e9serve et de patriotisme, notamment. Mais l&rsquo;opposition congolaise rappelle que c&rsquo;est la m\u00eame Constitution qui donne le statut de s\u00e9nateur \u00e0 vie, un statut qui&nbsp;<em>\u00ab\u00a0ne peut \u00eatre remis en cause pour des consid\u00e9rations politiques ou judiciaires\u00a0\u00bb.<\/em><\/p>\n\n\n\n<p><strong>Auteur: Etienne Gatanazi<\/strong><\/p>\n\n\n\n<p>MSN.COM<\/p>\n","protected":false},"excerpt":{"rendered":"<p>L\u2019ancien pr\u00e9sident congolais Joseph Kabila pourrait faire l\u2019objet d\u2019une poursuite judiciaire. Le S\u00e9nat congolais doit examiner ce jeudi 15 mai<\/p>\n","protected":false},"author":1,"featured_media":56639,"comment_status":"open","ping_status":"open","sticky":false,"template":"","format":"standard","meta":{"footnotes":""},"categories":[51],"tags":[],"class_list":["post-56638","post","type-post","status-publish","format-standard","has-post-thumbnail","hentry","category-general"],"_links":{"self":[{"href":"https:\/\/dekkbi.com\/index.php?rest_route=\/wp\/v2\/posts\/56638","targetHints":{"allow":["GET"]}}],"collection":[{"href":"https:\/\/dekkbi.com\/index.php?rest_route=\/wp\/v2\/posts"}],"about":[{"href":"https:\/\/dekkbi.com\/index.php?rest_route=\/wp\/v2\/types\/post"}],"author":[{"embeddable":true,"href":"https:\/\/dekkbi.com\/index.php?rest_route=\/wp\/v2\/users\/1"}],"replies":[{"embeddable":true,"href":"https:\/\/dekkbi.com\/index.php?rest_route=%2Fwp%2Fv2%2Fcomments&post=56638"}],"version-history":[{"count":3,"href":"https:\/\/dekkbi.com\/index.php?rest_route=\/wp\/v2\/posts\/56638\/revisions"}],"predecessor-version":[{"id":56642,"href":"https:\/\/dekkbi.com\/index.php?rest_route=\/wp\/v2\/posts\/56638\/revisions\/56642"}],"wp:featuredmedia":[{"embeddable":true,"href":"https:\/\/dekkbi.com\/index.php?rest_route=\/wp\/v2\/media\/56639"}],"wp:attachment":[{"href":"https:\/\/dekkbi.com\/index.php?rest_route=%2Fwp%2Fv2%2Fmedia&parent=56638"}],"wp:term":[{"taxonomy":"category","embeddable":true,"href":"https:\/\/dekkbi.com\/index.php?rest_route=%2Fwp%2Fv2%2Fcategories&post=56638"},{"taxonomy":"post_tag","embeddable":true,"href":"https:\/\/dekkbi.com\/index.php?rest_route=%2Fwp%2Fv2%2Ftags&post=56638"}],"curies":[{"name":"wp","href":"https:\/\/api.w.org\/{rel}","templated":true}]}}