{"id":56634,"date":"2025-05-15T11:37:03","date_gmt":"2025-05-15T11:37:03","guid":{"rendered":"https:\/\/dekkbi.com\/?p=56634"},"modified":"2025-05-15T12:01:47","modified_gmt":"2025-05-15T12:01:47","slug":"cote-divoire-tidjane-thiam-reelu-sans-surprise-a-la-tete-du-principal-parti-dopposition","status":"publish","type":"post","link":"https:\/\/dekkbi.com\/?p=56634","title":{"rendered":"C\u00f4te d&rsquo;Ivoire: Tidjane Thiam r\u00e9\u00e9lu sans surprise \u00e0 la t\u00eate du principal parti d&rsquo;opposition"},"content":{"rendered":"\n<p>Tidjane Thiam a \u00e9t\u00e9 \u00e9lu mercredi \u00e0 la t\u00eate du PDCI, principal parti d&rsquo;opposition ivoirien, dans une \u00e9lection o\u00f9 il \u00e9tait seul candidat, deux jours apr\u00e8s avoir d\u00e9missionn\u00e9 de ce poste pour se repr\u00e9senter et mettre fin \u00e0 une saga judiciaire contestant sa l\u00e9gitimit\u00e9.<\/p>\n\n\n\n<p>Cette \u00e9lection ne r\u00e8gle toutefois pas la question de son in\u00e9ligibilit\u00e9 \u00e0 la pr\u00e9sidentielle du 25 octobre: M. Thiam fait partie des opposants au pr\u00e9sident ivoirien Alassane Ouattara qui sont radi\u00e9s de la liste \u00e9lectorale et ne peuvent pas participer au scrutin.<\/p>\n\n\n\n<p>\u00ab\u00a0Le candidat Cheick Tidjane Thiam a obtenu 5.190 voix soit 99,77%\u00a0\u00bb, a d\u00e9clar\u00e9 Georges Ezaley, vice-pr\u00e9sident du Parti d\u00e9mocratique de C\u00f4te d&rsquo;Ivoire (PDCI) \u00e0 l&rsquo;issue d&rsquo;un congr\u00e8s extraordinaire pour \u00e9lire le chef du parti, o\u00f9 le taux de participation s&rsquo;est \u00e9lev\u00e9 \u00e0 92,7%.<\/p>\n\n\n\n<p>\u00ab\u00a0Est donc \u00e9lu comme pr\u00e9sident du PDCI M. Cheick Tidjane Thiam\u00a0\u00bb, a-t-il ajout\u00e9, devant la presse \u00e0 la maison du Parti, \u00e0 Abidjan, sous les applaudissements de quelques dizaines de militants.<\/p>\n\n\n\n<p>Mercredi soir, M. Thiam, hors du pays depuis pr\u00e8s de deux mois, s&rsquo;est adress\u00e9 aux militants par visioconf\u00e9rence, au si\u00e8ge du parti. \u00ab\u00a0Je suis impatient de vous retrouver\u00a0\u00bb, a-t-il dit, apr\u00e8s avoir salu\u00e9 leur \u00ab\u00a0d\u00e9termination\u00a0\u00bb.<\/p>\n\n\n\n<p>\u00ab\u00a0Ce qui m&rsquo;importe, c&rsquo;est la victoire, c&rsquo;est de ramener le parti au pouvoir\u00a0\u00bb, a-t-il dit.<\/p>\n\n\n\n<p>M. Thiam avait annonc\u00e9 lundi sa d\u00e9mission de la pr\u00e9sidence du parti, \u00e0 laquelle il avait acc\u00e9d\u00e9 en d\u00e9cembre 2023, se disant victime de \u00ab\u00a0harc\u00e8lement judiciaire\u00a0\u00bb.<\/p>\n\n\n\n<p>Cette d\u00e9mission \u00e9tait purement formelle et visait principalement \u00e0 anticiper une d\u00e9cision de justice risquant d&rsquo;invalider son \u00e9lection de d\u00e9cembre 2023, explique-t-on au sein du PDCI.<\/p>\n\n\n\n<p>Une militante du PDCI conteste en effet cette \u00e9lection, estimant que M. Thiam n&rsquo;\u00e9tait pas ivoirien au moment du scrutin. Une audience \u00e0 ce sujet reste pr\u00e9vue jeudi.<\/p>\n\n\n\n<p>La question de sa nationalit\u00e9 &#8211; il a \u00e9t\u00e9 fran\u00e7ais de 1987 \u00e0 mars 2025 &#8211; empoisonne la campagne de M. Thiam qui est hors du pays depuis pr\u00e8s de deux mois.<\/p>\n\n\n\n<p>La justice a mis en avant fin avril l&rsquo;article 48 du code de la nationalit\u00e9, datant des ann\u00e9es 1960, qui indique que l&rsquo;acquisition volontaire d&rsquo;une autre citoyennet\u00e9 entra\u00eene la perte de la nationalit\u00e9 ivoirienne.<\/p>\n\n\n\n<p>Elle l&rsquo;a ainsi radi\u00e9 des listes \u00e9lectorales, estimant qu&rsquo;il n&rsquo;\u00e9tait pas ivoirien au moment de son inscription en 2022, l&rsquo;excluant de facto de la course \u00e0 la pr\u00e9sidentielle.<\/p>\n\n\n\n<p>Mercredi, Tidjane Thiam a \u00e9t\u00e9 r\u00e9\u00e9lu pr\u00e9sident du PDCI en \u00e9tant cette fois \u00ab\u00a0100% ivoirien\u00a0\u00bb, puisqu&rsquo;en renon\u00e7ant \u00e0 la nationalit\u00e9 fran\u00e7aise en mars, il a retrouv\u00e9, selon les autorit\u00e9s, la nationalit\u00e9 ivoirienne qu&rsquo;il avait perdue.<\/p>\n\n\n\n<h2 class=\"wp-block-heading\">\u00ab\u00a0Pas de plan B\u00a0\u00bb<\/h2>\n\n\n\n<p>\u00ab\u00a0Nous sommes venus r\u00e9it\u00e9rer notre soutien \u00e0 Tidjane Thiam, nous avons la conviction qu\u2019il sera candidat, et qu\u2019il sera \u00e9lu en 2025. Il n\u2019y a pas de plan B\u00a0\u00bb, a d\u00e9clar\u00e9 \u00e0 l&rsquo;AFP Elisabeth Golli, une militante, au si\u00e8ge du parti dans la commune de Cocody \u00e0 Abidjan.<\/p>\n\n\n\n<p>Mais il reste radi\u00e9 de la liste \u00e9lectorale et aucune r\u00e9vision de celle-ci n&rsquo;est pr\u00e9vue avant la pr\u00e9sidentielle du 25 octobre.<\/p>\n\n\n\n<p>\u00ab\u00a0Il nous reste une grosse bataille \u00e0 mener pour que je puisse \u00eatre candidat \u00e0 l&rsquo;\u00e9lection pr\u00e9sidentielle (&#8230;) pour que je puisse \u00eatre inscrit sur la liste \u00e9lectorale\u00a0\u00bb, a affirm\u00e9 Tidjane Thiam.<\/p>\n\n\n\n<p>Trois autres figures de l&rsquo;opposition ayant annonc\u00e9 leur intention d&rsquo;\u00eatre candidats sont absentes de la liste \u00e9lectorale, en raison de condamnations judiciaires: l&rsquo;ancien pr\u00e9sident (2000-2011) et opposant Laurent Gbagbo, son ancien bras droit Charles Bl\u00e9 Goud\u00e9 et l&rsquo;ancien chef rebelle et Premier ministre Guillaume Soro.<\/p>\n\n\n\n<p>Mercredi, Georges Ezaley a estim\u00e9 que la r\u00e9\u00e9lection de M.Thiam \u00e9tait \u00ab\u00a0un signal fort\u00a0\u00bb.<\/p>\n\n\n\n<p>\u00ab\u00a0On ne touche pas au PDCI, on ne touche pas \u00e0 son pr\u00e9sident\u00a0\u00bb, a-t-il ajout\u00e9, d\u00e9non\u00e7ant un \u00ab\u00a0syst\u00e8me de harc\u00e8lement, contre le PDCI et contre son pr\u00e9sident avec une instrumentalisation de l\u2019appareil judiciaire\u00a0\u00bb.<\/p>\n\n\n\n<p>Les autorit\u00e9s r\u00e9cusent de leur c\u00f4t\u00e9 toute intervention politique dans le processus \u00e9lectoral, assurant qu&rsquo;il s&rsquo;agit de d\u00e9cisions prises par une justice ind\u00e9pendante.<\/p>\n\n\n\n<p>Le pr\u00e9sident Alassane Ouattara, 83 ans, au pouvoir depuis 2011, ne s&rsquo;est de son c\u00f4t\u00e9 pas encore prononc\u00e9 sur une \u00e9ventuelle candidature mais s&rsquo;est dit \u00ab\u00a0d\u00e9sireux de continuer \u00e0 servir son pays\u00a0\u00bb.<\/p>\n\n\n\n<p>L&rsquo;ex-ministre du Commerce Jean-Louis Billon, membre dissident du PDCI, s&rsquo;est \u00e9galement lanc\u00e9 dans la bataille \u00e0 la pr\u00e9sidentielle, o\u00f9 il devrait \u00eatre candidat ind\u00e9pendant.<\/p>\n\n\n\n<p>Par Pierre DONADIEU, Marietou B\u00c2 \u00a9 2025 AFP<\/p>\n","protected":false},"excerpt":{"rendered":"<p>Tidjane Thiam a \u00e9t\u00e9 \u00e9lu mercredi \u00e0 la t\u00eate du PDCI, principal parti d&rsquo;opposition ivoirien, dans une \u00e9lection o\u00f9 il<\/p>\n","protected":false},"author":1,"featured_media":49235,"comment_status":"open","ping_status":"open","sticky":false,"template":"","format":"standard","meta":{"footnotes":""},"categories":[6],"tags":[],"class_list":["post-56634","post","type-post","status-publish","format-standard","has-post-thumbnail","hentry","category-politics"],"_links":{"self":[{"href":"https:\/\/dekkbi.com\/index.php?rest_route=\/wp\/v2\/posts\/56634","targetHints":{"allow":["GET"]}}],"collection":[{"href":"https:\/\/dekkbi.com\/index.php?rest_route=\/wp\/v2\/posts"}],"about":[{"href":"https:\/\/dekkbi.com\/index.php?rest_route=\/wp\/v2\/types\/post"}],"author":[{"embeddable":true,"href":"https:\/\/dekkbi.com\/index.php?rest_route=\/wp\/v2\/users\/1"}],"replies":[{"embeddable":true,"href":"https:\/\/dekkbi.com\/index.php?rest_route=%2Fwp%2Fv2%2Fcomments&post=56634"}],"version-history":[{"count":1,"href":"https:\/\/dekkbi.com\/index.php?rest_route=\/wp\/v2\/posts\/56634\/revisions"}],"predecessor-version":[{"id":56635,"href":"https:\/\/dekkbi.com\/index.php?rest_route=\/wp\/v2\/posts\/56634\/revisions\/56635"}],"wp:featuredmedia":[{"embeddable":true,"href":"https:\/\/dekkbi.com\/index.php?rest_route=\/wp\/v2\/media\/49235"}],"wp:attachment":[{"href":"https:\/\/dekkbi.com\/index.php?rest_route=%2Fwp%2Fv2%2Fmedia&parent=56634"}],"wp:term":[{"taxonomy":"category","embeddable":true,"href":"https:\/\/dekkbi.com\/index.php?rest_route=%2Fwp%2Fv2%2Fcategories&post=56634"},{"taxonomy":"post_tag","embeddable":true,"href":"https:\/\/dekkbi.com\/index.php?rest_route=%2Fwp%2Fv2%2Ftags&post=56634"}],"curies":[{"name":"wp","href":"https:\/\/api.w.org\/{rel}","templated":true}]}}