{"id":56628,"date":"2025-05-15T11:24:52","date_gmt":"2025-05-15T11:24:52","guid":{"rendered":"https:\/\/dekkbi.com\/?p=56628"},"modified":"2025-05-15T11:24:53","modified_gmt":"2025-05-15T11:24:53","slug":"israel-sous-les-feux-de-la-rampe-a-leurovision","status":"publish","type":"post","link":"https:\/\/dekkbi.com\/?p=56628","title":{"rendered":"Isra\u00ebl sous les feux de la rampe \u00e0 l&rsquo;Eurovision"},"content":{"rendered":"\n<p>Par Robin MILLARD &#8211; \u00a9 2025 AFP &#8211; La participation d&rsquo;Isra\u00ebl \u00e0 l&rsquo;Eurovision 2025 a suscit\u00e9 critiques et protestations, mais Yuval Raphael fera ses d\u00e9buts jeudi pour la seconde demi-finale et la survivante du 7-Octobre fait partie des favoris pour se qualifier.<\/p>\n\n\n\n<p>La jeune femme de 24 ans montera sur la sc\u00e8ne high-tech de la Sankt Jakobshalle \u00e0 B\u00e2le jeudi pour y interpr\u00e9ter \u00ab\u00a0New Day Will Rise\u00a0\u00bb (un jour nouveau se l\u00e8vera).<\/p>\n\n\n\n<p>Celle qui n&rsquo;a surv\u00e9cu que parce qu&rsquo;elle a fait la morte sous un tas de cadavres pendant le massacre perp\u00e9tr\u00e9 par le Hamas veut lancer un message universel \u00ab\u00a0d&rsquo;espoir et de solidarit\u00e9\u00a0\u00bb.<\/p>\n\n\n\n<p>Il reste \u00e0 voir s&rsquo;il sera re\u00e7u comme tel par les 6.500 spectateurs sur place et ceux qui suivent le spectacle sur le petit \u00e9cran.<\/p>\n\n\n\n<p>Quinze autre candidats se succ\u00e8deront pour tenter de se saisir de l&rsquo;une des dix places qui reste \u00e0 prendre pour aller en finale samedi, du plus grand \u00e9v\u00e9nement musical t\u00e9l\u00e9vis\u00e9 au monde, capable d&rsquo;attirer entre 160 et 200 millions de t\u00e9l\u00e9spectateurs.<\/p>\n\n\n\n<p>Ce sont ces m\u00eame t\u00e9l\u00e9spectateurs qui d\u00e9cideront du sort des artistes jeudi.<\/p>\n\n\n\n<p>Les statistiques des bookmakers tir\u00e9es des paris placent l&rsquo;Autriche, Isra\u00ebl et la Finlande parmi les tous grands favoris pour la deuxi\u00e8me demi-finale.<\/p>\n\n\n\n<p>Malte, l&rsquo;Australie et la Lituanie ont aussi de bonnes \u00ab\u00a0stats\u00a0\u00bb.<\/p>\n\n\n\n<figure class=\"wp-block-image\"><img decoding=\"async\" src=\"https:\/\/information.tv5monde.com\/sites\/tv5-info\/files\/styles\/entete\/public\/2025-05\/field_media_image-2924079-5e4021489b8f7ad90f9fa0264d855484ca71feb0.jpg?itok=3AORo2pu\" alt=\"Manifestation silencieuse de soutien aux Palestiniens \u00e0 B\u00e2le, lors du concours de l'Eurovision, le 14 mai 2025 en Suisse\" title=\"Manifestation silencieuse de soutien aux Palestiniens \u00e0 B\u00e2le, lors du concours de l'Eurovision, le 14 mai 2025 en Suisse\"\/><\/figure>\n\n\n\n<p>Manifestation silencieuse de soutien aux Palestiniens \u00e0 B\u00e2le, lors du concours de l&rsquo;Eurovision, le 14 mai 2025 en Suisse &#8211; AFP &#8211; SEBASTIEN BOZON<\/p>\n\n\n\n<p>Malgr\u00e9 l&rsquo;intensification de la guerre men\u00e9e par Isra\u00ebl \u00e0 Gaza, qui a d\u00e9j\u00e0 fait des dizaines de milliers de morts et les appels \u00e0 son exclusion de l&rsquo;Eurovision, y compris du champion en titre Nemo, la mobilisation \u00e0 B\u00e2le a \u00e9t\u00e9 discr\u00e8te jusque-l\u00e0, surtout compar\u00e9e aux foules de Malm\u00f6 en 2024.<\/p>\n\n\n\n<p>Des drapeaux palestiniens, une banderole d\u00e9non\u00e7ant \u00ab\u00a0le g\u00e9nocide\u00a0\u00bb lors de la parade des artistes dimanche et une manifestation silencieuse en ville mercredi \u00e0 la veille de la comm\u00e9moration de la \u00ab\u00a0Nakba\u00a0\u00bb, la grande catastrophe de l&rsquo;exode palestinien en 1948.<\/p>\n\n\n\n<h2 class=\"wp-block-heading\">Amour, poup\u00e9e, milkshakes et orgasme<\/h2>\n\n\n\n<p>L&rsquo;Autrichien JJ est le grand rival de KAJ -qui chante pour la Su\u00e8de- pour emporter cette \u00e9dition 2025 samedi.<\/p>\n\n\n\n<figure class=\"wp-block-image\"><img decoding=\"async\" src=\"https:\/\/information.tv5monde.com\/sites\/tv5-info\/files\/styles\/entete\/public\/2025-05\/field_media_image-2924080-beee0fd7d59c828591dea66279a3a3ddd5c88a00.jpg?itok=dec5wqkw\" alt=\"Le chanteur autrichien JJ lors d'une r\u00e9p\u00e9tition en costume pour la seconde demi-finale de l'Eurovision, le 14 mai 2025 \u00e0 B\u00e2le, en Suisse\" title=\"Le chanteur autrichien JJ lors d'une r\u00e9p\u00e9tition en costume pour la seconde demi-finale de l'Eurovision, le 14 mai 2025 \u00e0 B\u00e2le, en Suisse\"\/><\/figure>\n\n\n\n<p>Le chanteur autrichien JJ lors d&rsquo;une r\u00e9p\u00e9tition en costume pour la seconde demi-finale de l&rsquo;Eurovision, le 14 mai 2025 \u00e0 B\u00e2le, en Suisse<\/p>\n\n\n\n<p>AFP<\/p>\n\n\n\n<p>Fabrice COFFRINI<\/p>\n\n\n\n<p>Son \u00ab\u00a0Wasted love\u00a0\u00bb propulse des aigus de soprano entre deux refrains de ballade avant de culminer en envol\u00e9e techno. Et elle fait immanquablement penser \u00e0 \u00ab\u00a0The Code\u00a0\u00bb, la chanson de l&rsquo;artiste suisse Nemo, qui l&rsquo;a emport\u00e9 en 2024.<\/p>\n\n\n\n<p>Sa prestation a\u00e9rienne, m\u00e9lancolique et flottante, qui parle d&rsquo;une p\u00e9riode de sa vie o\u00f9 il a \u00ab\u00a0gaspill\u00e9 trop d&rsquo;amour\u00a0\u00bb sans en recevoir est \u00e9xecut\u00e9e sur sc\u00e8ne dans un magnifique noir et blanc de studio Harcourt.<\/p>\n\n\n\n<p>De l&rsquo;amour, la Finlandaise Erika Vikman en a \u00e0 revendre mais il est plus physique.<\/p>\n\n\n\n<figure class=\"wp-block-image\"><img decoding=\"async\" src=\"https:\/\/information.tv5monde.com\/sites\/tv5-info\/files\/styles\/entete\/public\/2025-05\/field_media_image-2924081-2f681692b715680bccddc69dcce097ab20fd72f5.jpg?itok=f32MWHx7\" alt=\"La chanteuse finlandaise Erika Vikman interpr\u00e8te la chanson &quot;Ich Komme&quot; pendant une r\u00e9p\u00e9tition en costume pour la seconde demi-finale de l'Eurovision, le 14 mai 2025 \u00e0 B\u00e2le, en Suisse\" title=\"La chanteuse finlandaise Erika Vikman interpr\u00e8te la chanson &quot;Ich Komme&quot; pendant une r\u00e9p\u00e9tition en costume pour la seconde demi-finale de l'Eurovision, le 14 mai 2025 \u00e0 B\u00e2le, en Suisse\"\/><\/figure>\n\n\n\n<p>La chanteuse finlandaise Erika Vikman interpr\u00e8te la chanson \u00ab\u00a0Ich Komme\u00a0\u00bb pendant une r\u00e9p\u00e9tition en costume pour la seconde demi-finale de l&rsquo;Eurovision, le 14 mai 2025 \u00e0 B\u00e2le, en Suisse<\/p>\n\n\n\n<p>AFP<\/p>\n\n\n\n<p>Fabrice COFFRINI<\/p>\n\n\n\n<p>C&rsquo;est elle qui cl\u00f4ture le spectacle jeudi et la temp\u00e9rature risque de monter de plusieurs cran, son \u00ab\u00a0Ich Komme\u00a0\u00bb c\u00e9l\u00e8brant l&rsquo;orgasme.<\/p>\n\n\n\n<p>D&rsquo;Australie, o\u00f9 l&rsquo;Eurovision fait un tabac, vient le g\u00e9ant des r\u00e9seaux sociaux Go-Jo. Il passera en premier avec \u00ab\u00a0Milkshake Man\u00a0\u00bb, dont on a peur de comprendre les sous-entendus.<\/p>\n\n\n\n<p>\u00ab\u00a0Je me sens tr\u00e8s bien accueilli en Europe. Je suis pr\u00eat et je suis on ne peut plus confiant\u00a0\u00bb, a-t-il d\u00e9clar\u00e9 \u00e0 l&rsquo;AFP.<\/p>\n\n\n\n<p>L&rsquo;Irlande vient litt\u00e9ralement avec un ovni. Emmy -une norv\u00e9gienne- consacre la chanson \u00e0 La\u00efka, une chienne sovi\u00e9tique sacrifi\u00e9e \u00e0 la conqu\u00eate spatiale sur fond de clavier tr\u00e8s eighties.<\/p>\n\n\n\n<p>Et puis, il y a Laura Thorn et \u00ab\u00a0La poup\u00e9e monte le son\u00a0\u00bb pour le Luxembourg. Poussez-vous, Serge Gainsbourg, France Gall, \u00ab\u00a0Poup\u00e9e de cire, poup\u00e9e de son\u00a0\u00bb.<\/p>\n\n\n\n<figure class=\"wp-block-image\"><img decoding=\"async\" src=\"https:\/\/information.tv5monde.com\/sites\/tv5-info\/files\/styles\/entete\/public\/2025-05\/field_media_image-2924082-721f8bb4e710830bcbceda6012cf27bbb2aa4121.jpg?itok=_ePo-61l\" alt=\"La chanteuse Laura Thorn repr\u00e9sentant le Luxembourg lors d'une r\u00e9p\u00e9tition en costume pour la seconde demi-finale de l'Eurovision, le 14 mai 2025 \u00e0 B\u00e2le, en Suisse\" title=\"La chanteuse Laura Thorn repr\u00e9sentant le Luxembourg lors d'une r\u00e9p\u00e9tition en costume pour la seconde demi-finale de l'Eurovision, le 14 mai 2025 \u00e0 B\u00e2le, en Suisse\"\/><\/figure>\n\n\n\n<p>La chanteuse Laura Thorn repr\u00e9sentant le Luxembourg lors d&rsquo;une r\u00e9p\u00e9tition en costume pour la seconde demi-finale de l&rsquo;Eurovision, le 14 mai 2025 \u00e0 B\u00e2le, en Suisse<\/p>\n\n\n\n<p>AFP<\/p>\n\n\n\n<p>Fabrice COFFRINI<\/p>\n\n\n\n<p>Laura Thorn est une \u00e9pine dans le pied du patriarcat : \u00ab\u00a0Nouveau mode d&#8217;emploi, je peux tout faire sans toi, c&rsquo;est un autre sch\u00e9ma, une autre \u00e9poque. Je donne de la voix\u00a0\u00bb. Elle esp\u00e8re r\u00e9it\u00e9rer l&rsquo;exploit de France Gall \u00e0 l&rsquo;Eurovision 1965.<\/p>\n\n\n\n<p>Dix candidats par demi-finale mais ils seront 26 samedi soir.<\/p>\n\n\n\n<p>La Suisse, pays h\u00f4te, et les repr\u00e9sentants des \u00ab\u00a0Big five\u00a0\u00bb porte-monnaies (Allemagne, Espagne, France, Italie et Royaume-Uni) sont automatiquement propuls\u00e9s en finale.<\/p>\n\n\n\n<h2 class=\"wp-block-heading\">C\u00e9line Dion, l&rsquo;espoir<\/h2>\n\n\n\n<p>Les fans de l&rsquo;Eurovision esp\u00e8rent d\u00e9sesp\u00e9r\u00e9ment que la m\u00e9gastar C\u00e9line Dion, qui souffre d&rsquo;une grave maladie, puisse participer \u00e0 la finale, malgr\u00e9 un message vid\u00e9o diffus\u00e9 mardi qui laissait plut\u00f4t penser qu&rsquo;elle ne pourra pas.<\/p>\n\n\n\n<figure class=\"wp-block-image\"><img decoding=\"async\" src=\"https:\/\/information.tv5monde.com\/sites\/tv5-info\/files\/styles\/entete\/public\/2025-05\/field_media_image-2924083-64d536a150572c3dd63e52a2a424e06a23d3902e.jpg?itok=ky7unexd\" alt=\"La chanteuse C\u00e9line Dion sur un \u00e9cran g\u00e9ant livre un message enregistr\u00e9 lors de la premi\u00e8re demi-finale de l'Eurovision \u00e0 B\u00e2le, le 13 mai 2025 en Suisse\" title=\"La chanteuse C\u00e9line Dion sur un \u00e9cran g\u00e9ant livre un message enregistr\u00e9 lors de la premi\u00e8re demi-finale de l'Eurovision \u00e0 B\u00e2le, le 13 mai 2025 en Suisse\"\/><\/figure>\n\n\n\n<p>La chanteuse C\u00e9line Dion sur un \u00e9cran g\u00e9ant livre un message enregistr\u00e9 lors de la premi\u00e8re demi-finale de l&rsquo;Eurovision \u00e0 B\u00e2le, le 13 mai 2025 en Suisse<\/p>\n\n\n\n<p>AFP<\/p>\n\n\n\n<p>SEBASTIEN BOZON<\/p>\n\n\n\n<p>\u00ab\u00a0Elle pourrait d\u00e9cider de venir, mais nous ne le savons pas. Nous sommes pr\u00e9par\u00e9s \u00e0 son absence\u00a0\u00bb, a d\u00e9clar\u00e9 Sandra Studer, l&rsquo;une des Madame Loyale de B\u00e2le 2025. \u00ab\u00a0Nous l&rsquo;aimons \u00e9norm\u00e9ment et cela aurait \u00e9t\u00e9 pr\u00e9cieux pour nous\u00a0\u00bb, mais \u00ab\u00a0nous n&rsquo;avons pas encore perdu espoir\u00a0\u00bb.<\/p>\n\n\n\n<p>La Su\u00e8de reste la grande favorite pour remporter l&rsquo;Eurovision, l&rsquo;Autriche \u00e9tant consid\u00e9r\u00e9e comme la plus proche rivale, suivie des Pays-Bas, de la France et d&rsquo;Isra\u00ebl.<\/p>\n","protected":false},"excerpt":{"rendered":"<p>Par Robin MILLARD &#8211; \u00a9 2025 AFP &#8211; La participation d&rsquo;Isra\u00ebl \u00e0 l&rsquo;Eurovision 2025 a suscit\u00e9 critiques et protestations, mais<\/p>\n","protected":false},"author":1,"featured_media":56629,"comment_status":"open","ping_status":"open","sticky":false,"template":"","format":"standard","meta":{"footnotes":""},"categories":[51],"tags":[],"class_list":["post-56628","post","type-post","status-publish","format-standard","has-post-thumbnail","hentry","category-general"],"_links":{"self":[{"href":"https:\/\/dekkbi.com\/index.php?rest_route=\/wp\/v2\/posts\/56628","targetHints":{"allow":["GET"]}}],"collection":[{"href":"https:\/\/dekkbi.com\/index.php?rest_route=\/wp\/v2\/posts"}],"about":[{"href":"https:\/\/dekkbi.com\/index.php?rest_route=\/wp\/v2\/types\/post"}],"author":[{"embeddable":true,"href":"https:\/\/dekkbi.com\/index.php?rest_route=\/wp\/v2\/users\/1"}],"replies":[{"embeddable":true,"href":"https:\/\/dekkbi.com\/index.php?rest_route=%2Fwp%2Fv2%2Fcomments&post=56628"}],"version-history":[{"count":1,"href":"https:\/\/dekkbi.com\/index.php?rest_route=\/wp\/v2\/posts\/56628\/revisions"}],"predecessor-version":[{"id":56630,"href":"https:\/\/dekkbi.com\/index.php?rest_route=\/wp\/v2\/posts\/56628\/revisions\/56630"}],"wp:featuredmedia":[{"embeddable":true,"href":"https:\/\/dekkbi.com\/index.php?rest_route=\/wp\/v2\/media\/56629"}],"wp:attachment":[{"href":"https:\/\/dekkbi.com\/index.php?rest_route=%2Fwp%2Fv2%2Fmedia&parent=56628"}],"wp:term":[{"taxonomy":"category","embeddable":true,"href":"https:\/\/dekkbi.com\/index.php?rest_route=%2Fwp%2Fv2%2Fcategories&post=56628"},{"taxonomy":"post_tag","embeddable":true,"href":"https:\/\/dekkbi.com\/index.php?rest_route=%2Fwp%2Fv2%2Ftags&post=56628"}],"curies":[{"name":"wp","href":"https:\/\/api.w.org\/{rel}","templated":true}]}}