{"id":56599,"date":"2025-05-15T10:22:29","date_gmt":"2025-05-15T10:22:29","guid":{"rendered":"https:\/\/dekkbi.com\/?p=56599"},"modified":"2025-05-15T10:22:30","modified_gmt":"2025-05-15T10:22:30","slug":"environnement-sante-la-population-de-sabodala-debout-contre-projet-de-deversement-de-residus-chimiques-dans-une-ancienne-fosse-miniere","status":"publish","type":"post","link":"https:\/\/dekkbi.com\/?p=56599","title":{"rendered":"Environnement-Sant\u00e9: La population de Sabodala debout contre projet de d\u00e9versement de r\u00e9sidus chimiques dans une ancienne fosse mini\u00e8re"},"content":{"rendered":"\n<h3 class=\"wp-block-heading\">La tension risque de monter d\u2019un cran \u00e0 Sabodala o\u00f9 les jeunes du village ont organis\u00e9 un point de presse pour d\u00e9noncer vigoureusement le projet de d\u00e9versement de r\u00e9sidus issus de l\u2019usine bio dans une ancienne fosse de plus de 200 m\u00e8tres de pro\u2010 fondeur, situ\u00e9e \u00e0 moins d\u2019un kilom\u00e8tre du village. Une initiative de l\u2019entreprise mini\u00e8re Endeavour Mining qui suscite indignation, peur et rejet unanime au sein de la communaut\u00e9 locale.<\/h3>\n\n\n\n<p>Mamadou Ndiaye Keita, pr\u00e9sident des jeunes de Sabodala, a pris la parole pour ex\u2010 primer la position ferme de la jeunesse : \u00ab Nous exprimons notre ferme opposition au projet de d\u00e9versement de r\u00e9sidus chimiques dans une fosse situ\u00e9e \u00e0 proximit\u00e9 imm\u00e9diate du village. Ce projet pr\u00e9sente des risques majeurs pour notre sant\u00e9, notre s\u00e9curit\u00e9, notre environnement et notre avenir. \u00bb<\/p>\n\n\n\n<p>Parmi les principales inqui\u00e9tudes \u00e9voqu\u00e9es : la pollution de l\u2019environnement, les risques sanitaires graves pour la population, les impacts \u00e9cologiques potentielle\u2010 ment irr\u00e9versibles, mais aussi l\u2019atteinte au droit fondamental \u00e0 un environnement sain. Les jeunes demandent l\u2019arr\u00eat imm\u00e9diat du projet, la mise en place d\u2019une commission d\u2019\u00e9valuation des risques, ainsi que le respect du droit des communaut\u00e9s locales \u00e0 \u00eatre consult\u00e9es sur les d\u00e9cisions qui les concernent directement.<\/p>\n\n\n\n<p>\u00ab Nous ne sommes ni contre le d\u00e9veloppement ni contre l\u2019exploitation mini\u00e8re encadr\u00e9e, mais elle ne doit pas se faire au d\u00e9triment de notre vie. Nous refusons d\u2019\u00eatre des victimes silencieuses \u00bb, a martel\u00e9 Mamadou Ndiaye Keita. Sounkoun Cissokho, un autre jeune du village, a rappel\u00e9 qu\u2019une audience publique a \u00e9t\u00e9 organis\u00e9e autour du projet, au cours de laquelle la population a claire\u2010 ment exprim\u00e9 son refus.<\/p>\n\n\n\n<p>\u00ab L\u2019autorit\u00e9 a fait son rapport, mais l\u2019entreprise semble d\u00e9termin\u00e9e \u00e0 aller de l\u2019avant. C\u2019est un projet in\u00e9dit en Afrique de l\u2019Ouest. Ils veulent exp\u00e9rimenter sur notre dos. Nous alertons l\u2019opinion nationale et internationale : ils nous trouveront sur leur chemin. \u00bb Le chef du village, Sara Cissokho, a \u00e9gale\u2010 ment apport\u00e9 un t\u00e9moignage lourd de sens.<\/p>\n\n\n\n<p>\u00ab Lors de la signature de la convention \u00e0 Dakar sous le pr\u00e9sident Wade, on nous avait promis une r\u00e9habilitation des lieux apr\u00e8s exploitation et des plantations d\u2019arbres. Aujourd\u2019hui, on nous parle de d\u00e9versement de r\u00e9sidus chimiques. Nous ne l\u2019accepterons jamais. Qui peut garantir que notre nappe phr\u00e9atique ne sera pas contamin\u00e9e ? \u00bb<\/p>\n\n\n\n<p>D\u2019autres habitants ont exprim\u00e9 leur col\u00e8re face aux nombreuses cons\u00e9quences de l\u2019exploitation mini\u00e8re : d\u00e9m\u00e9nagements sans indemnisation, perte de terres agricoles, et d\u00e9sormais un projet aux cons\u00e9quences environnementales incalculables.<\/p>\n\n\n\n<p>\u00ab L\u2019ouest du village \u00e9tait notre dernier espace pour l\u2019agriculture et le p\u00e2turage. Une autre entreprise s\u2019y est install\u00e9e avec plus de 400 hectares. Trop c\u2019est trop \u00bb, a d\u00e9clar\u00e9 un habitant.<\/p>\n\n\n\n<p>L\u2019imam du village, les femmes, les anciens : tous les segments de la population ont rejet\u00e9 le projet et se disent pr\u00eats \u00e0 faire face \u00e0 cette nouvelle menace. Depuis le d\u00e9but de l\u2019exploitation mini\u00e8re \u00e0 Sabodala en 2008, les relations entre la population et les entre\u2010 prises mini\u00e8res ont souvent \u00e9t\u00e9 marqu\u00e9es par des tensions.<\/p>\n\n\n\n<p>Aujourd\u2019hui, les habitants appellent les autorit\u00e9s \u00e9tatiques \u00e0 intervenir sans d\u00e9lai pour mettre fin \u00e0 ce qu\u2019ils consid\u00e8rent comme une injustice et sociale.<\/p>\n\n\n\n<p>\u00ab Nous voulons vivre et travailler dans la tranquillit\u00e9. Que les plus hautes autorit\u00e9s ne nous laissent pas \u00e0 la merci de cette entreprise \u00bb, ont\u2010ils lanc\u00e9 en ch\u0153ur.<\/p>\n\n\n\n<p>Sabodala veut se faire entendre, non pour bloquer le progr\u00e8s, mais pour le rendre hu\u2010 main, durable, et respectueux de la dignit\u00e9 des communaut\u00e9s locales.<\/p>\n\n\n\n<p> <strong>Quotidien Le T\u00e9moin<\/strong><\/p>\n","protected":false},"excerpt":{"rendered":"<p>La tension risque de monter d\u2019un cran \u00e0 Sabodala o\u00f9 les jeunes du village ont organis\u00e9 un point de presse<\/p>\n","protected":false},"author":1,"featured_media":56600,"comment_status":"open","ping_status":"open","sticky":false,"template":"","format":"standard","meta":{"footnotes":""},"categories":[21],"tags":[],"class_list":["post-56599","post","type-post","status-publish","format-standard","has-post-thumbnail","hentry","category-societe"],"_links":{"self":[{"href":"https:\/\/dekkbi.com\/index.php?rest_route=\/wp\/v2\/posts\/56599","targetHints":{"allow":["GET"]}}],"collection":[{"href":"https:\/\/dekkbi.com\/index.php?rest_route=\/wp\/v2\/posts"}],"about":[{"href":"https:\/\/dekkbi.com\/index.php?rest_route=\/wp\/v2\/types\/post"}],"author":[{"embeddable":true,"href":"https:\/\/dekkbi.com\/index.php?rest_route=\/wp\/v2\/users\/1"}],"replies":[{"embeddable":true,"href":"https:\/\/dekkbi.com\/index.php?rest_route=%2Fwp%2Fv2%2Fcomments&post=56599"}],"version-history":[{"count":1,"href":"https:\/\/dekkbi.com\/index.php?rest_route=\/wp\/v2\/posts\/56599\/revisions"}],"predecessor-version":[{"id":56601,"href":"https:\/\/dekkbi.com\/index.php?rest_route=\/wp\/v2\/posts\/56599\/revisions\/56601"}],"wp:featuredmedia":[{"embeddable":true,"href":"https:\/\/dekkbi.com\/index.php?rest_route=\/wp\/v2\/media\/56600"}],"wp:attachment":[{"href":"https:\/\/dekkbi.com\/index.php?rest_route=%2Fwp%2Fv2%2Fmedia&parent=56599"}],"wp:term":[{"taxonomy":"category","embeddable":true,"href":"https:\/\/dekkbi.com\/index.php?rest_route=%2Fwp%2Fv2%2Fcategories&post=56599"},{"taxonomy":"post_tag","embeddable":true,"href":"https:\/\/dekkbi.com\/index.php?rest_route=%2Fwp%2Fv2%2Ftags&post=56599"}],"curies":[{"name":"wp","href":"https:\/\/api.w.org\/{rel}","templated":true}]}}