{"id":56586,"date":"2025-05-15T09:43:39","date_gmt":"2025-05-15T09:43:39","guid":{"rendered":"https:\/\/dekkbi.com\/?p=56586"},"modified":"2025-05-15T09:43:39","modified_gmt":"2025-05-15T09:43:39","slug":"ziguinchor-celebration-de-lan-2-du-depot-des-armes-par-une-faction-du-mfdc-diverses-activites-pour-inviter-les-autres-fronts-a-suivre-diakaye","status":"publish","type":"post","link":"https:\/\/dekkbi.com\/?p=56586","title":{"rendered":"Ziguinchor \u2013 C\u00e9l\u00e9bration de l\u2019an 2 du d\u00e9p\u00f4t des armes par une faction du Mfdc : Diverses activit\u00e9s pour inviter les autres fronts \u00e0 suivre Diakaye"},"content":{"rendered":"\n<p><strong>La c\u00e9l\u00e9bration de l\u2019an 2 du d\u00e9p\u00f4t des armes par la faction de Diakaye a \u00e9t\u00e9 marqu\u00e9e, durant quatre jours successifs, par diverses activit\u00e9s dont certaines sur le lieu m\u00eame o\u00f9 les accords de paix ont \u00e9t\u00e9 sign\u00e9s \u00e0 Mongone. Ce furent des moments d\u2019appel aux autres factions de suivre l\u2019acte de Diakaye pour une paix d\u00e9finitive en Casamance.<\/strong><\/p>\n\n\n\n<p>&nbsp;Un programme riche et symbolique a marqu\u00e9, durant quatre jours, la comm\u00e9moration de l\u2019an 2 du d\u00e9p\u00f4t des armes par Diakaye, faction du Mouvement des forces d\u00e9mocratiques de la Casamance (Mfdc), le 13 mai 2023 \u00e0 Mongone, dans la commune de Djinaky, d\u00e9partement de Bignona.<br>Cette c\u00e9l\u00e9bration a \u00e9t\u00e9 marqu\u00e9e au premier jour par un concert dans la commune de Ziguinchor, pour inviter les autres factions du Mfdc \u00e0 s\u2019inspirer de l\u2019acte de Diakaye, le deuxi\u00e8me jour par une<\/p>\n\n\n\n<p>randonn\u00e9e p\u00e9destre \u00e0 travers les rues de Ziguinchor symbolisant la marche vers la paix, le troisi\u00e8me jour par un symposium sur la paix en Casamance.<br>Le quatri\u00e8me jour a vu se d\u00e9rouler la pose de la premi\u00e8re pierre de la st\u00e8le \u00e0 Mongone, pr\u00e9cis\u00e9ment \u00e0 l\u2019endroit o\u00f9 les accords ont \u00e9t\u00e9 sign\u00e9s entre Diakaye et l\u2019Etat du S\u00e9n\u00e9gal. L\u2019id\u00e9e est de marquer le lieu afin de servir de rep\u00e8re aux futures g\u00e9n\u00e9rations, et autres \u00e9trangers, qui sauront ainsi identifier l\u2019endroit o\u00f9 cet acte a \u00e9t\u00e9 pos\u00e9 le 13 mai 2023. S\u2019en est suivi l\u2019allumage de la flamme de la paix sur ce lieu symbolique. Tel le flambeau de la libert\u00e9, la flamme de la paix a sillonn\u00e9 une partie de la r\u00e9gion en passant par les pr\u00e9fectures de Diouloulou, Bignona, Ziguinchor, pour finir par la Gouvernance de Ziguinchor. A chacune de ces \u00e9tapes de la caravane des acteurs de la paix, la flamme et une colombe blanche ont \u00e9t\u00e9 remises aux autorit\u00e9s. \u00abLa paix est une responsabilit\u00e9 partag\u00e9e entre toutes les administrations engag\u00e9es dans le processus de paix. Egalement, l\u2019engagement \u00e0 tous les \u00e9chelons\u00bb, a rappel\u00e9 l\u2019adjoint au Gouverneur de Ziguinchor charg\u00e9 du d\u00e9veloppement. Als\u00e9ny Bangoura a r\u00e9it\u00e9r\u00e9 l\u2019engagement de toute l\u2019administration territoriale pour que le processus de paix puisse non seulement aboutir, mais surtout pour que cette paix soit consolid\u00e9e. \u00abLa paix n\u2019est jamais d\u00e9finitivement acquise, c\u2019est une \u0153uvre de tous les jours, une \u0153uvre de tous les instants. Comme la flamme, elle brille, elle \u00e9claire, mais elle a besoin d\u2019\u00eatre entretenue. Elle a besoin d\u2019\u00eatre oxyg\u00e9n\u00e9e. C\u2019est le sens de toutes les activit\u00e9s que nous sommes en train de d\u00e9rouler dans le d\u00e9partement, dans la r\u00e9gion, dans la sous-r\u00e9gion\u00bb, a d\u00e9clar\u00e9 le Pr\u00e9fet de Ziguinchor. Ahmet Tidiane Thiaw a rendu hommage aux acteurs de la paix, particuli\u00e8rement aux organisations membres de la Cospac, pour leur engagement pour restaurer la paix, l\u2019entretenir et la renforcer.<\/p>\n\n\n\n<p>Toutes les autorit\u00e9s pr\u00e9fectorales et acteurs incontournables, qui ont pris la parole au niveau des diff\u00e9rentes \u00e9tapes de la caravane, ont appel\u00e9 les autres parties \u00e0 d\u00e9poser les armes pour une paix d\u00e9finitive et un d\u00e9veloppement durable de la Casamance. \u00abQu\u2019on puisse c\u00e9l\u00e9brer, en 2026, le 3e anniversaire avec un d\u00e9p\u00f4t d\u00e9finitif des armes en Casamance pour une paix durable permettant aux populations de vaquer en toute qui\u00e9tude \u00e0 leurs occupations dans toutes les localit\u00e9s de la Casamance\u00bb, a souhait\u00e9 Amadou Ka, sous-pr\u00e9fet de l\u2019arrondissement de Kataba, \u00e0 l\u2019\u00e9tape de Diouloulou.<\/p>\n\n\n\n<p>Les \u00e9lus locaux, les femmes du bois sacr\u00e9 ont, au-del\u00e0 de l\u2019invite aux autres fronts \u00e0 suivre le pas de Diakaye, appel\u00e9 l\u2019Etat du S\u00e9n\u00e9gal \u00e0 mieux accompagner les ex-combattants de Diakaye pour faciliter leur insertion dans la soci\u00e9t\u00e9. Alassane Diatta Diatta, maire de Kataba 1, la reine m\u00e8re du bois sacr\u00e9, Rosalie Coly, Nd\u00e8ye Marie Sagna, coordonnatrice de \u00abKabonk\u00e9tor\u00bb, une association r\u00e9gionale des femmes pour la recherche de la paix en Casamance, ont tous appel\u00e9 \u00e0 mieux accompagner les ex-combattants de Diakaye et \u00e0 respecter les engagements pris lors de l\u2019accord de Mongone.<br><\/p>\n\n\n\n<p><strong>Par Khady SONKO \u2013<\/strong> <strong>ksonko@lequotidien.sn<\/strong><\/p>\n","protected":false},"excerpt":{"rendered":"<p>La c\u00e9l\u00e9bration de l\u2019an 2 du d\u00e9p\u00f4t des armes par la faction de Diakaye a \u00e9t\u00e9 marqu\u00e9e, durant quatre jours<\/p>\n","protected":false},"author":1,"featured_media":56587,"comment_status":"open","ping_status":"open","sticky":false,"template":"","format":"standard","meta":{"footnotes":""},"categories":[21],"tags":[],"class_list":["post-56586","post","type-post","status-publish","format-standard","has-post-thumbnail","hentry","category-societe"],"_links":{"self":[{"href":"https:\/\/dekkbi.com\/index.php?rest_route=\/wp\/v2\/posts\/56586","targetHints":{"allow":["GET"]}}],"collection":[{"href":"https:\/\/dekkbi.com\/index.php?rest_route=\/wp\/v2\/posts"}],"about":[{"href":"https:\/\/dekkbi.com\/index.php?rest_route=\/wp\/v2\/types\/post"}],"author":[{"embeddable":true,"href":"https:\/\/dekkbi.com\/index.php?rest_route=\/wp\/v2\/users\/1"}],"replies":[{"embeddable":true,"href":"https:\/\/dekkbi.com\/index.php?rest_route=%2Fwp%2Fv2%2Fcomments&post=56586"}],"version-history":[{"count":1,"href":"https:\/\/dekkbi.com\/index.php?rest_route=\/wp\/v2\/posts\/56586\/revisions"}],"predecessor-version":[{"id":56588,"href":"https:\/\/dekkbi.com\/index.php?rest_route=\/wp\/v2\/posts\/56586\/revisions\/56588"}],"wp:featuredmedia":[{"embeddable":true,"href":"https:\/\/dekkbi.com\/index.php?rest_route=\/wp\/v2\/media\/56587"}],"wp:attachment":[{"href":"https:\/\/dekkbi.com\/index.php?rest_route=%2Fwp%2Fv2%2Fmedia&parent=56586"}],"wp:term":[{"taxonomy":"category","embeddable":true,"href":"https:\/\/dekkbi.com\/index.php?rest_route=%2Fwp%2Fv2%2Fcategories&post=56586"},{"taxonomy":"post_tag","embeddable":true,"href":"https:\/\/dekkbi.com\/index.php?rest_route=%2Fwp%2Fv2%2Ftags&post=56586"}],"curies":[{"name":"wp","href":"https:\/\/api.w.org\/{rel}","templated":true}]}}