{"id":56572,"date":"2025-05-15T09:20:10","date_gmt":"2025-05-15T09:20:10","guid":{"rendered":"https:\/\/dekkbi.com\/?p=56572"},"modified":"2025-05-15T09:20:11","modified_gmt":"2025-05-15T09:20:11","slug":"football-les-trophees-de-la-fifa-exposes-au-paraguay","status":"publish","type":"post","link":"https:\/\/dekkbi.com\/?p=56572","title":{"rendered":"Football: les troph\u00e9es de la FIFA expos\u00e9s au Paraguay"},"content":{"rendered":"\n<p><strong>Avant l&rsquo;inauguration du Congr\u00e8s de la FIFA jeudi 15 &nbsp;mai au Paraguay, les repr\u00e9sentants de la FIFA et de la Conmebol se sont r\u00e9unis pour inaugurer une exposition pr\u00e9sentant des objets des collections de leurs f\u00e9d\u00e9rations respectives.<\/strong><\/p>\n\n\n\n<p>L&rsquo;exposition s&rsquo;inscrit dans le cadre du 120e anniversaire de la FIFA et vise \u00e0 permettre aux amateurs d&rsquo;Am\u00e9rique latine de d\u00e9couvrir de plus pr\u00e8s les troph\u00e9es les plus pris\u00e9s du football.<\/p>\n\n\n\n<p><em>\u00ab&nbsp;Nous vivons un \u00e9v\u00e9nement historique, car c&rsquo;est la premi\u00e8re fois que le Mus\u00e9e de la FIFA sort de Zurich, pour \u00eatre plus proche des gens, de ceux qui ne peuvent g\u00e9n\u00e9ralement pas se rendre \u00e0 Zurich pour admirer ces beaut\u00e9s. Nous comptons parmi nous quelques privil\u00e9gi\u00e9s qui ont pu les tenir dans leurs mains. Mais tous les autres n&rsquo;ont pu les voir qu&rsquo;\u00e0 la t\u00e9l\u00e9vision&nbsp;\u00bb<\/em>, a d\u00e9clar\u00e9 Alejandro Dominguez, pr\u00e9sident de la Conmebol.<\/p>\n\n\n\n<p>Le 75e Congr\u00e8s de la FIFA se tiendra \u00e0 Asuncion, au Paraguay, le 15 mai, et tous les regards seront tourn\u00e9s vers les nouvelles et les mises \u00e0 jour, notamment en ce qui concerne la prochaine Coupe du monde des clubs en juin.<\/p>\n\n\n\n<p>SOURCE MSN.COM<\/p>\n\n\n\n<figure class=\"wp-block-video\"><\/figure>\n\n\n\n<p>Charg\u00e9:&nbsp;18.35%Jouer<img decoding=\"async\" src=\"https:\/\/assets.msn.com\/staticsb\/statics\/latest\/views\/icons\/video\/videoSeekBack.svg\"><img decoding=\"async\" src=\"https:\/\/assets.msn.com\/staticsb\/statics\/latest\/views\/icons\/video\/videoSeekForward.svg\"><\/p>\n\n\n\n<p>Heure actuelle&nbsp;0:01<\/p>\n\n\n\n<p>\/<\/p>\n\n\n\n<p>Dur\u00e9e&nbsp;1:08Param\u00e8tres de qualit\u00e9Plein \u00e9cran<\/p>\n\n\n\n<p><img decoding=\"async\" src=\"https:\/\/img-s-msn-com.akamaized.net\/tenant\/amp\/entityid\/AA1pf9Jf.img?w=16&amp;h=16&amp;q=60&amp;m=6&amp;f=jpg&amp;u=t\" alt=\"\">Africanews (Fran\u00e7ais)<\/p>\n\n\n\n<p>Football : les troph\u00e9es de la FIFA expos\u00e9s au ParaguayActiver les notifications<\/p>\n\n\n\n<p>0<\/p>\n\n\n\n<p><a href=\"https:\/\/www.msn.com\/fr-xl\/video\/actualite\/football-les-troph%C3%A9es-de-la-fifa-expos%C3%A9s-au-paraguay\/vi-AA1ELBOa?ocid=msedgntp\" target=\"_blank\" rel=\"noreferrer noopener\">Afficher sur Watch<\/a><\/p>\n\n\n\n<p>Le 75e Congr\u00e8s de la FIFA se tiendra \u00e0 Asuncion, au Paraguay, le 15 mai, et tous les regards seront tourn\u00e9s vers les nouvelles et les mises \u00e0 jour, notamment en ce qui concerne la prochaine Coupe du monde des clubs en juin<\/p>\n\n\n\n<p><strong>Avant l&rsquo;inauguration du Congr\u00e8s de la FIFA jeudi 15 mai au Paraguay, les repr\u00e9sentants de la FIFA et de la Conmebol se sont r\u00e9unis pour inaugurer une exposition pr\u00e9sentant des objets des collections de leurs f\u00e9d\u00e9rations respectives.<\/strong><img decoding=\"async\" src=\"https:\/\/img-s-msn-com.akamaized.net\/tenant\/amp\/entityid\/AA1ELEbp.img?w=768&amp;h=432&amp;m=6\" alt=\"Le troph\u00e9e de la Coupe du monde des clubs de la FIFA est visible dans le bureau ovale de la Maison Blanche, mercredi 7 mai 2025, \u00e0 Washington.\"><\/p>\n\n\n\n<p>Le troph\u00e9e de la Coupe du monde des clubs de la FIFA est visible dans le bureau ovale de la Maison Blanche, mercredi 7 mai 2025, \u00e0 Washington.\u00a9&nbsp;Mark Schiefelbein\/Copyright 2025 The AP. All rights reserved.<\/p>\n\n\n\n<p><strong>Avant l&rsquo;inauguration du Congr\u00e8s de la FIFA jeudi 15 &nbsp;mai au Paraguay, les repr\u00e9sentants de la FIFA et de la Conmebol se sont r\u00e9unis pour inaugurer une exposition pr\u00e9sentant des objets des collections de leurs f\u00e9d\u00e9rations respectives.<\/strong><\/p>\n\n\n\n<p>L&rsquo;exposition s&rsquo;inscrit dans le cadre du 120e anniversaire de la FIFA et vise \u00e0 permettre aux amateurs d&rsquo;Am\u00e9rique latine de d\u00e9couvrir de plus pr\u00e8s les troph\u00e9es les plus pris\u00e9s du football.<\/p>\n\n\n\n<p><em>\u00ab&nbsp;Nous vivons un \u00e9v\u00e9nement historique, car c&rsquo;est la premi\u00e8re fois que le Mus\u00e9e de la FIFA sort de Zurich, pour \u00eatre plus proche des gens, de ceux qui ne peuvent g\u00e9n\u00e9ralement pas se rendre \u00e0 Zurich pour admirer ces beaut\u00e9s. Nous comptons parmi nous quelques privil\u00e9gi\u00e9s qui ont pu les tenir dans leurs mains. Mais tous les autres n&rsquo;ont pu les voir qu&rsquo;\u00e0 la t\u00e9l\u00e9vision&nbsp;\u00bb<\/em>, a d\u00e9clar\u00e9 Alejandro Dominguez, pr\u00e9sident de la Conmebol.<\/p>\n\n\n\n<p>Le 75e Congr\u00e8s de la FIFA se tiendra \u00e0 Asuncion, au Paraguay, le 15 mai, et tous les regards seront tourn\u00e9s vers les nouvelles et les mises \u00e0 jour, notamment en ce qui concerne la prochaine Coupe du monde des clubs en juin<\/p>\n","protected":false},"excerpt":{"rendered":"<p>Avant l&rsquo;inauguration du Congr\u00e8s de la FIFA jeudi 15 &nbsp;mai au Paraguay, les repr\u00e9sentants de la FIFA et de la<\/p>\n","protected":false},"author":1,"featured_media":56573,"comment_status":"open","ping_status":"open","sticky":false,"template":"","format":"standard","meta":{"footnotes":""},"categories":[9],"tags":[],"class_list":["post-56572","post","type-post","status-publish","format-standard","has-post-thumbnail","hentry","category-sports"],"_links":{"self":[{"href":"https:\/\/dekkbi.com\/index.php?rest_route=\/wp\/v2\/posts\/56572","targetHints":{"allow":["GET"]}}],"collection":[{"href":"https:\/\/dekkbi.com\/index.php?rest_route=\/wp\/v2\/posts"}],"about":[{"href":"https:\/\/dekkbi.com\/index.php?rest_route=\/wp\/v2\/types\/post"}],"author":[{"embeddable":true,"href":"https:\/\/dekkbi.com\/index.php?rest_route=\/wp\/v2\/users\/1"}],"replies":[{"embeddable":true,"href":"https:\/\/dekkbi.com\/index.php?rest_route=%2Fwp%2Fv2%2Fcomments&post=56572"}],"version-history":[{"count":1,"href":"https:\/\/dekkbi.com\/index.php?rest_route=\/wp\/v2\/posts\/56572\/revisions"}],"predecessor-version":[{"id":56574,"href":"https:\/\/dekkbi.com\/index.php?rest_route=\/wp\/v2\/posts\/56572\/revisions\/56574"}],"wp:featuredmedia":[{"embeddable":true,"href":"https:\/\/dekkbi.com\/index.php?rest_route=\/wp\/v2\/media\/56573"}],"wp:attachment":[{"href":"https:\/\/dekkbi.com\/index.php?rest_route=%2Fwp%2Fv2%2Fmedia&parent=56572"}],"wp:term":[{"taxonomy":"category","embeddable":true,"href":"https:\/\/dekkbi.com\/index.php?rest_route=%2Fwp%2Fv2%2Fcategories&post=56572"},{"taxonomy":"post_tag","embeddable":true,"href":"https:\/\/dekkbi.com\/index.php?rest_route=%2Fwp%2Fv2%2Ftags&post=56572"}],"curies":[{"name":"wp","href":"https:\/\/api.w.org\/{rel}","templated":true}]}}