{"id":56570,"date":"2025-05-15T09:06:45","date_gmt":"2025-05-15T09:06:45","guid":{"rendered":"https:\/\/dekkbi.com\/?p=56570"},"modified":"2025-05-15T09:06:46","modified_gmt":"2025-05-15T09:06:46","slug":"presidence-de-la-bad-ce-que-propose-le-candidat-amadou-hott","status":"publish","type":"post","link":"https:\/\/dekkbi.com\/?p=56570","title":{"rendered":"Pr\u00e9sidence de la BAD: Ce que propose le candidat Amadou Hott"},"content":{"rendered":"\n<p><a href=\"https:\/\/lesoleil.sn\/wp-content\/uploads\/2025\/05\/Amadou-Hott-BAD-min-1.jpg\"><\/a><strong>Il n\u2019y a pas eu d\u00e9bat \u00e0 Abidjan, mais Amadou Hott ne manque pas d\u2019arguments. Le candidat s\u00e9n\u00e9galais pour la pr\u00e9sidence de la Banque africaine de d\u00e9veloppement (Bad) dispose, pour beaucoup d\u2019observateurs, le meilleur profil et une vision claire.<\/strong><\/p>\n\n\n\n<p>Finalement, il n\u2019y a pas eu d\u00e9bat ! Il \u00e9tait pr\u00e9vu, dans le cadre de l\u2019Africa Ceo Forum qui se tient \u00e0 Abidjan, un d\u00e9bat, le 13 mai, entre les candidats \u00e0 la pr\u00e9sidence de la Banque africaine de d\u00e9veloppement (Bad). Mais, la confrontation verbale tant attendue par les observateurs a \u00e9t\u00e9 annul\u00e9e par les organisateurs \u00e0 cause du d\u00e9sistement des autres candidats. Avant cela, le 24 avril dernier, un d\u00e9bat, organis\u00e9 par \u00ab The Brookings Institution \u00bb en marge des r\u00e9unions de printemps de la Banque mondiale et du Fmi, avait permis aux cinq candidats d\u2019exposer leurs visions et programmes. Tous avaient affich\u00e9 le m\u00eame objectif : acc\u00e9l\u00e9rer la transformation \u00e9conomique de l\u2019Afrique. \u00ab En tant que candidat, ma vision entend soutenir l\u2019Afrique \u00e0 r\u00e9aliser son autonomie et \u00e0 b\u00e2tir plus de r\u00e9silience \u00bb. Amadou Hott s\u2019\u00e9tait notamment engag\u00e9 \u00e0 \u0153uvrer pour renforcer les partenariats avec le secteur priv\u00e9 pour le d\u00e9veloppement des infrastructures cl\u00e9s (\u00e9nergie, sant\u00e9, \u00e9ducation, agriculture). Une autre priorit\u00e9 du candidat s\u00e9n\u00e9galais concerne le d\u00e9veloppement de talents et l\u2019emploi pour les jeunes et les femmes.<\/p>\n\n\n\n<p>Il promet aussi, s\u2019il est \u00e9lu pr\u00e9sident de la Bad, de soutenir les r\u00e9formes pour mobiliser davantage de ressources locales (recettes fiscales, investissements institutionnels). Ancien vice-pr\u00e9sident de la Bad charg\u00e9 de l\u2019\u00c9nergie et du changement climatique, M. Hott revendique un bilan plus qu\u2019honorable en mati\u00e8re de transition \u00e9nerg\u00e9tique, notamment gr\u00e2ce \u00e0 l\u2019apport du secteur priv\u00e9. \u00ab Nous avons augment\u00e9 les op\u00e9rations du secteur priv\u00e9 de 150 % en deux ans. Mon objectif est de g\u00e9n\u00e9raliser cette r\u00e9alisation \u00e0 tous les secteurs de la banque \u00bb, a-t-il expliqu\u00e9. Adapter la Bad aux r\u00e9alit\u00e9s actuelles Le candidat propose aussi, s\u2019il est \u00e9lu, de nommer un vice-pr\u00e9sident de la banque d\u00e9di\u00e9 au secteur priv\u00e9 et \u00e0 l\u2019ensemble de l\u2019\u00e9cosyst\u00e8me. Ce, \u00ab afin de nous assurer que nous sommes plus sensibles au secteur priv\u00e9, que nous mobilisons davantage de ressources et que nous travaillons avec davantage de personnes \u00bb, a-t-il avanc\u00e9. Amadou Hott, qui a \u00e9t\u00e9 le premier directeur g\u00e9n\u00e9ral du Fonds souverain d\u2019investissements strat\u00e9giques du S\u00e9n\u00e9gal (Fonsis), connait l\u2019importance de l\u2019effet de levier. \u00ab Lorsque je travaillais au Fonsis, nous avons cr\u00e9\u00e9 une institution \u00e0 partir de rien, avec un ratio de levier de 1 \u00e0 20 ou 1 \u00e0 30 \u00bb, a-t-il r\u00e9v\u00e9l\u00e9.<\/p>\n\n\n\n<p>Un objectif qu\u2019il pense pouvoir atteindre avec la Bad. \u00ab En tant que pr\u00e9sident de la Banque africaine de d\u00e9veloppement, je travaillerai avec mon \u00e9quipe, le Conseil d\u2019administration et tout le monde, pour nous assurer que nous maximisons le facteur de levier de tout dollar ou tout euro que nous recevons dans la banque \u00bb, a-t-il d\u00e9clar\u00e9. S\u2019il n\u2019entend pas remettre en cause la strat\u00e9gie d\u00e9cennale de la Bad (2024-2033), lanc\u00e9e l\u2019ann\u00e9e derni\u00e8re, \u00e0 Nairobi, Amadou Hott compte, s\u2019il est \u00e9lu, \u00ab l\u2019adapter aux r\u00e9alit\u00e9s actuelles \u00bb. \u00ab Les besoins de l\u2019Afrique \u00e9voluent et notre approche doit suivre le rythme. Mon approche consiste \u00e0 adapter et \u00e0 acc\u00e9l\u00e9rer la strat\u00e9gie d\u00e9cennale de la Bad en r\u00e9ponse aux r\u00e9alit\u00e9s g\u00e9opolitiques et \u00e9conomiques complexes d\u2019aujourd\u2019hui et non \u00e0 la r\u00e9inventer \u00bb, a-t-il indiqu\u00e9. Il veut ainsi moderniser la Banque pour gagner en rapidit\u00e9, en efficacit\u00e9 et en impact.<\/p>\n\n\n\n<p>Cela, en simplifiant les processus, en int\u00e9grant des outils num\u00e9riques et en renfor\u00e7ant les capacit\u00e9s des bureaux pays. M. Hott ambitionne \u00e9galement d\u2019accro\u00eetre la capacit\u00e9 financi\u00e8re tout en maintenant la notation AAA. Pour ce faire, il compte mobiliser des instruments innovants : capital hybride, garanties, finance mixte, plateformes de cofinancement et r\u00e9affectation des Droits de tirage sp\u00e9ciaux (Dts) du Fmi. Pour booster le secteur priv\u00e9, il promet de cr\u00e9er une vice-pr\u00e9sidence d\u00e9di\u00e9e qui collaborera avec des partenaires strat\u00e9giques pour structurer des projets bancables, notamment au profit des femmes, des jeunes et des entrepreneurs. \u00ab Nous devons nous assurer que nous fournissons des outils aux banques, que nous modernisons leurs processus et que nous les digitalisons, que nous ajoutons de la valeur \u00e0 l\u2019argent et r\u00e9duisons les d\u00e9lais de livraison. Aussi, nous accro\u00eetrons consid\u00e9rablement nos activit\u00e9s dans le secteur priv\u00e9 et notre soutien aux pays pour d\u00e9velopper et pr\u00e9parer davantage de projets finan\u00e7ables dans des secteurs prioritaires \u00bb.<\/p>\n","protected":false},"excerpt":{"rendered":"<p>Il n\u2019y a pas eu d\u00e9bat \u00e0 Abidjan, mais Amadou Hott ne manque pas d\u2019arguments. Le candidat s\u00e9n\u00e9galais pour la<\/p>\n","protected":false},"author":1,"featured_media":56032,"comment_status":"open","ping_status":"open","sticky":false,"template":"","format":"standard","meta":{"footnotes":""},"categories":[3],"tags":[],"class_list":["post-56570","post","type-post","status-publish","format-standard","has-post-thumbnail","hentry","category-event-more-news"],"_links":{"self":[{"href":"https:\/\/dekkbi.com\/index.php?rest_route=\/wp\/v2\/posts\/56570","targetHints":{"allow":["GET"]}}],"collection":[{"href":"https:\/\/dekkbi.com\/index.php?rest_route=\/wp\/v2\/posts"}],"about":[{"href":"https:\/\/dekkbi.com\/index.php?rest_route=\/wp\/v2\/types\/post"}],"author":[{"embeddable":true,"href":"https:\/\/dekkbi.com\/index.php?rest_route=\/wp\/v2\/users\/1"}],"replies":[{"embeddable":true,"href":"https:\/\/dekkbi.com\/index.php?rest_route=%2Fwp%2Fv2%2Fcomments&post=56570"}],"version-history":[{"count":1,"href":"https:\/\/dekkbi.com\/index.php?rest_route=\/wp\/v2\/posts\/56570\/revisions"}],"predecessor-version":[{"id":56571,"href":"https:\/\/dekkbi.com\/index.php?rest_route=\/wp\/v2\/posts\/56570\/revisions\/56571"}],"wp:featuredmedia":[{"embeddable":true,"href":"https:\/\/dekkbi.com\/index.php?rest_route=\/wp\/v2\/media\/56032"}],"wp:attachment":[{"href":"https:\/\/dekkbi.com\/index.php?rest_route=%2Fwp%2Fv2%2Fmedia&parent=56570"}],"wp:term":[{"taxonomy":"category","embeddable":true,"href":"https:\/\/dekkbi.com\/index.php?rest_route=%2Fwp%2Fv2%2Fcategories&post=56570"},{"taxonomy":"post_tag","embeddable":true,"href":"https:\/\/dekkbi.com\/index.php?rest_route=%2Fwp%2Fv2%2Ftags&post=56570"}],"curies":[{"name":"wp","href":"https:\/\/api.w.org\/{rel}","templated":true}]}}