{"id":5657,"date":"2023-01-02T11:10:39","date_gmt":"2023-01-02T11:10:39","guid":{"rendered":"https:\/\/dekkbi.com\/?p=5657"},"modified":"2023-01-02T11:10:41","modified_gmt":"2023-01-02T11:10:41","slug":"les-bresiliens-font-leurs-adieux-au-legendaire-footballeur-pele","status":"publish","type":"post","link":"https:\/\/dekkbi.com\/?p=5657","title":{"rendered":"Les Br\u00e9siliens font leurs adieux au l\u00e9gendaire footballeur Pel\u00e9"},"content":{"rendered":"\n<p><\/p>\n\n\n\n<p><a href=\"https:\/\/www.addthis.com\/bookmark.php?v=300\"><\/a><a href=\"https:\/\/www.addthis.com\/bookmark.php?v=300\"><\/a><a rel=\"noreferrer noopener\" href=\"https:\/\/www.addthis.com\/bookmark.php?v=300\" target=\"_blank\"><\/a><a rel=\"noreferrer noopener\" href=\"https:\/\/www.addthis.com\/bookmark.php?v=300\" target=\"_blank\"><\/a>Les Br\u00e9siliens font leurs adieux lundi au l\u00e9gendaire Pel\u00e9, quatre jours apr\u00e8s sa mort \u00e0 l&rsquo;\u00e2ge de 82 ans, lors d&rsquo;une veill\u00e9e publique de 24 heures au stade de la ville de Santos, o\u00f9 la star du ballon rond a forg\u00e9 une grande partie de sa l\u00e9gende.<\/p>\n\n\n\n<p>Le cercueil du seul joueur de football \u00e0 avoir remport\u00e9 trois Coupes du monde (1958, 1962, 1970) reposera au centre du terrain du Vila Belmiro qui ouvrira ses portes \u00e0 10 heures (13H00 GMT), selon le FC Santos, son club de toujours.<\/p>\n\n\n\n<p><a><\/a><a href=\"https:\/\/information.tv5monde.com\/info\/les-bresiliens-font-leurs-adieux-au-legendaire-footballeur-pele-483671#photo1\"><\/a><a href=\"https:\/\/information.tv5monde.com\/video\/jpg\/d5349f28-4a90-4922-b501-f780f406c89a.jpg\"><\/a><a href=\"https:\/\/information.tv5monde.com\/video\/qt-hi\/d5349f28-4a90-4922-b501-f780f406c89a.640x360.mp4\"><\/a>Trois banderoles g\u00e9antes \u00e9taient visibles dimanche dans les tribunes de l&rsquo;enceinte de 16.000 places: l&rsquo;une montrant Pel\u00e9 de dos avec le maillot \u00ab\u00a010\u00a0\u00bb que l&rsquo;ex-attaquant a immortalis\u00e9, tandis que sur les deux autres on pouvait lire \u00ab\u00a0Vive le roi\u00a0\u00bb et \u00ab\u00a0Pel\u00e9 82 ans\u00a0\u00bb.<\/p>\n\n\n\n<p>L&rsquo;entr\u00e9e du stade sera autoris\u00e9e \u00ab\u00a0sans interruption\u00a0\u00bb jusqu&rsquo;au mardi \u00e0 10H00 locales puis une procession parcourra les rues de Santos, ville situ\u00e9e \u00e0 75 kilom\u00e8tres au sud-est de Sao Paulo, avant l&rsquo;enterrement, r\u00e9serv\u00e9 \u00e0 la famille.<\/p>\n\n\n\n<p>Le cort\u00e8ge passera notamment devant la maison de la m\u00e8re centenaire de l&rsquo;ex-footballeur Dona Celeste, qui \u00ab\u00a0ne sait pas\u00a0\u00bb que son fils est mort, selon Maria Lucia do Nascimento, l&rsquo;une des soeurs du d\u00e9funt. \u00ab\u00a0Elle est dans son monde\u00a0\u00bb, a-t-elle assur\u00e9 vendredi \u00e0 la cha\u00eene ESPN.<\/p>\n\n\n\n<p>&#8211; Affluence attendue &#8211;<\/p>\n\n\n\n<p>La mort du joueur de g\u00e9nie, qui a marqu\u00e9 1.283 buts en 21 ans de carri\u00e8re, la plupart avec son club de Santos, a choqu\u00e9 au-del\u00e0 du Br\u00e9sil et suscit\u00e9 un tsunami de condol\u00e9ances.<\/p>\n\n\n\n<p>Mais sa mort, des suites d&rsquo;un cancer du c\u00f4lon d\u00e9tect\u00e9 en septembre 2021, n&rsquo;a pas provoqu\u00e9 pour l&rsquo;heure de manifestation massive dans le pays: l&rsquo;affluence \u00e0 l&rsquo;h\u00f4pital de Sao Paulo o\u00f9 il s&rsquo;est \u00e9teint entour\u00e9 de sa famille n&rsquo;a pas \u00e9t\u00e9 tr\u00e8s importante, tout comme au stade Vila Belmiro dans les jours qui ont suivi sa mort.<\/p>\n\n\n\n<p>Les raisons possibles? Les vacances de fin d&rsquo;ann\u00e9e quand de nombreux Br\u00e9siliens se rendent dans les stations baln\u00e9aires, le temps qui s&rsquo;est \u00e9coul\u00e9 (presque un demi-si\u00e8cle) depuis que \u00ab\u00a0O Rei\u00a0\u00bb a pris sa retraite et l&rsquo;antipathie qu&rsquo;il suscite chez certains pour son silence sur la dictature militaire (1964-1985) et le racisme.<\/p>\n\n\n\n<p>Luiz Santos, un instituteur de 40 ans, est cependant convaincu que des milliers de personnes diront adieu lundi et mardi \u00e0 Santos \u00e0 \u00ab\u00a0la plus grande idole du Br\u00e9sil\u00a0\u00bb, bien que de son vivant il a suscit\u00e9 moins de ferveur populaire que d&rsquo;autres ic\u00f4nes br\u00e9siliennes comme le pilote de F1 Ayrton Senna.<\/p>\n\n\n\n<p>\u00ab\u00a0Je suis s\u00fbr que beaucoup de gens vont venir \u00e0 la veill\u00e9e fun\u00e8bre, pas seulement des personnes \u00e2g\u00e9es qui l&rsquo;ont vu jouer, mais aussi des jeunes\u00a0\u00bb, dit pour sa part Silvio Neves Souza, \u00e9lectricien de 54 ans en vacances \u00e0 Santos.<\/p>\n\n\n\n<p>&#8211; \u00ab\u00a0Il savait\u00a0\u00bb &#8211;<\/p>\n\n\n\n<p>Des bouquets de fleurs ornaient un buste et une statue de Pel\u00e9 \u00e9rig\u00e9s \u00e0 l&rsquo;ext\u00e9rieur du Vila Belmiro, tandis que des banni\u00e8res \u00e0 son effigie \u00e9taient d\u00e9ploy\u00e9es dans un autre quartier de la ville o\u00f9 se trouve \u00e9galement un monument \u00e0 sa m\u00e9moire. \u00ab\u00a0J&rsquo;ai enchant\u00e9 le monde avec le ballon \u00e0 mes pieds\u00a0\u00bb, pouvait-on lire sur l&rsquo;une d&rsquo;elles.<\/p>\n\n\n\n<p>Dans le reste du pays, des hommages \u00e0 sa m\u00e9moire \u00e9taient \u00e9galement visibles comme sur l&rsquo;un des murs du si\u00e8ge de la Conf\u00e9d\u00e9ration br\u00e9silienne de football (CBF) \u00e0 Rio de Janeiro, o\u00f9 figure une image g\u00e9ante de l&rsquo;ancien num\u00e9ro \u00ab\u00a010\u00a0\u00bb avec le maillot de la \u00ab\u00a0Sele\u00e7ao\u00a0\u00bb et le mot \u00ab\u00a0\u00e9ternel\u00a0\u00bb.<\/p>\n\n\n\n<p>Une minute de silence en son hommage a par ailleurs \u00e9t\u00e9 respect\u00e9e lors de l&rsquo;investiture du pr\u00e9sident Luiz Inacio Lula da Silva, \u00e0 Brasilia.<\/p>\n\n\n\n<p>La s\u00e9curit\u00e9 a \u00e9t\u00e9 renforc\u00e9e \u00e0 l&rsquo;a\u00e9roport de Congonhas de Sao Paulo, en pr\u00e9vision de l&rsquo;arriv\u00e9e de sportifs, hommes politiques et autres personnalit\u00e9s pr\u00e9voyant d&rsquo;assister \u00e0 la veill\u00e9e fun\u00e8bre, selon le journal Folha de S. Paulo.<\/p>\n\n\n\n<p>Edson Arantes do Nascimento, dit Pel\u00e9, a pass\u00e9 un mois \u00e0 l&rsquo;h\u00f4pital Albert Einstein de Sao Paulo jusqu&rsquo;\u00e0 sa mort, le 29 d\u00e9cembre, des suites d&rsquo;une insuffisance r\u00e9nale et cardiaque, d&rsquo;une bronchopneumonie et d&rsquo;un ad\u00e9nocarcinome du c\u00f4lon, selon le certificat de d\u00e9c\u00e8s publi\u00e9 par plusieurs m\u00e9dias locaux.<\/p>\n\n\n\n<p>\u00ab\u00a0Nous \u00e9tions avec lui\u00a0\u00bb le 21 d\u00e9cembre, a assur\u00e9 sa s\u0153ur Maria Lucia. \u00ab\u00a0Il \u00e9tait tr\u00e8s calme, on a parl\u00e9 un peu, mais je sentais d\u00e9j\u00e0 qu&rsquo;il le sentait, il savait d\u00e9j\u00e0 qu&rsquo;il allait partir\u00a0\u00bb, a-t-elle t\u00e9moign\u00e9.<video preload=\"auto\" src=\"https:\/\/information.tv5monde.com\/sites\/info.tv5monde.com\/files\/jwplayerfield\/d5349f28-4a90-4922-b501-f780f406c89a.640x360.mp4\"><\/video>Lire la vid\u00e9o<\/p>\n\n\n\n<p>Par Rodrigo ALMONACID<\/p>\n\n\n\n<p><a href=\"https:\/\/information.tv5monde.com\/auteur\/afp\">AFP<\/a><\/p>\n\n\n\n<p>\u00a9 2023 AFP<\/p>\n\n\n\n<p>Mise \u00e0 jour 02.01.2023 \u00e0 09:00<\/p>\n\n\n\n<h2 class=\"wp-block-heading\">SUR LE M\u00caME TH\u00c8ME<\/h2>\n\n\n\n<ul class=\"wp-block-list\">\n<li><a href=\"https:\/\/information.tv5monde.com\/info\/les-fideles-se-recueillent-devant-le-corps-de-benoit-xvi-saint-pierre-de-rome-483676\">Les fid\u00e8les se recueillent devant le corps de Beno\u00eet XVI \u00e0 Saint-Pierre de Rome<\/a><\/li>\n\n\n\n<li><a href=\"https:\/\/information.tv5monde.com\/info\/deces-de-jacques-sereys-comedien-prolifique-et-ancien-du-francais-483707\">D\u00e9c\u00e8s de Jacques Sereys, com\u00e9dien prolifique et ancien du Fran\u00e7ais<\/a><\/li>\n\n\n\n<li><a href=\"https:\/\/information.tv5monde.com\/info\/l1-l-om-attaque-2023-avec-confiance-et-prudence-483704\">L1: l&rsquo;OM attaque 2023 avec confiance et prudence<\/a><\/li>\n\n\n\n<li><a href=\"https:\/\/information.tv5monde.com\/info\/eli-chanteuse-en-robe-de-mariee-dans-le-metro-parisien-483695\">Eli, chanteuse en robe de mari\u00e9e dans le m\u00e9tro parisien<\/a><\/li>\n\n\n\n<li><a href=\"https:\/\/information.tv5monde.com\/info\/lula-officiellement-investi-president-pour-la-troisieme-fois-483604\">Lula officiellement investi pr\u00e9sident pour la troisi\u00e8me fois<\/a><\/li>\n<\/ul>\n\n\n\n<h2 class=\"wp-block-heading\">EN CE MOMENT<\/h2>\n\n\n\n<ul class=\"wp-block-list\">\n<li><a href=\"https:\/\/information.tv5monde.com\/info\/coupe-du-monde-de-foot-2022-au-qatar\">Coupe du monde 2022<\/a><\/li>\n\n\n\n<li><a href=\"https:\/\/information.tv5monde.com\/info\/ukraine-russie-la-guerre\">Ukraine-Russie : la guerre<\/a><\/li>\n\n\n\n<li><a href=\"https:\/\/information.tv5monde.com\/afrique\/la-russie-et-l-afrique\">La Russie et l&rsquo;Afrique<\/a><\/li>\n\n\n\n<li><a href=\"https:\/\/information.tv5monde.com\/afrique\/crise-politique-en-rdc\">L&rsquo;actualit\u00e9 en RDC<\/a><\/li>\n\n\n\n<li><a href=\"https:\/\/information.tv5monde.com\/info\/decryptage-vrai-dire\">[\u00e0 vrai dire] infos ou intox ?<\/a><\/li>\n<\/ul>\n\n\n\n<h2 class=\"wp-block-heading\">A LA UNE<\/h2>\n\n\n\n<p><a href=\"https:\/\/information.tv5monde.com\/terriennes\/rosangela-da-silva-epouse-de-lula-et-nouvelle-premiere-dame-du-bresil-476842\"><\/a><\/p>\n\n\n\n<figure class=\"wp-block-image\"><a href=\"https:\/\/information.tv5monde.com\/terriennes\/rosangela-da-silva-epouse-de-lula-et-nouvelle-premiere-dame-du-bresil-476842\"><img decoding=\"async\" src=\"https:\/\/information.tv5monde.com\/sites\/info.tv5monde.com\/files\/styles\/thumbnail_article_list\/public\/assets\/images\/Rosangela_Silva.jpg?itok=T7qC0WN_\" alt=\"Rosangela Silva, l&#039;\u00e9pouse du nouveau pr\u00e9sident br\u00e9silien Luiz Inacio &quot;Lula\u00e7&quot; da Silva chante pendant la campagne \u00e9lectorale \u00e0 Rio de Janeiro, le 25 septembre 2022.&amp;nbsp;\" title=\"\u00a9AP Photo\/Bruna Prado\"\/><\/a><\/figure>\n\n\n\n<p><a href=\"https:\/\/information.tv5monde.com\/terriennes\/rosangela-da-silva-epouse-de-lula-et-nouvelle-premiere-dame-du-bresil-476842\">Rosangela da Silva, \u00e9pouse de Lula et nouvelle premi\u00e8re dame du Br\u00e9sil<\/a><\/p>\n\n\n\n<p><a href=\"https:\/\/information.tv5monde.com\/info\/les-bresiliens-font-leurs-adieux-au-legendaire-footballeur-pele-483671\"><\/a><\/p>\n\n\n\n<figure class=\"wp-block-image\"><a href=\"https:\/\/information.tv5monde.com\/info\/les-bresiliens-font-leurs-adieux-au-legendaire-footballeur-pele-483671\"><img decoding=\"async\" src=\"https:\/\/information.tv5monde.com\/sites\/info.tv5monde.com\/files\/styles\/thumbnail_article_list\/public\/f8e92219a2a685974e257e45c1edc6bf0e0a9614.jpg?itok=FREarU91\" alt=\"Un admirateur de Pel\u00e9 rend hommage \u00e0 la l\u00e9gende br\u00e9silienne du football devant une r\u00e9plique de la maison o\u00f9 le footballeur est n\u00e9 \u00e0 Tres Coracoes (Br\u00e9sil), le 30 d\u00e9cembre 2022\" title=\"afp.com - DOUGLAS MAGNO\"\/><\/a><\/figure>\n\n\n\n<p><a href=\"https:\/\/information.tv5monde.com\/info\/les-bresiliens-font-leurs-adieux-au-legendaire-footballeur-pele-483671\">Les Br\u00e9siliens font leurs adieux au l\u00e9gendaire footballeur Pel\u00e9<\/a><\/p>\n\n\n\n<p><a href=\"https:\/\/information.tv5monde.com\/info\/les-fideles-se-recueillent-devant-le-corps-de-benoit-xvi-saint-pierre-de-rome-483676\"><\/a><\/p>\n\n\n\n<figure class=\"wp-block-image\"><a href=\"https:\/\/information.tv5monde.com\/info\/les-fideles-se-recueillent-devant-le-corps-de-benoit-xvi-saint-pierre-de-rome-483676\"><img decoding=\"async\" src=\"https:\/\/information.tv5monde.com\/sites\/info.tv5monde.com\/files\/styles\/thumbnail_article_list\/public\/a42eb228a2d786ab27a6c7a863709157ec24c5b9.jpg?itok=ZyQJGEDc\" alt=\"This photograph shows the body of Pope Emeritus Benedict XVI laying in state at the St. Peter&#039;s basilica in the Vatican, on January 2, 2023. Benedict, a conservative intellectual who in 2013 became the first pontiff in six centuries to resign, died on December 31, 2022, at the age of 95. Thousands of Catholics began paying their respects on January 2, 2023 to former pope Benedict XVI at St Peter&#039;s Basilica at the Vatican, at the start of three days of lying-in-state before his funeral.\" title=\"afp.com - Tiziana FABI\"\/><\/a><\/figure>\n\n\n\n<p><a href=\"https:\/\/information.tv5monde.com\/info\/les-fideles-se-recueillent-devant-le-corps-de-benoit-xvi-saint-pierre-de-rome-483676\">Les fid\u00e8les se recueillent devant le corps de Beno\u00eet XVI \u00e0 Saint-Pierre de Rome<\/a><\/p>\n\n\n\n<p><a href=\"https:\/\/information.tv5monde.com\/info\/bresil-lula-figure-historique-de-la-gauche-de-retour-au-pouvoir-468108\"><\/a><\/p>\n\n\n\n<figure class=\"wp-block-image\"><a href=\"https:\/\/information.tv5monde.com\/info\/bresil-lula-figure-historique-de-la-gauche-de-retour-au-pouvoir-468108\"><img decoding=\"async\" src=\"https:\/\/information.tv5monde.com\/sites\/info.tv5monde.com\/files\/styles\/thumbnail_article_list\/public\/assets\/images\/AP22228007260612.jpg?itok=wpj8CX4S\" alt=\"\u00c0 76 ans, l&#039;ancien pr\u00e9sident br\u00e9silien Lula est en campagne \u00e9lectorale en vue de la pr\u00e9sidentielle pr\u00e9vue au mois d&#039;octobre. Il a rencontr\u00e9 les repr\u00e9sentants des populations indig\u00e8nes lors d&#039;un meeting \u00e0 l&#039;Universit\u00e9 de Sao Paulo. Br\u00e9sil, 15 ao\u00fbt 2022.\" title=\"AP\/Andre Penner\"\/><\/a><\/figure>\n\n\n\n<p><a href=\"https:\/\/information.tv5monde.com\/info\/bresil-lula-figure-historique-de-la-gauche-de-retour-au-pouvoir-468108\">Br\u00e9sil : Lula, figure historique de la gauche, de retour au pouvoir<\/a><\/p>\n\n\n\n<p><a href=\"https:\/\/information.tv5monde.com\/video\/mexique-au-moins-14-morts-dans-l-attaque-d-une-prison-ciudad-juarez\"><\/a><\/p>\n\n\n\n<figure class=\"wp-block-image\"><a href=\"https:\/\/information.tv5monde.com\/video\/mexique-au-moins-14-morts-dans-l-attaque-d-une-prison-ciudad-juarez\"><img decoding=\"async\" src=\"https:\/\/information.tv5monde.com\/sites\/info.tv5monde.com\/files\/styles\/thumbnail_article_list\/public\/jwplayerfield\/Capture_decran_2023-01-02_a_09.50.03.png?itok=LTjyUrz5\" alt=\"\"\/><\/a><\/figure>\n\n\n\n<figure class=\"wp-block-image\"><a href=\"https:\/\/information.tv5monde.com\/video\/mexique-au-moins-14-morts-dans-l-attaque-d-une-prison-ciudad-juarez\"><img decoding=\"async\" src=\"https:\/\/information.tv5monde.com\/sites\/info.tv5monde.com\/themes\/info_theme\/images\/picto_video.png\" alt=\"\"\/><\/a><\/figure>\n\n\n\n<p>1 : 27<\/p>\n\n\n\n<p><a href=\"https:\/\/information.tv5monde.com\/video\/mexique-au-moins-14-morts-dans-l-attaque-d-une-prison-ciudad-juarez\">Mexique: au moins 14 morts dans l&rsquo;attaque d&rsquo;une prison \u00e0 Ciudad Juarez<\/a><\/p>\n\n\n\n<p><a href=\"https:\/\/information.tv5monde.com\/info\/direct-ukraine-nouvelle-attaque-aerienne-sur-kiev-apres-un-nouvel-meurtrier-483681\"><\/a><\/p>\n\n\n\n<figure class=\"wp-block-image\"><a href=\"https:\/\/information.tv5monde.com\/info\/direct-ukraine-nouvelle-attaque-aerienne-sur-kiev-apres-un-nouvel-meurtrier-483681\"><img decoding=\"async\" src=\"https:\/\/information.tv5monde.com\/sites\/info.tv5monde.com\/files\/styles\/thumbnail_article_list\/public\/assets\/images\/AP23001714840717.jpg?itok=ida2WFM6\" alt=\"Zaporijjia, en Ukraine, le 1er janvier 2023.\" title=\"AP Photo\/Andriy Andriyenko.\"\/><\/a><\/figure>\n\n\n\n<p><a href=\"https:\/\/information.tv5monde.com\/info\/direct-ukraine-nouvelle-attaque-aerienne-sur-kiev-apres-un-nouvel-meurtrier-483681\">DIRECT-Ukraine : nouvelle attaque a\u00e9rienne sur Kiev apr\u00e8s un Nouvel An meurtrier<\/a><\/p>\n\n\n\n<h2 class=\"wp-block-heading\">LES JT &#8211; SIDEBAR<\/h2>\n\n\n\n<h2 class=\"wp-block-heading\"><a href=\"https:\/\/information.tv5monde.com\/en-continu\">EN CONTINU<\/a><\/h2>\n\n\n\n<p>10:52<\/p>\n\n\n\n<p><a href=\"https:\/\/information.tv5monde.com\/info\/ukraine-nouvelle-attaque-aerienne-sur-kiev-apres-un-nouvel-meurtrier-483670\">Ukraine : nouvelle attaque a\u00e9rienne sur Kiev apr\u00e8s un Nouvel An meurtrier<\/a><\/p>\n\n\n\n<p>10:20<\/p>\n\n\n\n<p><a href=\"https:\/\/information.tv5monde.com\/info\/les-fideles-se-recueillent-devant-le-corps-de-benoit-xvi-saint-pierre-de-rome-483676\">Les fid\u00e8les se recueillent devant le corps de Beno\u00eet XVI \u00e0 Saint-Pierre de Rome<\/a><\/p>\n\n\n\n<p>09:54<\/p>\n\n\n\n<p><a href=\"https:\/\/information.tv5monde.com\/info\/les-incursions-aeriennes-chinoises-pres-de-taiwan-ont-presque-double-en-2022-483672\">Les incursions a\u00e9riennes chinoises pr\u00e8s de Ta\u00efwan ont presque doubl\u00e9 en 2022<\/a><\/p>\n\n\n\n<p>09:53<\/p>\n\n\n\n<p><a href=\"https:\/\/information.tv5monde.com\/info\/l-etrange-silence-d-al-qaida-sur-le-successeur-du-defunt-zawahiri-483700\">L&rsquo;\u00e9trange silence d&rsquo;Al-Qa\u00efda sur le successeur du d\u00e9funt Zawahiri<\/a><\/p>\n\n\n\n<p><a href=\"https:\/\/information.tv5monde.com\/en-continu\">TOUT LE FIL<\/a><\/p>\n\n\n\n<h2 class=\"wp-block-heading\">SUIVEZ-NOUS<\/h2>\n\n\n\n<ul class=\"wp-block-list\">\n<li><a target=\"_blank\" href=\"https:\/\/www.facebook.com\/tv5mondeinfo\" rel=\"noreferrer noopener\">Facebook<\/a><\/li>\n\n\n\n<li><a target=\"_blank\" href=\"https:\/\/twitter.com\/TV5MONDEINFO\" rel=\"noreferrer noopener\">Twitter<\/a><\/li>\n\n\n\n<li><a target=\"_blank\" href=\"https:\/\/plus.google.com\/+TV5MONDE\/posts\" rel=\"noreferrer noopener\">Google +<\/a><\/li>\n<\/ul>\n\n\n\n<h2 class=\"wp-block-heading\">FOCUS<\/h2>\n\n\n\n<figure class=\"wp-block-image\"><a href=\"https:\/\/information.tv5monde.com\/info\/collection-reportages\"><img decoding=\"async\" src=\"https:\/\/information.tv5monde.com\/sites\/info.tv5monde.com\/files\/styles\/thumbnail_article_list\/public\/collection-reportage_0.jpg?itok=FF5bOjf3\" alt=\"\"\/><\/a><\/figure>\n\n\n\n<h2 class=\"wp-block-heading\"><a href=\"https:\/\/information.tv5monde.com\/info\/collection-reportages\">Collection Reportages<\/a><\/h2>\n\n\n\n<p>[Collection Reportages] met en lumi\u00e8re des histoires, des documents, des portraits ou encore des enqu\u00eates. Ces reportages l\u00e8vent le voile sur les grands enjeux et d\u00e9fis de la plan\u00e8te, tels que l\u2019environnement, les conflits, la lutte contre les discriminations et la pauvret\u00e9.<\/p>\n\n\n\n<p><a href=\"https:\/\/twitter.com\/share?url=http:\/\/information.tv5monde.com\/info\/les-bresiliens-font-leurs-adieux-au-legendaire-footballeur-pele-483671&amp;via=TV5MONDEINFO&amp;text=INFO%0ALes%20Br%C3%A9siliens%20font%20leurs%20adieux%20au%20l%C3%A9gendaire%20footballeur%20Pel%C3%A9%0A%0AUn%20admirateur%20de%20Pel%C3%A9%20rend%20hommage%20%C3%A0%20la%20l%C3%A9gende%20br%C3%A9silienne%20du%20football%20devant%20une%20r%C3%A9plique%20de%20la%20maison%20o%C3%B9%20le%20footballeur%20est%20n%C3%A9%20%C3%A0%20Tres%20Coracoes%20(Br%C3%A9sil)%2C%20le%2030%20d%C3%A9cembre%202022%0Aafp.com%20-%20DOUGLAS%20MAGNO%0A02%20JAN%202023%0A%20Mise%20%C3%A0%20jour%2002.01.2023%20%C3%A0%2009%3A00%20%0APar%20Rodrigo%20ALMONACID%0A%20AFP%20%0A%C2%A9%202023%20AFP%0ALes%20Br%C3%A9siliens%20font%20leurs%20adieux%20lundi%20au%20l%C3%A9gendaire%20Pel%C3%A9%2C%20quatre%20jours%20apr%C3%A8s%20sa%20mort%20%C3%A0%20l%27%C3%A2ge%20de%2082%20ans%2C%20lors%20d%27une%20veill%C3%A9e%20publique%20de%2024%20heures%20au%20stade%20de%20la%20ville%20de%20Santos%2C%20o%C3%B9%20la%20star%20du%20ballon%20rond%20a%20forg%C3%A9%20une%20grande%20partie%20de%20sa%20l%C3%A9gende.%0A%0ALe%20cercueil%20du%20seul%20joueur%20de%20football%20%C3%A0%20avoir%20remport%C3%A9%20trois%20Coupes%20du%20monde%20(1958%2C%201962%2C%201970)%20reposera%20au%20centre%20du%20terrain%20du%20Vila%20Belmiro%20qui%20ouvrira%20ses%20portes%20%C3%A0%2010%20heures%20(13H00%20GMT)%2C%20selon%20le%20FC%20Santos%2C%20son%20club%20de%20toujours.%0A%0ATrois%20banderoles%20g%C3%A9antes%20%C3%A9taient%20visibles%20dimanche%20dans%20les%20tribunes%20de%20l%27enceinte%20de%2016.000%20places%3A%20l%27une%20montrant%20Pel%C3%A9%20de%20dos%20avec%20le%20maillot%20%2210%22%20que%20l%27ex-attaquant%20a%20immortalis%C3%A9%2C%20tandis%20que%20sur%20les%20deux%20autres%20on%20pouvait%20lire%20%22Vive%20le%20roi%22%20et%20%22Pel%C3%A9%2082%20ans%22.%0A%0AL%27entr%C3%A9e%20du%20stade%20sera%20autoris%C3%A9e%20%22sans%20interruption%22%20jusqu%27au%20mardi%20%C3%A0%2010H00%20locales%20puis%20une%20procession%20parcourra%20les%20rues%20de%20Santos%2C%20ville%20situ%C3%A9e%20%C3%A0%2075%20kilom%C3%A8tres%20au%20sud-est%20de%20Sao%20Paulo%2C%20avant%20l%27enterrement%2C%20r%C3%A9serv%C3%A9%20%C3%A0%20la%20famille.%0A%0ALe%20cort%C3%A8ge%20passera%20notamment%20devant%20la%20maison%20de%20la%20m%C3%A8re%20centenaire%20de%20l%27ex-footballeur%20Dona%20Celeste%2C%20qui%20%22ne%20sait%20pas%22%20que%20son%20fils%20est%20mort%2C%20selon%20Maria%20Lucia%20do%20Nascimento%2C%20l%27une%20des%20soeurs%20du%20d%C3%A9funt.%20%22Elle%20est%20dans%20son%20monde%22%2C%20a-t-elle%20assur%C3%A9%20vendredi%20%C3%A0%20la%20cha%C3%AEne%20ESPN.%0A%0A-%20Affluence%20attendue%20-%0A%0ALa%20mort%20du%20joueur%20de%20g%C3%A9nie%2C%20qui%20a%20marqu%C3%A9%201.283%20buts%20en%2021%20ans%20de%20carri%C3%A8re%2C%20la%20plupart%20avec%20son%20club%20de%20Santos%2C%20a%20choqu%C3%A9%20au-del%C3%A0%20du%20Br%C3%A9sil%20et%20suscit%C3%A9%20un%20tsunami%20de%20condol%C3%A9ances.%0A%0AMais%20sa%20mort%2C%20des%20suites%20d%27un%20cancer%20du%20c%C3%B4lon%20d%C3%A9tect%C3%A9%20en%20septembre%202021%2C%20n%27a%20pas%20provoqu%C3%A9%20pour%20l%27heure%20de%20manifestation%20massive%20dans%20le%20pays%3A%20l%27affluence%20%C3%A0%20l%27h%C3%B4pital%20de%20Sao%20Paulo%20o%C3%B9%20il%20s%27est%20%C3%A9teint%20entour%C3%A9%20de%20sa%20famille%20n%27a%20pas%20%C3%A9t%C3%A9%20tr%C3%A8s%20importante%2C%20tout%20comme%20au%20stade%20Vila%20Belmiro%20dans%20les%20jours%20qui%20ont%20suivi%20sa%20mort.%0A%0ALes%20raisons%20possibles%3F%20Les%20vacances%20de%20fin%20d%27ann%C3%A9e%20quand%20de%20nombreux%20Br%C3%A9siliens%20se%20rendent%20dans%20les%20stations%20baln%C3%A9aires%2C%20le%20temps%20qui%20s%27est%20%C3%A9coul%C3%A9%20(presque%20un%20demi-si%C3%A8cle)%20depuis%20que%20%22O%20Rei%22%20a%20pris%20sa%20retraite%20et%20l%27antipathie%20qu%27il%20suscite%20chez%20certains%20pour%20son%20silence%20sur%20la%20dictature%20militaire%20(1964-1985)%20et%20le%20racisme.%0A%0ALuiz%20Santos%2C%20un%20instituteur%20de%2040%20ans%2C%20est%20cependant%20convaincu%20que%20des%20milliers%20de%20personnes%20diront%20adieu%20lundi%20et%20mardi%20%C3%A0%20Santos%20%C3%A0%20%22la%20plus%20grande%20idole%20du%20Br%C3%A9sil%22%2C%20bien%20que%20de%20son%20vivant%20il%20a%20suscit%C3%A9%20moins%20de%20ferveur%20populaire%20que%20d%27autres%20ic%C3%B4nes%20br%C3%A9siliennes%20comme%20le%20pilote%20de%20F1%20Ayrton%20Senna.%0A%0A%22Je%20suis%20s%C3%BBr%20que%20beaucoup%20de%20gens%20vont%20venir%20%C3%A0%20la%20veill%C3%A9e%20fun%C3%A8bre%2C%20pas%20seulement%20des%20personnes%20%C3%A2g%C3%A9es%20qui%20l%27ont%20vu%20jouer%2C%20mais%20aussi%20des%20jeunes%22%2C%20dit%20pour%20sa%20part%20Silvio%20Neves%20Souza%2C%20%C3%A9lectricien%20de%2054%20ans%20en%20vacances%20%C3%A0%20Santos.%0A%0A-%20%22Il%20savait%22%20-%0A%0ADes%20bouquets%20de%20fleurs%20ornaient%20un%20buste%20et%20une%20statue%20de%20Pel%C3%A9%20%C3%A9rig%C3%A9s%20%C3%A0%20l%27ext%C3%A9rieur%20du%20Vila%20Belmiro%2C%20tandis%20que%20des%20banni%C3%A8res%20%C3%A0%20son%20effigie%20%C3%A9taient%20d%C3%A9ploy%C3%A9es%20dans%20un%20autre%20quartier%20de%20la%20ville%20o%C3%B9%20se%20trouve%20%C3%A9galement%20un%20monument%20%C3%A0%20sa%20m%C3%A9moire.%20%22J%27ai%20enchant%C3%A9%20le%20monde%20avec%20le%20ballon%20%C3%A0%20mes%20pieds%22%2C%20pouvait-on%20lire%20sur%20l%27une%20d%27elles.%0A%0ADans%20le%20reste%20du%20pays%2C%20des%20hommages%20%C3%A0%20sa%20m%C3%A9moire%20%C3%A9taient%20%C3%A9galement%20visibles%20comme%20sur%20l%27un%20des%20murs%20du%20si%C3%A8ge%20de%20la%20Conf%C3%A9d%C3%A9ration%20br%C3%A9silienne%20de%20football%20(CBF)%20%C3%A0%20Rio%20de%20Janeiro%2C%20o%C3%B9%20figure%20une%20image%20g%C3%A9ante%20de%20l%27ancien%20num%C3%A9ro%20%2210%22%20avec%20le%20maillot%20de%20la%20%22Sele%C3%A7ao%22%20et%20le%20mot%20%22%C3%A9ternel%22.%0A%0AUne%20minute%20de%20silence%20en%20son%20hommage%20a%20par%20ailleurs%20%C3%A9t%C3%A9%20respect%C3%A9e%20lors%20de%20l%27investiture%20du%20pr%C3%A9sident%20Luiz%20Inacio%20Lula%20da%20Silva%2C%20%C3%A0%20Brasilia.%0A%0ALa%20s%C3%A9curit%C3%A9%20a%20%C3%A9t%C3%A9%20renforc%C3%A9e%20%C3%A0%20l%27a%C3%A9roport%20de%20Congonhas%20de%20Sao%20Paulo%2C%20en%20pr%C3%A9vision%20de%20l%27arriv%C3%A9e%20de%20sportifs%2C%20hommes%20politiques%20et%20autres%20personnalit%C3%A9s%20pr%C3%A9voyant%20d%27assister%20%C3%A0%20la%20veill%C3%A9e%20fun%C3%A8bre%2C%20selon%20le%20journal%20Folha%20de%20S.%20Paulo.%0A%0AEdson%20Arantes%20do%20Nascimento%2C%20dit%20Pel%C3%A9%2C%20a%20pass%C3%A9%20un%20mois%20%C3%A0%20l%27h%C3%B4pital%20Albert%20Einstein%20de%20Sao%20Paulo%20jusqu%27%C3%A0%20sa%20mort%2C%20le%2029%20d%C3%A9cembre%2C%20des%20suites%20d%27une%20insuffisance%20r%C3%A9nale%20et%20cardiaque%2C%20d%27une%20bronchopneumonie%20et%20d%27un%20ad%C3%A9nocarcinome%20du%20c%C3%B4lon%2C%20selon%20le%20certificat%20de%20d%C3%A9c%C3%A8s%20publi%C3%A9%20par%20plusieurs%20m%C3%A9dias%20locaux.%0A%0A%22Nous%20%C3%A9tions%20avec%20lui%22%20le%2021%20d%C3%A9cembre%2C%20a%20assur%C3%A9%20sa%20s%C5%93ur%20Maria%20Lucia.%20%22Il%20%C3%A9tait%20tr%C3%A8s%20calme%2C%20on%20a%20parl%C3%A9%20un%20peu%2C%20mais%20je%20sentais%20d%C3%A9j%C3%A0%20qu%27il%20le%20sentait%2C%20il%20savait%20d%C3%A9j%C3%A0%20qu%27il%20allait%20partir%22%2C%20a-t-elle%20t%C3%A9moign%C3%A9.%0A%0A\">share<\/a><\/p>\n\n\n\n<p><a href=\"https:\/\/information.tv5monde.com\/plan-du-site\">PLAN DU SITE<\/a>&nbsp;<a href=\"https:\/\/information.tv5monde.com\/hubs\/info\">ARCHIVES INFO :<\/a>&nbsp;<a href=\"https:\/\/information.tv5monde.com\/archives-articles\/2021\">2021<\/a>&nbsp;<a href=\"https:\/\/information.tv5monde.com\/archives-articles\/2020\">2020<\/a>&nbsp;<a href=\"https:\/\/information.tv5monde.com\/archives-articles\/2019\">2019<\/a>&nbsp;<a href=\"https:\/\/information.tv5monde.com\/archives-articles\/2018\">2018<\/a>&nbsp;<a href=\"https:\/\/information.tv5monde.com\/archives-articles\/2017\">2017<\/a>&nbsp;<a href=\"https:\/\/information.tv5monde.com\/archives-articles\/2016\">2016<\/a>&nbsp;<a href=\"https:\/\/information.tv5monde.com\/archives-articles\/2015\">2015<\/a>&nbsp;<a href=\"https:\/\/information.tv5monde.com\/archives-articles\/2014\">2014<\/a>&nbsp;<a href=\"https:\/\/information.tv5monde.com\/archives-articles\/2013\">2013<\/a>&nbsp;<a href=\"https:\/\/information.tv5monde.com\/archives-articles\/2012\">2012<\/a>&nbsp;<a href=\"https:\/\/information.tv5monde.com\/archives-articles\/2011\">2011<\/a>&nbsp;<a href=\"https:\/\/information.tv5monde.com\/archives-articles\/2010\">2010<\/a>&nbsp;<a href=\"https:\/\/information.tv5monde.com\/archives-articles\/2009\">2009<\/a><\/p>\n\n\n\n<ul class=\"wp-block-list\">\n<li><a href=\"https:\/\/twitter.com\/TV5MONDE\" target=\"_blank\" rel=\"noreferrer noopener\"><\/a><\/li>\n\n\n\n<li><a href=\"https:\/\/www.facebook.com\/tv5mondeofficiel\" target=\"_blank\" rel=\"noreferrer noopener\"><\/a><\/li>\n\n\n\n<li><a href=\"https:\/\/www.youtube.com\/user\/tv5monde\" target=\"_blank\" rel=\"noreferrer noopener\"><\/a><\/li>\n\n\n\n<li><a href=\"https:\/\/www.instagram.com\/tv5monde\/\" target=\"_blank\" rel=\"noreferrer noopener\"><\/a><\/li>\n<\/ul>\n\n\n\n<ul class=\"wp-block-list\">\n<li><a href=\"https:\/\/www.tv5monde.com\/la-chaine\/a-propos\">A propos<\/a><\/li>\n\n\n\n<li><a href=\"https:\/\/www.tv5monde.com\/la-chaine\/contact\">Contact<\/a><\/li>\n\n\n\n<li><a href=\"https:\/\/www.tv5monde.com\/la-chaine\/mentions-legales\">Mentions l\u00e9gales<\/a><\/li>\n\n\n\n<li><a href=\"https:\/\/www.tv5monde.com\/la-chaine\/conditions-generales-d-utilisation\">CGU<\/a><\/li>\n\n\n\n<li><a href=\"https:\/\/www.tv5monde.com\/la-chaine\/charte-de-confidentialite\">Confidentialit\u00e9<\/a><\/li>\n\n\n\n<li><a href=\"https:\/\/www.tv5monde.com\/la-chaine\/charte-des-cookies\">Cookies<\/a><\/li>\n\n\n\n<li><a href=\"https:\/\/presse.tv5monde.com\/\">Presse<\/a><\/li>\n\n\n\n<li><a href=\"https:\/\/www.tv5monde.com\/emplois\">Offres d&#8217;emplois<\/a><\/li>\n<\/ul>\n\n\n\n<p><a href=\"http:\/\/www.tv5monde.com\/reception\/76\/FRANCE\" target=\"_blank\" rel=\"noreferrer noopener\">Recevoir TV5MONDE<\/a><\/p>\n\n\n\n<p>https:\/\/s7.addthis.com\/static\/sh.f48a1a04fe8dbf021b4cda1d.html#rand=0.6014858339877243&#038;iit=1672657514388&#038;tmr=load%3D1672657513816%26core%3D1672657513982%26main%3D1672657514366%26ifr%3D1672657514407&#038;cb=0&#038;cdn=0&#038;md=0&#038;kw=Br%C3%A9sil%2Cfoot%2Csport%2Cd%C3%A9c%C3%A8s%2Cc%C3%A9l%C3%A9brit%C3%A9s&#038;ab=-&#038;dh=information.tv5monde.com&#038;dr=https%3A%2F%2Finformation.tv5monde.com%2F&#038;du=https%3A%2F%2Finformation.tv5monde.com%2Finfo%2Fles-bresiliens-font-leurs-adieux-au-legendaire-footballeur-pele-483671&#038;href=https%3A%2F%2Finformation.tv5monde.com%2Finfo%2Fles-bresiliens-font-leurs-adieux-au-legendaire-footballeur-pele-483671&#038;dt=Les%20Br%C3%A9siliens%20font%20leurs%20adieux%20au%20l%C3%A9gendaire%20footballeur%20Pel%C3%A9&#038;dbg=0&#038;cap=tc%3D0%26ab%3D0&#038;inst=1&#038;jsl=1&#038;prod=undefined&#038;lng=fr&#038;ogt=image%2Cupdated_time%2Cdescription%2Curl%2Ctitle%2Ctype%3Darticle%2Csite_name&#038;pc=men&#038;pub=ra-54c0e3b231d1ca0a&#038;ssl=1&#038;sid=63b2ba693eb80f4f&#038;srf=0.01&#038;ver=300&#038;xck=0&#038;xtr=0&#038;og=site_name%3DTV5MONDE%26type%3Darticle%26title%3DLes%2520Br%25C3%25A9siliens%2520font%2520leurs%2520adieux%2520au%2520l%25C3%25A9gendaire%2520footballeur%2520Pel%25C3%25A9%26url%3Dhttps%253A%252F%252Finformation.tv5monde.com%252Finfo%252Fles-bresiliens-font-leurs-adieux-au-legendaire-footballeur-pele-483671%26description%3DLes%2520Br%25C3%25A9siliens%2520font%2520leurs%2520adieux%2520lundi%2520au%2520l%25C3%25A9gendaire%2520Pel%25C3%25A9%252C%2520quatre%2520jours%2520apr%25C3%25A8s%2520sa%2520mort%2520%25C3%25A0%2520l&rsquo;%25C3%25A2ge%2520de%252082%2520ans%252C%2520lors%2520d&rsquo;une%2520veill%25C3%25A9e%2520publique%2520de%252024%2520heures%2520au%2520stade%2520de%2520la%2520ville%2520de%2520Santos%252C%2520o%25C3%25B9%2520la%2520star%2520du%2520ballon%2520rond%2520a%2520forg%25C3%25A9%2520une%2520grande%2520partie%2520de%2520sa%2520l%25C3%25A9gende.Le&#8230;%26updated_time%3D2023-01-02T09%253A00%253A01%252B01%253A00%26image%3Dhttps%253A%252F%252Finformation.tv5monde.com%252Fsites%252Finfo.tv5monde.com%252Ffiles%252Ff8e92219a2a685974e257e45c1edc6bf0e0a9614.jpg&#038;csi=undefined&#038;rev=v8.28.8-wp&#038;ct=0&#038;xld=1&#038;xd=1<\/p>\n\n\n\n<h1 class=\"wp-block-heading\">Les Br\u00e9siliens font leurs adieux au l\u00e9gendaire footballeur Pel\u00e9<\/h1>\n\n\n\n<figure class=\"wp-block-image\"><img decoding=\"async\" src=\"https:\/\/information.tv5monde.com\/sites\/info.tv5monde.com\/files\/styles\/large\/public\/f8e92219a2a685974e257e45c1edc6bf0e0a9614.jpg?itok=CJMzFmBM\" alt=\"Un admirateur de Pel\u00e9 rend hommage \u00e0 la l\u00e9gende br\u00e9silienne du football devant une r\u00e9plique de la maison o\u00f9 le footballeur est n\u00e9 \u00e0 Tres Coracoes (Br\u00e9sil), le 30 d\u00e9cembre 2022\" title=\"afp.com - DOUGLAS MAGNO\"\/><\/figure>\n\n\n\n<p>Un admirateur de Pel\u00e9 rend hommage \u00e0 la l\u00e9gende br\u00e9silienne du football devant une r\u00e9plique de la maison o\u00f9 le footballeur est n\u00e9 \u00e0 Tres Coracoes (Br\u00e9sil), le 30 d\u00e9cembre 2022<\/p>\n\n\n\n<p>afp.com &#8211; DOUGLAS MAGNO<\/p>\n\n\n\n<ul class=\"wp-block-list\">\n<li><\/li>\n\n\n\n<li><\/li>\n\n\n\n<li><\/li>\n\n\n\n<li><\/li>\n\n\n\n<li><\/li>\n\n\n\n<li><\/li>\n\n\n\n<li><\/li>\n\n\n\n<li><\/li>\n<\/ul>\n\n\n\n<p>02 JAN 2023<\/p>\n\n\n\n<p>Mise \u00e0 jour 02.01.2023 \u00e0 09:00<\/p>\n\n\n\n<p>Par Rodrigo ALMONACID<\/p>\n\n\n\n<p>&nbsp;<a href=\"https:\/\/information.tv5monde.com\/auteur\/afp\">AFP<\/a>&nbsp;<\/p>\n\n\n\n<p>\u00a9 2023 AFP<\/p>\n\n\n\n<p><a href=\"https:\/\/www.addthis.com\/bookmark.php?v=300\"><\/a><a href=\"https:\/\/www.addthis.com\/bookmark.php?v=300\"><\/a><a href=\"https:\/\/www.addthis.com\/bookmark.php?v=300\" rel=\"noreferrer noopener\" target=\"_blank\"><\/a><a href=\"https:\/\/www.addthis.com\/bookmark.php?v=300\" rel=\"noreferrer noopener\" target=\"_blank\"><\/a><\/p>\n\n\n\n<p>Les Br\u00e9siliens font leurs adieux lundi au l\u00e9gendaire Pel\u00e9, quatre jours apr\u00e8s sa mort \u00e0 l&rsquo;\u00e2ge de 82 ans, lors d&rsquo;une veill\u00e9e publique de 24 heures au stade de la ville de Santos, o\u00f9 la star du ballon rond a forg\u00e9 une grande partie de sa l\u00e9gende.<\/p>\n\n\n\n<p>Le cercueil du seul joueur de football \u00e0 avoir remport\u00e9 trois Coupes du monde (1958, 1962, 1970) reposera au centre du terrain du Vila Belmiro qui ouvrira ses portes \u00e0 10 heures (13H00 GMT), selon le FC Santos, son club de toujours.<\/p>\n\n\n\n<p><a><\/a><a href=\"https:\/\/information.tv5monde.com\/info\/les-bresiliens-font-leurs-adieux-au-legendaire-footballeur-pele-483671#photo1\"><\/a><a href=\"https:\/\/information.tv5monde.com\/video\/jpg\/d5349f28-4a90-4922-b501-f780f406c89a.jpg\"><\/a><a href=\"https:\/\/information.tv5monde.com\/video\/qt-hi\/d5349f28-4a90-4922-b501-f780f406c89a.640x360.mp4\"><\/a>Trois banderoles g\u00e9antes \u00e9taient visibles dimanche dans les tribunes de l&rsquo;enceinte de 16.000 places: l&rsquo;une montrant Pel\u00e9 de dos avec le maillot \u00ab\u00a010\u00a0\u00bb que l&rsquo;ex-attaquant a immortalis\u00e9, tandis que sur les deux autres on pouvait lire \u00ab\u00a0Vive le roi\u00a0\u00bb et \u00ab\u00a0Pel\u00e9 82 ans\u00a0\u00bb.<\/p>\n\n\n\n<p>L&rsquo;entr\u00e9e du stade sera autoris\u00e9e \u00ab\u00a0sans interruption\u00a0\u00bb jusqu&rsquo;au mardi \u00e0 10H00 locales puis une procession parcourra les rues de Santos, ville situ\u00e9e \u00e0 75 kilom\u00e8tres au sud-est de Sao Paulo, avant l&rsquo;enterrement, r\u00e9serv\u00e9 \u00e0 la famille.<\/p>\n\n\n\n<p>Le cort\u00e8ge passera notamment devant la maison de la m\u00e8re centenaire de l&rsquo;ex-footballeur Dona Celeste, qui \u00ab\u00a0ne sait pas\u00a0\u00bb que son fils est mort, selon Maria Lucia do Nascimento, l&rsquo;une des soeurs du d\u00e9funt. \u00ab\u00a0Elle est dans son monde\u00a0\u00bb, a-t-elle assur\u00e9 vendredi \u00e0 la cha\u00eene ESPN.<\/p>\n\n\n\n<p>&#8211; Affluence attendue &#8211;<\/p>\n\n\n\n<p>La mort du joueur de g\u00e9nie, qui a marqu\u00e9 1.283 buts en 21 ans de carri\u00e8re, la plupart avec son club de Santos, a choqu\u00e9 au-del\u00e0 du Br\u00e9sil et suscit\u00e9 un tsunami de condol\u00e9ances.<\/p>\n\n\n\n<p>Mais sa mort, des suites d&rsquo;un cancer du c\u00f4lon d\u00e9tect\u00e9 en septembre 2021, n&rsquo;a pas provoqu\u00e9 pour l&rsquo;heure de manifestation massive dans le pays: l&rsquo;affluence \u00e0 l&rsquo;h\u00f4pital de Sao Paulo o\u00f9 il s&rsquo;est \u00e9teint entour\u00e9 de sa famille n&rsquo;a pas \u00e9t\u00e9 tr\u00e8s importante, tout comme au stade Vila Belmiro dans les jours qui ont suivi sa mort.<\/p>\n\n\n\n<p>Les raisons possibles? Les vacances de fin d&rsquo;ann\u00e9e quand de nombreux Br\u00e9siliens se rendent dans les stations baln\u00e9aires, le temps qui s&rsquo;est \u00e9coul\u00e9 (presque un demi-si\u00e8cle) depuis que \u00ab\u00a0O Rei\u00a0\u00bb a pris sa retraite et l&rsquo;antipathie qu&rsquo;il suscite chez certains pour son silence sur la dictature militaire (1964-1985) et le racisme.<\/p>\n\n\n\n<p>Luiz Santos, un instituteur de 40 ans, est cependant convaincu que des milliers de personnes diront adieu lundi et mardi \u00e0 Santos \u00e0 \u00ab\u00a0la plus grande idole du Br\u00e9sil\u00a0\u00bb, bien que de son vivant il a suscit\u00e9 moins de ferveur populaire que d&rsquo;autres ic\u00f4nes br\u00e9siliennes comme le pilote de F1 Ayrton Senna.<\/p>\n\n\n\n<p>\u00ab\u00a0Je suis s\u00fbr que beaucoup de gens vont venir \u00e0 la veill\u00e9e fun\u00e8bre, pas seulement des personnes \u00e2g\u00e9es qui l&rsquo;ont vu jouer, mais aussi des jeunes\u00a0\u00bb, dit pour sa part Silvio Neves Souza, \u00e9lectricien de 54 ans en vacances \u00e0 Santos.<\/p>\n\n\n\n<p>&#8211; \u00ab\u00a0Il savait\u00a0\u00bb &#8211;<\/p>\n\n\n\n<p>Des bouquets de fleurs ornaient un buste et une statue de Pel\u00e9 \u00e9rig\u00e9s \u00e0 l&rsquo;ext\u00e9rieur du Vila Belmiro, tandis que des banni\u00e8res \u00e0 son effigie \u00e9taient d\u00e9ploy\u00e9es dans un autre quartier de la ville o\u00f9 se trouve \u00e9galement un monument \u00e0 sa m\u00e9moire. \u00ab\u00a0J&rsquo;ai enchant\u00e9 le monde avec le ballon \u00e0 mes pieds\u00a0\u00bb, pouvait-on lire sur l&rsquo;une d&rsquo;elles.<\/p>\n\n\n\n<p>Dans le reste du pays, des hommages \u00e0 sa m\u00e9moire \u00e9taient \u00e9galement visibles comme sur l&rsquo;un des murs du si\u00e8ge de la Conf\u00e9d\u00e9ration br\u00e9silienne de football (CBF) \u00e0 Rio de Janeiro, o\u00f9 figure une image g\u00e9ante de l&rsquo;ancien num\u00e9ro \u00ab\u00a010\u00a0\u00bb avec le maillot de la \u00ab\u00a0Sele\u00e7ao\u00a0\u00bb et le mot \u00ab\u00a0\u00e9ternel\u00a0\u00bb.<\/p>\n\n\n\n<p>Une minute de silence en son hommage a par ailleurs \u00e9t\u00e9 respect\u00e9e lors de l&rsquo;investiture du pr\u00e9sident Luiz Inacio Lula da Silva, \u00e0 Brasilia.<\/p>\n\n\n\n<p>La s\u00e9curit\u00e9 a \u00e9t\u00e9 renforc\u00e9e \u00e0 l&rsquo;a\u00e9roport de Congonhas de Sao Paulo, en pr\u00e9vision de l&rsquo;arriv\u00e9e de sportifs, hommes politiques et autres personnalit\u00e9s pr\u00e9voyant d&rsquo;assister \u00e0 la veill\u00e9e fun\u00e8bre, selon le journal Folha de S. Paulo.<\/p>\n\n\n\n<p>Edson Arantes do Nascimento, dit Pel\u00e9, a pass\u00e9 un mois \u00e0 l&rsquo;h\u00f4pital Albert Einstein de Sao Paulo jusqu&rsquo;\u00e0 sa mort, le 29 d\u00e9cembre, des suites d&rsquo;une insuffisance r\u00e9nale et cardiaque, d&rsquo;une bronchopneumonie et d&rsquo;un ad\u00e9nocarcinome du c\u00f4lon, selon le certificat de d\u00e9c\u00e8s publi\u00e9 par plusieurs m\u00e9dias locaux.<\/p>\n\n\n\n<p>\u00ab\u00a0Nous \u00e9tions avec lui\u00a0\u00bb le 21 d\u00e9cembre, a assur\u00e9 sa s\u0153ur Maria Lucia. \u00ab\u00a0Il \u00e9tait tr\u00e8s calme, on a parl\u00e9 un peu, mais je sentais d\u00e9j\u00e0 qu&rsquo;il le sentait, il savait d\u00e9j\u00e0 qu&rsquo;il allait partir\u00a0\u00bb, a-t-elle t\u00e9moign\u00e9.<video preload=\"auto\" src=\"https:\/\/information.tv5monde.com\/sites\/info.tv5monde.com\/files\/jwplayerfield\/d5349f28-4a90-4922-b501-f780f406c89a.640x360.mp4\"><\/video>Lire la vid\u00e9o<\/p>\n\n\n\n<p>Par Rodrigo ALMONACID<\/p>\n\n\n\n<p><a href=\"https:\/\/information.tv5monde.com\/auteur\/afp\">AFP<\/a><\/p>\n\n\n\n<p>\u00a9 2023 AFP<\/p>\n\n\n\n<p>Mise \u00e0 jour 02.01.2023 \u00e0 09:00<\/p>\n\n\n\n<h2 class=\"wp-block-heading\">SUR LE M\u00caME TH\u00c8ME<\/h2>\n\n\n\n<ul class=\"wp-block-list\">\n<li><a href=\"https:\/\/information.tv5monde.com\/info\/les-fideles-se-recueillent-devant-le-corps-de-benoit-xvi-saint-pierre-de-rome-483676\">Les fid\u00e8les se recueillent devant le corps de Beno\u00eet XVI \u00e0 Saint-Pierre de Rome<\/a><\/li>\n\n\n\n<li><a href=\"https:\/\/information.tv5monde.com\/info\/deces-de-jacques-sereys-comedien-prolifique-et-ancien-du-francais-483707\">D\u00e9c\u00e8s de Jacques Sereys, com\u00e9dien prolifique et ancien du Fran\u00e7ais<\/a><\/li>\n\n\n\n<li><a href=\"https:\/\/information.tv5monde.com\/info\/l1-l-om-attaque-2023-avec-confiance-et-prudence-483704\">L1: l&rsquo;OM attaque 2023 avec confiance et prudence<\/a><\/li>\n\n\n\n<li><a href=\"https:\/\/information.tv5monde.com\/info\/eli-chanteuse-en-robe-de-mariee-dans-le-metro-parisien-483695\">Eli, chanteuse en robe de mari\u00e9e dans le m\u00e9tro parisien<\/a><\/li>\n\n\n\n<li><a href=\"https:\/\/information.tv5monde.com\/info\/lula-officiellement-investi-president-pour-la-troisieme-fois-483604\">Lula officiellement investi pr\u00e9sident pour la troisi\u00e8me fois<\/a><\/li>\n<\/ul>\n\n\n\n<h2 class=\"wp-block-heading\">EN CE MOMENT<\/h2>\n\n\n\n<ul class=\"wp-block-list\">\n<li><a href=\"https:\/\/information.tv5monde.com\/info\/coupe-du-monde-de-foot-2022-au-qatar\">Coupe du monde 2022<\/a><\/li>\n\n\n\n<li><a href=\"https:\/\/information.tv5monde.com\/info\/ukraine-russie-la-guerre\">Ukraine-Russie : la guerre<\/a><\/li>\n\n\n\n<li><a href=\"https:\/\/information.tv5monde.com\/afrique\/la-russie-et-l-afrique\">La Russie et l&rsquo;Afrique<\/a><\/li>\n\n\n\n<li><a href=\"https:\/\/information.tv5monde.com\/afrique\/crise-politique-en-rdc\">L&rsquo;actualit\u00e9 en RDC<\/a><\/li>\n\n\n\n<li><a href=\"https:\/\/information.tv5monde.com\/info\/decryptage-vrai-dire\">[\u00e0 vrai dire] infos ou intox ?<\/a><\/li>\n<\/ul>\n\n\n\n<h2 class=\"wp-block-heading\">A LA UNE<\/h2>\n\n\n\n<p><a href=\"https:\/\/information.tv5monde.com\/terriennes\/rosangela-da-silva-epouse-de-lula-et-nouvelle-premiere-dame-du-bresil-476842\"><\/a><\/p>\n\n\n\n<figure class=\"wp-block-image\"><a href=\"https:\/\/information.tv5monde.com\/terriennes\/rosangela-da-silva-epouse-de-lula-et-nouvelle-premiere-dame-du-bresil-476842\"><img decoding=\"async\" src=\"https:\/\/information.tv5monde.com\/sites\/info.tv5monde.com\/files\/styles\/thumbnail_article_list\/public\/assets\/images\/Rosangela_Silva.jpg?itok=T7qC0WN_\" alt=\"Rosangela Silva, l&#039;\u00e9pouse du nouveau pr\u00e9sident br\u00e9silien Luiz Inacio &quot;Lula\u00e7&quot; da Silva chante pendant la campagne \u00e9lectorale \u00e0 Rio de Janeiro, le 25 septembre 2022.&amp;nbsp;\" title=\"\u00a9AP Photo\/Bruna Prado\"\/><\/a><\/figure>\n\n\n\n<p><a href=\"https:\/\/information.tv5monde.com\/terriennes\/rosangela-da-silva-epouse-de-lula-et-nouvelle-premiere-dame-du-bresil-476842\">Rosangela da Silva, \u00e9pouse de Lula et nouvelle premi\u00e8re dame du Br\u00e9sil<\/a><\/p>\n\n\n\n<p><a href=\"https:\/\/information.tv5monde.com\/info\/les-bresiliens-font-leurs-adieux-au-legendaire-footballeur-pele-483671\"><\/a><\/p>\n\n\n\n<figure class=\"wp-block-image\"><a href=\"https:\/\/information.tv5monde.com\/info\/les-bresiliens-font-leurs-adieux-au-legendaire-footballeur-pele-483671\"><img decoding=\"async\" src=\"https:\/\/information.tv5monde.com\/sites\/info.tv5monde.com\/files\/styles\/thumbnail_article_list\/public\/f8e92219a2a685974e257e45c1edc6bf0e0a9614.jpg?itok=FREarU91\" alt=\"Un admirateur de Pel\u00e9 rend hommage \u00e0 la l\u00e9gende br\u00e9silienne du football devant une r\u00e9plique de la maison o\u00f9 le footballeur est n\u00e9 \u00e0 Tres Coracoes (Br\u00e9sil), le 30 d\u00e9cembre 2022\" title=\"afp.com - DOUGLAS MAGNO\"\/><\/a><\/figure>\n\n\n\n<p><a href=\"https:\/\/information.tv5monde.com\/info\/les-bresiliens-font-leurs-adieux-au-legendaire-footballeur-pele-483671\">Les Br\u00e9siliens font leurs adieux au l\u00e9gendaire footballeur Pel\u00e9<\/a><\/p>\n\n\n\n<p><a href=\"https:\/\/information.tv5monde.com\/info\/les-fideles-se-recueillent-devant-le-corps-de-benoit-xvi-saint-pierre-de-rome-483676\"><\/a><\/p>\n\n\n\n<figure class=\"wp-block-image\"><a href=\"https:\/\/information.tv5monde.com\/info\/les-fideles-se-recueillent-devant-le-corps-de-benoit-xvi-saint-pierre-de-rome-483676\"><img decoding=\"async\" src=\"https:\/\/information.tv5monde.com\/sites\/info.tv5monde.com\/files\/styles\/thumbnail_article_list\/public\/a42eb228a2d786ab27a6c7a863709157ec24c5b9.jpg?itok=ZyQJGEDc\" alt=\"This photograph shows the body of Pope Emeritus Benedict XVI laying in state at the St. Peter&#039;s basilica in the Vatican, on January 2, 2023. Benedict, a conservative intellectual who in 2013 became the first pontiff in six centuries to resign, died on December 31, 2022, at the age of 95. Thousands of Catholics began paying their respects on January 2, 2023 to former pope Benedict XVI at St Peter&#039;s Basilica at the Vatican, at the start of three days of lying-in-state before his funeral.\" title=\"afp.com - Tiziana FABI\"\/><\/a><\/figure>\n\n\n\n<p><a href=\"https:\/\/information.tv5monde.com\/info\/les-fideles-se-recueillent-devant-le-corps-de-benoit-xvi-saint-pierre-de-rome-483676\">Les fid\u00e8les se recueillent devant le corps de Beno\u00eet XVI \u00e0 Saint-Pierre de Rome<\/a><\/p>\n\n\n\n<p><a href=\"https:\/\/information.tv5monde.com\/info\/bresil-lula-figure-historique-de-la-gauche-de-retour-au-pouvoir-468108\"><\/a><\/p>\n\n\n\n<figure class=\"wp-block-image\"><a href=\"https:\/\/information.tv5monde.com\/info\/bresil-lula-figure-historique-de-la-gauche-de-retour-au-pouvoir-468108\"><img decoding=\"async\" src=\"https:\/\/information.tv5monde.com\/sites\/info.tv5monde.com\/files\/styles\/thumbnail_article_list\/public\/assets\/images\/AP22228007260612.jpg?itok=wpj8CX4S\" alt=\"\u00c0 76 ans, l&#039;ancien pr\u00e9sident br\u00e9silien Lula est en campagne \u00e9lectorale en vue de la pr\u00e9sidentielle pr\u00e9vue au mois d&#039;octobre. Il a rencontr\u00e9 les repr\u00e9sentants des populations indig\u00e8nes lors d&#039;un meeting \u00e0 l&#039;Universit\u00e9 de Sao Paulo. Br\u00e9sil, 15 ao\u00fbt 2022.\" title=\"AP\/Andre Penner\"\/><\/a><\/figure>\n\n\n\n<p><a href=\"https:\/\/information.tv5monde.com\/info\/bresil-lula-figure-historique-de-la-gauche-de-retour-au-pouvoir-468108\">Br\u00e9sil : Lula, figure historique de la gauche, de retour au pouvoir<\/a><\/p>\n\n\n\n<p><a href=\"https:\/\/information.tv5monde.com\/video\/mexique-au-moins-14-morts-dans-l-attaque-d-une-prison-ciudad-juarez\"><\/a><\/p>\n\n\n\n<figure class=\"wp-block-image\"><a href=\"https:\/\/information.tv5monde.com\/video\/mexique-au-moins-14-morts-dans-l-attaque-d-une-prison-ciudad-juarez\"><img decoding=\"async\" src=\"https:\/\/information.tv5monde.com\/sites\/info.tv5monde.com\/files\/styles\/thumbnail_article_list\/public\/jwplayerfield\/Capture_decran_2023-01-02_a_09.50.03.png?itok=LTjyUrz5\" alt=\"\"\/><\/a><\/figure>\n\n\n\n<figure class=\"wp-block-image\"><a href=\"https:\/\/information.tv5monde.com\/video\/mexique-au-moins-14-morts-dans-l-attaque-d-une-prison-ciudad-juarez\"><img decoding=\"async\" src=\"https:\/\/information.tv5monde.com\/sites\/info.tv5monde.com\/themes\/info_theme\/images\/picto_video.png\" alt=\"\"\/><\/a><\/figure>\n\n\n\n<p>1 : 27<\/p>\n\n\n\n<p><a href=\"https:\/\/information.tv5monde.com\/video\/mexique-au-moins-14-morts-dans-l-attaque-d-une-prison-ciudad-juarez\">Mexique: au moins 14 morts dans l&rsquo;attaque d&rsquo;une prison \u00e0 Ciudad Juarez<\/a><\/p>\n\n\n\n<p><a href=\"https:\/\/information.tv5monde.com\/info\/direct-ukraine-nouvelle-attaque-aerienne-sur-kiev-apres-un-nouvel-meurtrier-483681\"><\/a><\/p>\n\n\n\n<figure class=\"wp-block-image\"><a href=\"https:\/\/information.tv5monde.com\/info\/direct-ukraine-nouvelle-attaque-aerienne-sur-kiev-apres-un-nouvel-meurtrier-483681\"><img decoding=\"async\" src=\"https:\/\/information.tv5monde.com\/sites\/info.tv5monde.com\/files\/styles\/thumbnail_article_list\/public\/assets\/images\/AP23001714840717.jpg?itok=ida2WFM6\" alt=\"Zaporijjia, en Ukraine, le 1er janvier 2023.\" title=\"AP Photo\/Andriy Andriyenko.\"\/><\/a><\/figure>\n\n\n\n<p><a href=\"https:\/\/information.tv5monde.com\/info\/direct-ukraine-nouvelle-attaque-aerienne-sur-kiev-apres-un-nouvel-meurtrier-483681\">DIRECT-Ukraine : nouvelle attaque a\u00e9rienne sur Kiev apr\u00e8s un Nouvel An meurtrier<\/a><\/p>\n\n\n\n<h2 class=\"wp-block-heading\">LES JT &#8211; SIDEBAR<\/h2>\n\n\n\n<h2 class=\"wp-block-heading\"><a href=\"https:\/\/information.tv5monde.com\/en-continu\">EN CONTINU<\/a><\/h2>\n\n\n\n<p>10:52<\/p>\n\n\n\n<p><a href=\"https:\/\/information.tv5monde.com\/info\/ukraine-nouvelle-attaque-aerienne-sur-kiev-apres-un-nouvel-meurtrier-483670\">Ukraine : nouvelle attaque a\u00e9rienne sur Kiev apr\u00e8s un Nouvel An meurtrier<\/a><\/p>\n\n\n\n<p>10:20<\/p>\n\n\n\n<p><a href=\"https:\/\/information.tv5monde.com\/info\/les-fideles-se-recueillent-devant-le-corps-de-benoit-xvi-saint-pierre-de-rome-483676\">Les fid\u00e8les se recueillent devant le corps de Beno\u00eet XVI \u00e0 Saint-Pierre de Rome<\/a><\/p>\n\n\n\n<p>09:54<\/p>\n\n\n\n<p><a href=\"https:\/\/information.tv5monde.com\/info\/les-incursions-aeriennes-chinoises-pres-de-taiwan-ont-presque-double-en-2022-483672\">Les incursions a\u00e9riennes chinoises pr\u00e8s de Ta\u00efwan ont presque doubl\u00e9 en 2022<\/a><\/p>\n\n\n\n<p>09:53<\/p>\n\n\n\n<p><a href=\"https:\/\/information.tv5monde.com\/info\/l-etrange-silence-d-al-qaida-sur-le-successeur-du-defunt-zawahiri-483700\">L&rsquo;\u00e9trange silence d&rsquo;Al-Qa\u00efda sur le successeur du d\u00e9funt Zawahiri<\/a><\/p>\n\n\n\n<p><a href=\"https:\/\/information.tv5monde.com\/en-continu\">TOUT LE FIL<\/a><\/p>\n\n\n\n<h2 class=\"wp-block-heading\">SUIVEZ-NOUS<\/h2>\n\n\n\n<ul class=\"wp-block-list\">\n<li><a target=\"_blank\" href=\"https:\/\/www.facebook.com\/tv5mondeinfo\" rel=\"noreferrer noopener\">Facebook<\/a><\/li>\n\n\n\n<li><a target=\"_blank\" href=\"https:\/\/twitter.com\/TV5MONDEINFO\" rel=\"noreferrer noopener\">Twitter<\/a><\/li>\n\n\n\n<li><a target=\"_blank\" href=\"https:\/\/plus.google.com\/+TV5MONDE\/posts\" rel=\"noreferrer noopener\">Google +<\/a><\/li>\n<\/ul>\n\n\n\n<h2 class=\"wp-block-heading\">FOCUS<\/h2>\n\n\n\n<figure class=\"wp-block-image\"><a href=\"https:\/\/information.tv5monde.com\/info\/collection-reportages\"><img decoding=\"async\" src=\"https:\/\/information.tv5monde.com\/sites\/info.tv5monde.com\/files\/styles\/thumbnail_article_list\/public\/collection-reportage_0.jpg?itok=FF5bOjf3\" alt=\"\"\/><\/a><\/figure>\n\n\n\n<h2 class=\"wp-block-heading\"><a href=\"https:\/\/information.tv5monde.com\/info\/collection-reportages\">Collection Reportages<\/a><\/h2>\n\n\n\n<p>[Collection Reportages] met en lumi\u00e8re des histoires, des documents, des portraits ou encore des enqu\u00eates. Ces reportages l\u00e8vent le voile sur les grands enjeux et d\u00e9fis de la plan\u00e8te, tels que l\u2019environnement, les conflits, la lutte contre les discriminations et la pauvret\u00e9.<\/p>\n\n\n\n<p><a href=\"https:\/\/twitter.com\/share?url=http:\/\/information.tv5monde.com\/info\/les-bresiliens-font-leurs-adieux-au-legendaire-footballeur-pele-483671&amp;via=TV5MONDEINFO&amp;text=INFO%0ALes%20Br%C3%A9siliens%20font%20leurs%20adieux%20au%20l%C3%A9gendaire%20footballeur%20Pel%C3%A9%0A%0AUn%20admirateur%20de%20Pel%C3%A9%20rend%20hommage%20%C3%A0%20la%20l%C3%A9gende%20br%C3%A9silienne%20du%20football%20devant%20une%20r%C3%A9plique%20de%20la%20maison%20o%C3%B9%20le%20footballeur%20est%20n%C3%A9%20%C3%A0%20Tres%20Coracoes%20(Br%C3%A9sil)%2C%20le%2030%20d%C3%A9cembre%202022%0Aafp.com%20-%20DOUGLAS%20MAGNO%0A02%20JAN%202023%0A%20Mise%20%C3%A0%20jour%2002.01.2023%20%C3%A0%2009%3A00%20%0APar%20Rodrigo%20ALMONACID%0A%20AFP%20%0A%C2%A9%202023%20AFP%0ALes%20Br%C3%A9siliens%20font%20leurs%20adieux%20lundi%20au%20l%C3%A9gendaire%20Pel%C3%A9%2C%20quatre%20jours%20apr%C3%A8s%20sa%20mort%20%C3%A0%20l%27%C3%A2ge%20de%2082%20ans%2C%20lors%20d%27une%20veill%C3%A9e%20publique%20de%2024%20heures%20au%20stade%20de%20la%20ville%20de%20Santos%2C%20o%C3%B9%20la%20star%20du%20ballon%20rond%20a%20forg%C3%A9%20une%20grande%20partie%20de%20sa%20l%C3%A9gende.%0A%0ALe%20cercueil%20du%20seul%20joueur%20de%20football%20%C3%A0%20avoir%20remport%C3%A9%20trois%20Coupes%20du%20monde%20(1958%2C%201962%2C%201970)%20reposera%20au%20centre%20du%20terrain%20du%20Vila%20Belmiro%20qui%20ouvrira%20ses%20portes%20%C3%A0%2010%20heures%20(13H00%20GMT)%2C%20selon%20le%20FC%20Santos%2C%20son%20club%20de%20toujours.%0A%0ATrois%20banderoles%20g%C3%A9antes%20%C3%A9taient%20visibles%20dimanche%20dans%20les%20tribunes%20de%20l%27enceinte%20de%2016.000%20places%3A%20l%27une%20montrant%20Pel%C3%A9%20de%20dos%20avec%20le%20maillot%20%2210%22%20que%20l%27ex-attaquant%20a%20immortalis%C3%A9%2C%20tandis%20que%20sur%20les%20deux%20autres%20on%20pouvait%20lire%20%22Vive%20le%20roi%22%20et%20%22Pel%C3%A9%2082%20ans%22.%0A%0AL%27entr%C3%A9e%20du%20stade%20sera%20autoris%C3%A9e%20%22sans%20interruption%22%20jusqu%27au%20mardi%20%C3%A0%2010H00%20locales%20puis%20une%20procession%20parcourra%20les%20rues%20de%20Santos%2C%20ville%20situ%C3%A9e%20%C3%A0%2075%20kilom%C3%A8tres%20au%20sud-est%20de%20Sao%20Paulo%2C%20avant%20l%27enterrement%2C%20r%C3%A9serv%C3%A9%20%C3%A0%20la%20famille.%0A%0ALe%20cort%C3%A8ge%20passera%20notamment%20devant%20la%20maison%20de%20la%20m%C3%A8re%20centenaire%20de%20l%27ex-footballeur%20Dona%20Celeste%2C%20qui%20%22ne%20sait%20pas%22%20que%20son%20fils%20est%20mort%2C%20selon%20Maria%20Lucia%20do%20Nascimento%2C%20l%27une%20des%20soeurs%20du%20d%C3%A9funt.%20%22Elle%20est%20dans%20son%20monde%22%2C%20a-t-elle%20assur%C3%A9%20vendredi%20%C3%A0%20la%20cha%C3%AEne%20ESPN.%0A%0A-%20Affluence%20attendue%20-%0A%0ALa%20mort%20du%20joueur%20de%20g%C3%A9nie%2C%20qui%20a%20marqu%C3%A9%201.283%20buts%20en%2021%20ans%20de%20carri%C3%A8re%2C%20la%20plupart%20avec%20son%20club%20de%20Santos%2C%20a%20choqu%C3%A9%20au-del%C3%A0%20du%20Br%C3%A9sil%20et%20suscit%C3%A9%20un%20tsunami%20de%20condol%C3%A9ances.%0A%0AMais%20sa%20mort%2C%20des%20suites%20d%27un%20cancer%20du%20c%C3%B4lon%20d%C3%A9tect%C3%A9%20en%20septembre%202021%2C%20n%27a%20pas%20provoqu%C3%A9%20pour%20l%27heure%20de%20manifestation%20massive%20dans%20le%20pays%3A%20l%27affluence%20%C3%A0%20l%27h%C3%B4pital%20de%20Sao%20Paulo%20o%C3%B9%20il%20s%27est%20%C3%A9teint%20entour%C3%A9%20de%20sa%20famille%20n%27a%20pas%20%C3%A9t%C3%A9%20tr%C3%A8s%20importante%2C%20tout%20comme%20au%20stade%20Vila%20Belmiro%20dans%20les%20jours%20qui%20ont%20suivi%20sa%20mort.%0A%0ALes%20raisons%20possibles%3F%20Les%20vacances%20de%20fin%20d%27ann%C3%A9e%20quand%20de%20nombreux%20Br%C3%A9siliens%20se%20rendent%20dans%20les%20stations%20baln%C3%A9aires%2C%20le%20temps%20qui%20s%27est%20%C3%A9coul%C3%A9%20(presque%20un%20demi-si%C3%A8cle)%20depuis%20que%20%22O%20Rei%22%20a%20pris%20sa%20retraite%20et%20l%27antipathie%20qu%27il%20suscite%20chez%20certains%20pour%20son%20silence%20sur%20la%20dictature%20militaire%20(1964-1985)%20et%20le%20racisme.%0A%0ALuiz%20Santos%2C%20un%20instituteur%20de%2040%20ans%2C%20est%20cependant%20convaincu%20que%20des%20milliers%20de%20personnes%20diront%20adieu%20lundi%20et%20mardi%20%C3%A0%20Santos%20%C3%A0%20%22la%20plus%20grande%20idole%20du%20Br%C3%A9sil%22%2C%20bien%20que%20de%20son%20vivant%20il%20a%20suscit%C3%A9%20moins%20de%20ferveur%20populaire%20que%20d%27autres%20ic%C3%B4nes%20br%C3%A9siliennes%20comme%20le%20pilote%20de%20F1%20Ayrton%20Senna.%0A%0A%22Je%20suis%20s%C3%BBr%20que%20beaucoup%20de%20gens%20vont%20venir%20%C3%A0%20la%20veill%C3%A9e%20fun%C3%A8bre%2C%20pas%20seulement%20des%20personnes%20%C3%A2g%C3%A9es%20qui%20l%27ont%20vu%20jouer%2C%20mais%20aussi%20des%20jeunes%22%2C%20dit%20pour%20sa%20part%20Silvio%20Neves%20Souza%2C%20%C3%A9lectricien%20de%2054%20ans%20en%20vacances%20%C3%A0%20Santos.%0A%0A-%20%22Il%20savait%22%20-%0A%0ADes%20bouquets%20de%20fleurs%20ornaient%20un%20buste%20et%20une%20statue%20de%20Pel%C3%A9%20%C3%A9rig%C3%A9s%20%C3%A0%20l%27ext%C3%A9rieur%20du%20Vila%20Belmiro%2C%20tandis%20que%20des%20banni%C3%A8res%20%C3%A0%20son%20effigie%20%C3%A9taient%20d%C3%A9ploy%C3%A9es%20dans%20un%20autre%20quartier%20de%20la%20ville%20o%C3%B9%20se%20trouve%20%C3%A9galement%20un%20monument%20%C3%A0%20sa%20m%C3%A9moire.%20%22J%27ai%20enchant%C3%A9%20le%20monde%20avec%20le%20ballon%20%C3%A0%20mes%20pieds%22%2C%20pouvait-on%20lire%20sur%20l%27une%20d%27elles.%0A%0ADans%20le%20reste%20du%20pays%2C%20des%20hommages%20%C3%A0%20sa%20m%C3%A9moire%20%C3%A9taient%20%C3%A9galement%20visibles%20comme%20sur%20l%27un%20des%20murs%20du%20si%C3%A8ge%20de%20la%20Conf%C3%A9d%C3%A9ration%20br%C3%A9silienne%20de%20football%20(CBF)%20%C3%A0%20Rio%20de%20Janeiro%2C%20o%C3%B9%20figure%20une%20image%20g%C3%A9ante%20de%20l%27ancien%20num%C3%A9ro%20%2210%22%20avec%20le%20maillot%20de%20la%20%22Sele%C3%A7ao%22%20et%20le%20mot%20%22%C3%A9ternel%22.%0A%0AUne%20minute%20de%20silence%20en%20son%20hommage%20a%20par%20ailleurs%20%C3%A9t%C3%A9%20respect%C3%A9e%20lors%20de%20l%27investiture%20du%20pr%C3%A9sident%20Luiz%20Inacio%20Lula%20da%20Silva%2C%20%C3%A0%20Brasilia.%0A%0ALa%20s%C3%A9curit%C3%A9%20a%20%C3%A9t%C3%A9%20renforc%C3%A9e%20%C3%A0%20l%27a%C3%A9roport%20de%20Congonhas%20de%20Sao%20Paulo%2C%20en%20pr%C3%A9vision%20de%20l%27arriv%C3%A9e%20de%20sportifs%2C%20hommes%20politiques%20et%20autres%20personnalit%C3%A9s%20pr%C3%A9voyant%20d%27assister%20%C3%A0%20la%20veill%C3%A9e%20fun%C3%A8bre%2C%20selon%20le%20journal%20Folha%20de%20S.%20Paulo.%0A%0AEdson%20Arantes%20do%20Nascimento%2C%20dit%20Pel%C3%A9%2C%20a%20pass%C3%A9%20un%20mois%20%C3%A0%20l%27h%C3%B4pital%20Albert%20Einstein%20de%20Sao%20Paulo%20jusqu%27%C3%A0%20sa%20mort%2C%20le%2029%20d%C3%A9cembre%2C%20des%20suites%20d%27une%20insuffisance%20r%C3%A9nale%20et%20cardiaque%2C%20d%27une%20bronchopneumonie%20et%20d%27un%20ad%C3%A9nocarcinome%20du%20c%C3%B4lon%2C%20selon%20le%20certificat%20de%20d%C3%A9c%C3%A8s%20publi%C3%A9%20par%20plusieurs%20m%C3%A9dias%20locaux.%0A%0A%22Nous%20%C3%A9tions%20avec%20lui%22%20le%2021%20d%C3%A9cembre%2C%20a%20assur%C3%A9%20sa%20s%C5%93ur%20Maria%20Lucia.%20%22Il%20%C3%A9tait%20tr%C3%A8s%20calme%2C%20on%20a%20parl%C3%A9%20un%20peu%2C%20mais%20je%20sentais%20d%C3%A9j%C3%A0%20qu%27il%20le%20sentait%2C%20il%20savait%20d%C3%A9j%C3%A0%20qu%27il%20allait%20partir%22%2C%20a-t-elle%20t%C3%A9moign%C3%A9.%0A%0A\">share<\/a><\/p>\n\n\n\n<p><a href=\"https:\/\/information.tv5monde.com\/plan-du-site\">PLAN DU SITE<\/a>&nbsp;<a href=\"https:\/\/information.tv5monde.com\/hubs\/info\">ARCHIVES INFO :<\/a>&nbsp;<a href=\"https:\/\/information.tv5monde.com\/archives-articles\/2021\">2021<\/a>&nbsp;<a href=\"https:\/\/information.tv5monde.com\/archives-articles\/2020\">2020<\/a>&nbsp;<a href=\"https:\/\/information.tv5monde.com\/archives-articles\/2019\">2019<\/a>&nbsp;<a href=\"https:\/\/information.tv5monde.com\/archives-articles\/2018\">2018<\/a>&nbsp;<a href=\"https:\/\/information.tv5monde.com\/archives-articles\/2017\">2017<\/a>&nbsp;<a href=\"https:\/\/information.tv5monde.com\/archives-articles\/2016\">2016<\/a>&nbsp;<a href=\"https:\/\/information.tv5monde.com\/archives-articles\/2015\">2015<\/a>&nbsp;<a href=\"https:\/\/information.tv5monde.com\/archives-articles\/2014\">2014<\/a>&nbsp;<a href=\"https:\/\/information.tv5monde.com\/archives-articles\/2013\">2013<\/a>&nbsp;<a href=\"https:\/\/information.tv5monde.com\/archives-articles\/2012\">2012<\/a>&nbsp;<a href=\"https:\/\/information.tv5monde.com\/archives-articles\/2011\">2011<\/a>&nbsp;<a href=\"https:\/\/information.tv5monde.com\/archives-articles\/2010\">2010<\/a>&nbsp;<a href=\"https:\/\/information.tv5monde.com\/archives-articles\/2009\">2009<\/a><\/p>\n\n\n\n<ul class=\"wp-block-list\">\n<li><a href=\"https:\/\/twitter.com\/TV5MONDE\" target=\"_blank\" rel=\"noreferrer noopener\"><\/a><\/li>\n\n\n\n<li><a href=\"https:\/\/www.facebook.com\/tv5mondeofficiel\" target=\"_blank\" rel=\"noreferrer noopener\"><\/a><\/li>\n\n\n\n<li><a href=\"https:\/\/www.youtube.com\/user\/tv5monde\" target=\"_blank\" rel=\"noreferrer noopener\"><\/a><\/li>\n\n\n\n<li><a href=\"https:\/\/www.instagram.com\/tv5monde\/\" target=\"_blank\" rel=\"noreferrer noopener\"><\/a><\/li>\n<\/ul>\n\n\n\n<ul class=\"wp-block-list\">\n<li><a href=\"https:\/\/www.tv5monde.com\/la-chaine\/a-propos\">A propos<\/a><\/li>\n\n\n\n<li><a href=\"https:\/\/www.tv5monde.com\/la-chaine\/contact\">Contact<\/a><\/li>\n\n\n\n<li><a href=\"https:\/\/www.tv5monde.com\/la-chaine\/mentions-legales\">Mentions l\u00e9gales<\/a><\/li>\n\n\n\n<li><a href=\"https:\/\/www.tv5monde.com\/la-chaine\/conditions-generales-d-utilisation\">CGU<\/a><\/li>\n\n\n\n<li><a href=\"https:\/\/www.tv5monde.com\/la-chaine\/charte-de-confidentialite\">Confidentialit\u00e9<\/a><\/li>\n\n\n\n<li><a href=\"https:\/\/www.tv5monde.com\/la-chaine\/charte-des-cookies\">Cookies<\/a><\/li>\n\n\n\n<li><a href=\"https:\/\/presse.tv5monde.com\/\">Presse<\/a><\/li>\n\n\n\n<li><a href=\"https:\/\/www.tv5monde.com\/emplois\">Offres d&#8217;emplois<\/a><\/li>\n<\/ul>\n\n\n\n<p><a href=\"http:\/\/www.tv5monde.com\/reception\/76\/FRANCE\" target=\"_blank\" rel=\"noreferrer noopener\">Recevoir TV5MONDE<\/a><\/p>\n\n\n\n<p>https:\/\/s7.addthis.com\/static\/sh.f48a1a04fe8dbf021b4cda1d.html#rand=0.6014858339877243&#038;iit=1672657514388&#038;tmr=load%3D1672657513816%26core%3D1672657513982%26main%3D1672657514366%26ifr%3D1672657514407&#038;cb=0&#038;cdn=0&#038;md=0&#038;kw=Br%C3%A9sil%2Cfoot%2Csport%2Cd%C3%A9c%C3%A8s%2Cc%C3%A9l%C3%A9brit%C3%A9s&#038;ab=-&#038;dh=information.tv5monde.com&#038;dr=https%3A%2F%2Finformation.tv5monde.com%2F&#038;du=https%3A%2F%2Finformation.tv5monde.com%2Finfo%2Fles-bresiliens-font-leurs-adieux-au-legendaire-footballeur-pele-483671&#038;href=https%3A%2F%2Finformation.tv5monde.com%2Finfo%2Fles-bresiliens-font-leurs-adieux-au-legendaire-footballeur-pele-483671&#038;dt=Les%20Br%C3%A9siliens%20font%20leurs%20adieux%20au%20l%C3%A9gendaire%20footballeur%20Pel%C3%A9&#038;dbg=0&#038;cap=tc%3D0%26ab%3D0&#038;inst=1&#038;jsl=1&#038;prod=undefined&#038;lng=fr&#038;ogt=image%2Cupdated_time%2Cdescription%2Curl%2Ctitle%2Ctype%3Darticle%2Csite_name&#038;pc=men&#038;pub=ra-54c0e3b231d1ca0a&#038;ssl=1&#038;sid=63b2ba693eb80f4f&#038;srf=0.01&#038;ver=300&#038;xck=0&#038;xtr=0&#038;og=site_name%3DTV5MONDE%26type%3Darticle%26title%3DLes%2520Br%25C3%25A9siliens%2520font%2520leurs%2520adieux%2520au%2520l%25C3%25A9gendaire%2520footballeur%2520Pel%25C3%25A9%26url%3Dhttps%253A%252F%252Finformation.tv5monde.com%252Finfo%252Fles-bresiliens-font-leurs-adieux-au-legendaire-footballeur-pele-483671%26description%3DLes%2520Br%25C3%25A9siliens%2520font%2520leurs%2520adieux%2520lundi%2520au%2520l%25C3%25A9gendaire%2520Pel%25C3%25A9%252C%2520quatre%2520jours%2520apr%25C3%25A8s%2520sa%2520mort%2520%25C3%25A0%2520l&rsquo;%25C3%25A2ge%2520de%252082%2520ans%252C%2520lors%2520d&rsquo;une%2520veill%25C3%25A9e%2520publique%2520de%252024%2520heures%2520au%2520stade%2520de%2520la%2520ville%2520de%2520Santos%252C%2520o%25C3%25B9%2520la%2520star%2520du%2520ballon%2520rond%2520a%2520forg%25C3%25A9%2520une%2520grande%2520partie%2520de%2520sa%2520l%25C3%25A9gende.Le&#8230;%26updated_time%3D2023-01-02T09%253A00%253A01%252B01%253A00%26image%3Dhttps%253A%252F%252Finformation.tv5monde.com%252Fsites%252Finfo.tv5monde.com%252Ffiles%252Ff8e92219a2a685974e257e45c1edc6bf0e0a9614.jpg&#038;csi=undefined&#038;rev=v8.28.8-wp&#038;ct=0&#038;xld=1&#038;xd=1<\/p>\n","protected":false},"excerpt":{"rendered":"<p>Les Br\u00e9siliens font leurs adieux lundi au l\u00e9gendaire Pel\u00e9, quatre jours apr\u00e8s sa mort \u00e0 l&rsquo;\u00e2ge de 82 ans, lors<\/p>\n","protected":false},"author":1,"featured_media":5527,"comment_status":"open","ping_status":"open","sticky":false,"template":"","format":"standard","meta":{"footnotes":""},"categories":[26],"tags":[],"class_list":["post-5657","post","type-post","status-publish","format-standard","has-post-thumbnail","hentry","category-fait-divers"],"_links":{"self":[{"href":"https:\/\/dekkbi.com\/index.php?rest_route=\/wp\/v2\/posts\/5657","targetHints":{"allow":["GET"]}}],"collection":[{"href":"https:\/\/dekkbi.com\/index.php?rest_route=\/wp\/v2\/posts"}],"about":[{"href":"https:\/\/dekkbi.com\/index.php?rest_route=\/wp\/v2\/types\/post"}],"author":[{"embeddable":true,"href":"https:\/\/dekkbi.com\/index.php?rest_route=\/wp\/v2\/users\/1"}],"replies":[{"embeddable":true,"href":"https:\/\/dekkbi.com\/index.php?rest_route=%2Fwp%2Fv2%2Fcomments&post=5657"}],"version-history":[{"count":1,"href":"https:\/\/dekkbi.com\/index.php?rest_route=\/wp\/v2\/posts\/5657\/revisions"}],"predecessor-version":[{"id":5658,"href":"https:\/\/dekkbi.com\/index.php?rest_route=\/wp\/v2\/posts\/5657\/revisions\/5658"}],"wp:featuredmedia":[{"embeddable":true,"href":"https:\/\/dekkbi.com\/index.php?rest_route=\/wp\/v2\/media\/5527"}],"wp:attachment":[{"href":"https:\/\/dekkbi.com\/index.php?rest_route=%2Fwp%2Fv2%2Fmedia&parent=5657"}],"wp:term":[{"taxonomy":"category","embeddable":true,"href":"https:\/\/dekkbi.com\/index.php?rest_route=%2Fwp%2Fv2%2Fcategories&post=5657"},{"taxonomy":"post_tag","embeddable":true,"href":"https:\/\/dekkbi.com\/index.php?rest_route=%2Fwp%2Fv2%2Ftags&post=5657"}],"curies":[{"name":"wp","href":"https:\/\/api.w.org\/{rel}","templated":true}]}}